{"id":26605,"date":"2022-11-13T18:48:54","date_gmt":"2022-11-13T17:48:54","guid":{"rendered":"http:\/\/info.sadowne.pl\/?p=26605"},"modified":"2022-11-13T18:48:54","modified_gmt":"2022-11-13T17:48:54","slug":"w-cieniu-bialego-orla","status":"publish","type":"post","link":"https:\/\/info.sadowne.pl\/?p=26605","title":{"rendered":"W CIENIU BIA\u0141EGO OR\u0141A\u2026"},"content":{"rendered":"<p><strong><a href=\"http:\/\/info.sadowne.pl\/wp-content\/uploads\/2022\/11\/2022.11.13.1.jpg\" target=\"_blank\" rel=\"noopener\"><img loading=\"lazy\" decoding=\"async\" class=\"alignleft wp-image-26606 size-thumbnail\" src=\"http:\/\/info.sadowne.pl\/wp-content\/uploads\/2022\/11\/2022.11.13.1-180x130.jpg\" alt=\"\" width=\"180\" height=\"130\" \/><\/a>Dzieci i nauczyciele Szko\u0142y Podstawowej w Sadownem przygotowali uroczyst\u0105 akademi\u0119, by wraz z dyrekcj\u0105, gronem pedagogicznym, rodzicami, kolegami i zaproszonymi go\u015b\u0107mi uczci\u0107 104. rocznic\u0119 Odzyskania Niepodleg\u0142o\u015bci przez Polsk\u0119. <\/strong><!--more--><\/p>\n<p>Pokaz odby\u0142 si\u0119 10 listopada w przeddzie\u0144 \u015awi\u0119ta Niepodleg\u0142o\u015bci. Swoj\u0105 obecno\u015bci\u0105 zaszczycili nas m. in. W\u00f3jt Gminy Sadowne p. Waldemar Cyran i proboszcz naszej parafii ks. Antoni Kunicki. Uroczysto\u015b\u0107 rozpocz\u0119\u0142a si\u0119 wprowadzeniem sztandaru szko\u0142y i od\u015bpiewaniem hymnu. Nast\u0119pnie wszystkich zebranych powita\u0142a dyr. szko\u0142y p. M. Koro\u015b, po czym w kr\u00f3tkim przem\u00f3wieniu podkre\u015bli\u0142a wa\u017cno\u015b\u0107 dnia 11 listopada w odniesieniu do d\u0105\u017ce\u0144 niepodleg\u0142o\u015bciowych Polak\u00f3w.<\/p>\n<p>Kolejn\u0105 atrakcj\u0105 uroczysto\u015bci by\u0142o, przedstawienie teatralne w wykonaniu uczni\u00f3w kl. V i VI. M\u0142odzi aktorzy, w kilku scenach, ukazali moment\u00a0 napa\u015bci, walki oraz\u00a0 rado\u015bci z odzyskanej i wsp\u00f3\u0142czesnej wolno\u015bci. Wys\u0142uchali\u015bmy tak\u017ce fragment\u00f3w przem\u00f3wie\u0144 \u015bw. Jana Paw\u0142a II, kt\u00f3re nawi\u0105zywa\u0142y do\u00a0 wolno\u015bci i odpowiedzialno\u015bci cz\u0142owieka za ni\u0105. Wyst\u0119puj\u0105cy, s\u0142owem i piosenk\u0105 oddali szacunek symbolom narodowym oraz wszystkim, kt\u00f3rzy walczyli o Niepodleg\u0142\u0105 Polsk\u0119.\u00a0 Graj\u0105cy uczestnicy wykazali si\u0119 scenicznym wyczuciem i umiej\u0119tno\u015bci\u0105 wsp\u00f3\u0142pracy. W \u015bwietle reflektor\u00f3w nad wyraz byli dojrzali i powa\u017cni. Opr\u00f3cz talent\u00f3w aktorskich mo\u017cna by\u0142o podziwia\u0107 uzdolnienia wokalne.<\/p>\n<p><strong>Wi\u0119cej na stronie <span style=\"color: #0000ff;\"><a style=\"color: #0000ff;\" href=\"https:\/\/spsadowne.pl\/11-listopada-2022\/\" target=\"_blank\" rel=\"noopener\">https:\/\/spsadowne.pl\/11-listopada-2022\/<\/a><\/span><\/strong><\/p>\n<p><strong>\u0179r\u00f3d\u0142o:<\/strong> <a href=\"http:\/\/www.spsadowne.pl\">www.spsadowne.pl<\/a><\/p>\n","protected":false},"excerpt":{"rendered":"<p>Dzieci i nauczyciele Szko\u0142y Podstawowej w Sadownem przygotowali uroczyst\u0105 akademi\u0119, by wraz z dyrekcj\u0105, gronem pedagogicznym, rodzicami, kolegami i zaproszonymi go\u015b\u0107mi uczci\u0107 104. rocznic\u0119 Odzyskania Niepodleg\u0142o\u015bci przez Polsk\u0119.<\/p>\n","protected":false},"author":1,"featured_media":0,"comment_status":"closed","ping_status":"closed","sticky":false,"template":"","format":"standard","meta":{"footnotes":""},"categories":[5,1752,84],"tags":[16,1628],"class_list":["post-26605","post","type-post","status-publish","format-standard","hentry","category-newsy","category-edukacja","category-szkola-podstawowa-im-cz-wycecha","tag-szkola-podstawowa-w-sadownem","tag-uroczyste-obchody-swieta-odzyskania-niepodleglosci"],"views":1920,"_links":{"self":[{"href":"https:\/\/info.sadowne.pl\/index.php?rest_route=\/wp\/v2\/posts\/26605","targetHints":{"allow":["GET"]}}],"collection":[{"href":"https:\/\/info.sadowne.pl\/index.php?rest_route=\/wp\/v2\/posts"}],"about":[{"href":"https:\/\/info.sadowne.pl\/index.php?rest_route=\/wp\/v2\/types\/post"}],"author":[{"embeddable":true,"href":"https:\/\/info.sadowne.pl\/index.php?rest_route=\/wp\/v2\/users\/1"}],"replies":[{"embeddable":true,"href":"https:\/\/info.sadowne.pl\/index.php?rest_route=%2Fwp%2Fv2%2Fcomments&post=26605"}],"version-history":[{"count":1,"href":"https:\/\/info.sadowne.pl\/index.php?rest_route=\/wp\/v2\/posts\/26605\/revisions"}],"predecessor-version":[{"id":26607,"href":"https:\/\/info.sadowne.pl\/index.php?rest_route=\/wp\/v2\/posts\/26605\/revisions\/26607"}],"wp:attachment":[{"href":"https:\/\/info.sadowne.pl\/index.php?rest_route=%2Fwp%2Fv2%2Fmedia&parent=26605"}],"wp:term":[{"taxonomy":"category","embeddable":true,"href":"https:\/\/info.sadowne.pl\/index.php?rest_route=%2Fwp%2Fv2%2Fcategories&post=26605"},{"taxonomy":"post_tag","embeddable":true,"href":"https:\/\/info.sadowne.pl\/index.php?rest_route=%2Fwp%2Fv2%2Ftags&post=26605"}],"curies":[{"name":"wp","href":"https:\/\/api.w.org\/{rel}","templated":true}]}}