{"id":26622,"date":"2022-11-16T16:31:14","date_gmt":"2022-11-16T15:31:14","guid":{"rendered":"http:\/\/info.sadowne.pl\/?p=26622"},"modified":"2022-11-16T16:31:14","modified_gmt":"2022-11-16T15:31:14","slug":"sadowianki-sadowne-dozynki-15-sierpnia-2017","status":"publish","type":"post","link":"https:\/\/info.sadowne.pl\/?p=26622","title":{"rendered":"Sadowianki &#8211; Sadowne, Do\u017cynki 15 sierpnia 2017"},"content":{"rendered":"<p><strong><a href=\"http:\/\/info.sadowne.pl\/wp-content\/uploads\/2022\/11\/sad511.jpg\"><img loading=\"lazy\" decoding=\"async\" class=\"alignleft size-full wp-image-26623\" src=\"http:\/\/info.sadowne.pl\/wp-content\/uploads\/2022\/11\/sad511.jpg\" alt=\"\" width=\"180\" height=\"150\" \/><\/a>Has\u0142o do\u017cynek: ,,Ma\u0142a pszczo\u0142a \u2013 wielka praca\u201d.\u00a0 \u00a0<\/strong><em><strong>\u00a0<\/strong>\u00a0\u00a0\u00a0\u00a0\u00a0\u00a0<\/em><!--more--><\/p>\n<p>Tradycj\u0105 jest, \u017ce pod koniec sierpnia lub na pocz\u0105tku wrze\u015bnia obchodzi si\u0119 uroczy\u015bcie \u015bwi\u0119to plon\u00f3w. Od zamierzch\u0142ych ju\u017c czas\u00f3w ka\u017cdej pracy ludzkiej w polu towarzyszy\u0142y r\u00f3\u017cnorakie zabiegi magiczne, kt\u00f3re mia\u0142y zapewni\u0107 dobry urodzaj. Obrz\u0119dy zwi\u0105zane ze zbiorem plon\u00f3w nale\u017c\u0105 do najstarszych. W dniu zako\u0144czenia \u017cniw przynoszono z pola ostatni\u0105 gar\u015b\u0107 zbo\u017ca, kt\u00f3r\u0105 przechowywano a\u017c do siew\u00f3w wiosennych.<\/p>\n<p>Z czasem pocz\u0105tkowe zwyczaje przeistoczy\u0142y si\u0119 w wi\u0119ksze widowiska obrz\u0119dowe. Zamiast gar\u015bci zbo\u017ca przynoszono odpowiednio sk\u0142adane i wite wie\u0144ce strojne w kwiaty i wst\u0105\u017cki. Uczestniczy\u0142a w tym ju\u017c wi\u0119ksza grupa ludzi \u015bpiewaj\u0105c pie\u015bni do\u017cynkowe, wyra\u017caj\u0105c rado\u015b\u0107 z zako\u0144czenia zbioru zb\u00f3\u017c.<\/p>\n<p>Tak powsta\u0142 na ziemi polskiej zwyczaj do\u017cynek.<\/p>\n<p>W Sadownem 15 sierpnia ka\u017cdego roku r\u00f3wnie\u017c obchodzimy ten zwyczaj. Przed nasz\u0105 pi\u0119kn\u0105 \u015bwi\u0105tyni\u0105 gromadz\u0105 si\u0119 mieszka\u0144cy okolicznych wiosek wraz z uwitymi wie\u0144cami. Starostami Do\u017cynek w tym roku byli <strong>Pa\u0144stwo Anna i Piotr Ogonowscy <\/strong><strong>z Morzyczyna W\u0142\u00f3ki.<\/strong><\/p>\n<p><strong><a href=\"http:\/\/info.sadowne.pl\/wp-content\/uploads\/2022\/11\/sad512.jpg\"><img loading=\"lazy\" decoding=\"async\" class=\"aligncenter size-full wp-image-26624\" src=\"http:\/\/info.sadowne.pl\/wp-content\/uploads\/2022\/11\/sad512.jpg\" alt=\"\" width=\"541\" height=\"361\" srcset=\"https:\/\/info.sadowne.pl\/wp-content\/uploads\/2022\/11\/sad512.jpg 541w, https:\/\/info.sadowne.pl\/wp-content\/uploads\/2022\/11\/sad512-300x200.jpg 300w\" sizes=\"auto, (max-width: 541px) 100vw, 541px\" \/><\/a><\/strong><strong>Proboszcz parafii Sadowne ks. Stanis\u0142aw Wojciechowski wychodzi powita\u0107 korow\u00f3d do\u017cynkowy i zaprosi\u0107 do \u015bwi\u0105tyni. <\/strong><\/p>\n<div id=\"attachment_26625\" style=\"width: 495px\" class=\"wp-caption aligncenter\"><a href=\"http:\/\/info.sadowne.pl\/wp-content\/uploads\/2022\/11\/sad513.jpg\"><img loading=\"lazy\" decoding=\"async\" aria-describedby=\"caption-attachment-26625\" class=\"wp-image-26625 size-full\" src=\"http:\/\/info.sadowne.pl\/wp-content\/uploads\/2022\/11\/sad513.jpg\" alt=\"\" width=\"485\" height=\"324\" srcset=\"https:\/\/info.sadowne.pl\/wp-content\/uploads\/2022\/11\/sad513.jpg 485w, https:\/\/info.sadowne.pl\/wp-content\/uploads\/2022\/11\/sad513-300x200.jpg 300w\" sizes=\"auto, (max-width: 485px) 100vw, 485px\" \/><\/a><p id=\"caption-attachment-26625\" class=\"wp-caption-text\">Starostowie Do\u017cynek \u2013 Pa\u0144stwo Anna i Piotr Ogonowscy<\/p><\/div>\n<p><strong> <a href=\"http:\/\/info.sadowne.pl\/wp-content\/uploads\/2022\/11\/sad514.jpg\"><img loading=\"lazy\" decoding=\"async\" class=\"aligncenter size-full wp-image-26626\" src=\"http:\/\/info.sadowne.pl\/wp-content\/uploads\/2022\/11\/sad514.jpg\" alt=\"\" width=\"481\" height=\"321\" srcset=\"https:\/\/info.sadowne.pl\/wp-content\/uploads\/2022\/11\/sad514.jpg 481w, https:\/\/info.sadowne.pl\/wp-content\/uploads\/2022\/11\/sad514-300x200.jpg 300w\" sizes=\"auto, (max-width: 481px) 100vw, 481px\" \/><\/a><\/strong><\/p>\n<p>Przed rozpocz\u0119ciem mszy \u015bw. Pani Staro\u015bcina przeczyta\u0142a pi\u0119kny wiersz do\u017cynkowy i poprosi\u0142a o celebrowanie mszy \u015bwi\u0119tej w intencji rolnik\u00f3w i wszystkich parafian.<\/p>\n<p><a href=\"http:\/\/info.sadowne.pl\/wp-content\/uploads\/2022\/11\/sad515.jpg\"><img loading=\"lazy\" decoding=\"async\" class=\"aligncenter size-full wp-image-26627\" src=\"http:\/\/info.sadowne.pl\/wp-content\/uploads\/2022\/11\/sad515.jpg\" alt=\"\" width=\"472\" height=\"315\" srcset=\"https:\/\/info.sadowne.pl\/wp-content\/uploads\/2022\/11\/sad515.jpg 472w, https:\/\/info.sadowne.pl\/wp-content\/uploads\/2022\/11\/sad515-300x200.jpg 300w\" sizes=\"auto, (max-width: 472px) 100vw, 472px\" \/><\/a><\/p>\n<p style=\"text-align: center;\"><strong>Wiersz Do\u017cynkowy<\/strong><\/p>\n<p style=\"text-align: center;\"><strong>U st\u00f3p Twych stoimy Bo\u017ce Niesko\u0144czony.<br \/>\nDzi\u0119ki Ci sk\u0142adamy za ten dar, za plony.<br \/>\nDzi\u0119ki Ci sk\u0142adamy za te z\u0142ote k\u0142osy.<br \/>\nS\u0142onko je ogrza\u0142o, wyk\u0105pa\u0142y rosy.<br \/>\nUwili\u015bmy wie\u0144ce z k\u0142os\u00f3w naszego zbo\u017ca,<br \/>\nNiech nam b\u0142ogos\u0142awi \u015awi\u0119ta Matka Bo\u017ca.<br \/>\nPrzynie\u015bli\u015bmy plony wszyscy wsp\u00f3lnie razem,<br \/>\nDzi\u0119ki Ci sk\u0142adamy przed Twoim o\u0142tarzem.<br \/>\nDzi\u0119ki Ci sk\u0142adamy, Stw\u00f3rco Nieba, Ziemi.<br \/>\nNiech Ci\u0119 wiecznie wielbi ca\u0142e ludzkie plemi\u0119.<\/strong><\/p>\n<p><strong> <a href=\"http:\/\/info.sadowne.pl\/wp-content\/uploads\/2022\/11\/sad516.jpg\"><img loading=\"lazy\" decoding=\"async\" class=\"aligncenter size-full wp-image-26628\" src=\"http:\/\/info.sadowne.pl\/wp-content\/uploads\/2022\/11\/sad516.jpg\" alt=\"\" width=\"370\" height=\"247\" srcset=\"https:\/\/info.sadowne.pl\/wp-content\/uploads\/2022\/11\/sad516.jpg 370w, https:\/\/info.sadowne.pl\/wp-content\/uploads\/2022\/11\/sad516-300x200.jpg 300w\" sizes=\"auto, (max-width: 370px) 100vw, 370px\" \/><\/a><\/strong><\/p>\n<p><strong> <a href=\"http:\/\/info.sadowne.pl\/wp-content\/uploads\/2022\/11\/sad517.jpg\"><img loading=\"lazy\" decoding=\"async\" class=\"aligncenter size-full wp-image-26629\" src=\"http:\/\/info.sadowne.pl\/wp-content\/uploads\/2022\/11\/sad517.jpg\" alt=\"\" width=\"490\" height=\"327\" srcset=\"https:\/\/info.sadowne.pl\/wp-content\/uploads\/2022\/11\/sad517.jpg 490w, https:\/\/info.sadowne.pl\/wp-content\/uploads\/2022\/11\/sad517-300x200.jpg 300w\" sizes=\"auto, (max-width: 490px) 100vw, 490px\" \/><\/a><\/strong><\/p>\n<p>Po mszy \u015bwi\u0119tej ca\u0142y korow\u00f3d ruszy\u0142 ustalon\u0105 tras\u0105 do celu, kt\u00f3rym by\u0142 Rynek Sadowie\u0144ski. Korow\u00f3d prowadzili Starostowie pani Ania i pan Piotr Ogonowscy z tradycyjnym chlebem niesionym na tacy. Tu\u017c za nimi cz\u0142onkowie zespo\u0142u Sadowianki Bogusia i Zbyszek Danaj nie\u015bli kosz z chlebkami i ca\u0142y nasz zesp\u00f3\u0142 z piosenkami do\u017cynkowymi na ustach.<\/p>\n<div id=\"attachment_26630\" style=\"width: 490px\" class=\"wp-caption aligncenter\"><a href=\"http:\/\/info.sadowne.pl\/wp-content\/uploads\/2022\/11\/sad518.jpg\"><img loading=\"lazy\" decoding=\"async\" aria-describedby=\"caption-attachment-26630\" class=\"wp-image-26630 size-full\" src=\"http:\/\/info.sadowne.pl\/wp-content\/uploads\/2022\/11\/sad518.jpg\" alt=\"\" width=\"480\" height=\"321\" srcset=\"https:\/\/info.sadowne.pl\/wp-content\/uploads\/2022\/11\/sad518.jpg 480w, https:\/\/info.sadowne.pl\/wp-content\/uploads\/2022\/11\/sad518-300x201.jpg 300w\" sizes=\"auto, (max-width: 480px) 100vw, 480px\" \/><\/a><p id=\"caption-attachment-26630\" class=\"wp-caption-text\">W tym roku SADOWIANKI przygotowa\u0142y i poprowadzi\u0142y tzw.: Obrz\u0119d Do\u017cynkowy<\/p><\/div>\n<p><span style=\"color: #0000ff;\"><strong><em>Mel. ,,Dziewcz\u0119 m\u0142ode\u201d d-moll<\/em><\/strong><\/span><\/p>\n<p><strong>Naszych ojc\u00f3w obyczajem, jak \u0142an zbo\u017ca si\u0119 k\u0142aniamy,<\/strong><\/p>\n<p><strong>\/Staropolskim pozdrowieniem dzisiaj tutaj was witamy.\/bis<\/strong><\/p>\n<p><span style=\"color: #0000ff;\"><strong>Tekst: <\/strong><\/span><\/p>\n<p><strong>Jak d\u0142uga jest droga od ziarenka do bochenka, wiedz\u0105 najlepiej tw\u00f3rcy chleba. Wyra\u017ca to te\u017c staropolska pie\u015b\u0144: ,,Kosiarze\u201d<\/strong><\/p>\n<p><span style=\"color: #ff0000;\"><strong>KOSIARZE <\/strong><strong>\u00a0\u00a0<span style=\"color: #000000;\">2\u00a0<\/span>\u00a0\u00a0\u00a0 C<\/strong><\/span><\/p>\n<p style=\"text-align: center;\"><strong>* Kosiarze stoj\u0105, stoj\u0105,<\/strong><\/p>\n<p style=\"text-align: center;\"><strong>\u00a0\u00a0 \u017bytka si\u0119 boj\u0105.<\/strong><\/p>\n<p style=\"text-align: center;\"><strong>\u00a0\u00a0\u00a0\u00a0\u00a0\u00a0\u00a0\u00a0 \/Kosiarze nie st\u00f3jcie,<\/strong><\/p>\n<p style=\"text-align: center;\"><strong>\u00a0\u00a0\u00a0\u00a0\u00a0\u00a0\u00a0\u00a0 \u017bytka si\u0119 nie b\u00f3jcie.<\/strong><\/p>\n<p style=\"text-align: center;\"><strong>Najlepiej rano z ros\u0105,<\/strong><\/p>\n<p style=\"text-align: center;\"><strong>Ci\u0105\u0107 \u017cytko kos\u0105. \/bis <\/strong><\/p>\n<p style=\"text-align: center;\"><strong>* Najlepiej rano z ros\u0105,<\/strong><\/p>\n<p style=\"text-align: center;\"><strong>\u00a0\u00a0 Ci\u0105\u0107 \u017cytko kos\u0105.<\/strong><\/p>\n<p style=\"text-align: center;\"><strong>\u00a0\u00a0\u00a0\u00a0\u00a0\u00a0\u00a0\u00a0 \/W po\u0142udnie za trudno,<\/strong><\/p>\n<p style=\"text-align: center;\"><strong>\u00a0\u00a0\u00a0\u00a0\u00a0\u00a0\u00a0\u00a0 Wieczorem za p\u00f3\u017ano.<\/strong><\/p>\n<p style=\"text-align: center;\"><strong>Najlepiej rano z ros\u0105,<\/strong><\/p>\n<p style=\"text-align: center;\"><strong>Ci\u0105\u0107 \u017cytko kos\u0105. \/ bis<\/strong><\/p>\n<p style=\"text-align: center;\"><strong>* Gdy wiatr zawieje, wieje,<\/strong><\/p>\n<p style=\"text-align: center;\"><strong>\u00a0\u00a0 Znikn\u0105 nadzieje.<\/strong><\/p>\n<p style=\"text-align: center;\"><strong>\u00a0\u00a0\u00a0\u00a0\u00a0\u00a0\u00a0\u00a0 \/I kosa stompnieje, <\/strong><\/p>\n<p style=\"text-align: center;\"><strong>\u00a0\u00a0\u00a0\u00a0\u00a0\u00a0\u00a0\u00a0 I \u017cytko stwardnieje.<\/strong><\/p>\n<p style=\"text-align: center;\"><strong>Najlepiej rano z ros\u0105,<\/strong><\/p>\n<p style=\"text-align: center;\"><strong>Ci\u0105\u0107 \u017cytko kos\u0105. \/bis<\/strong><\/p>\n<p style=\"text-align: center;\"><span style=\"color: #0000ff;\"><strong><em>Mel. ,,Na polu stoi leszczyna\u201d C-dur<\/em><\/strong><\/span><\/p>\n<p style=\"text-align: center;\"><strong>Otw\u00f3rz nam Panie pokoje\/2x<\/strong><\/p>\n<p style=\"text-align: center;\"><strong>Chleb po\u0142o\u017cymy na stole.\/2x<\/strong><\/p>\n<p style=\"text-align: center;\"><strong>\u00a0\u00a0\u00a0\u00a0\u00a0\u00a0\u00a0\u00a0 Otw\u00f3rz nam Panie ganeczek\/2x<\/strong><\/p>\n<p style=\"text-align: center;\"><strong>\u00a0\u00a0\u00a0\u00a0\u00a0\u00a0\u00a0\u00a0 Bo tu niesiemy wianeczek.\/2x<\/strong><\/p>\n<p style=\"text-align: center;\"><strong>Nie lada wianek nie lada\/2<\/strong><\/p>\n<p style=\"text-align: center;\"><strong>Bo go zrobi\u0142a gromada.\/2x<\/strong><\/p>\n<p style=\"text-align: center;\"><strong>\u00a0\u00a0\u00a0\u00a0\u00a0\u00a0\u00a0\u00a0 Dzi\u015b zwie\u0144czy\u0142 si\u0119 rolniczy trud\/2x<\/strong><\/p>\n<p style=\"text-align: center;\"><strong>\u00a0\u00a0\u00a0\u00a0\u00a0\u00a0\u00a0\u00a0 Pola sprz\u0105tni\u0119te nie ma zb\u00f3\u017c.\/2x<\/strong><\/p>\n<p><span style=\"color: #0000ff;\"><strong><em>Tekst: <\/em><\/strong><\/span><\/p>\n<p style=\"text-align: center;\"><strong>Zgodnie z polsk\u0105 tradycj\u0105 ludow\u0105 uwity wieniec powinien by\u0107 o\u015bpiewany, a wymowne s\u0142owa zawarte s\u0105 w naszej piosence:<\/strong><\/p>\n<p><strong>\u00a0<\/strong><\/p>\n<p><span style=\"color: #0000ff;\"><strong><em>Mel: ,,12 listeczk\u00f3w\u201d\u00a0\u00a0 C<\/em><\/strong><\/span><\/p>\n<p style=\"text-align: center;\"><strong>* Ten wianeczek z k\u0142os\u00f3w teraz o\u015bpiewamy,<\/strong><\/p>\n<p style=\"text-align: center;\"><strong>\/Nim gospodarzowi\/2x- w r\u0119ce go oddamy.\/bis<\/strong><\/p>\n<p style=\"text-align: center;\"><strong>* Szli\u015bmy tu przez wiosk\u0119, mijali\u015bmy chaty,<\/strong><\/p>\n<p style=\"text-align: center;\"><strong>\/Naszym gospodarzom\/2x- niesiem plon bogaty.\/bis<\/strong><\/p>\n<p style=\"text-align: center;\"><strong>* \u017bniwa zako\u0144czone, ucich\u0142o na polu,<\/strong><\/p>\n<p style=\"text-align: center;\"><strong>\/L\u017cej nam si\u0119 zrobi\u0142o\/2x- gdy zbo\u017ce w zapolu.\/bis<\/strong><\/p>\n<p style=\"text-align: center;\"><strong>* B\u0119dziemy tu \u015bpiewa\u0107 do\u017cynkowe piosnki,<\/strong><\/p>\n<p style=\"text-align: center;\"><strong>\/A\u017c echo poleci\/2x- od wioski do wioski.\/bis<\/strong><\/p>\n<p style=\"text-align: center;\"><strong>* Wczoraj pe\u0142no pracy a dzisiaj jest \u015bwi\u0119to,<\/strong><\/p>\n<p style=\"text-align: center;\"><strong>\/W polu zbo\u017ca nie ma\/2x- wszystko ju\u017c sprz\u0105tni\u0119to.\/bis<\/strong><\/p>\n<p><span style=\"color: #0000ff;\"><strong><em>Tekst: <\/em><\/strong><\/span><\/p>\n<p style=\"text-align: center;\"><strong>Zapraszamy teraz Gospodarza do\u017cynek wraz z ma\u0142\u017conk\u0105 <\/strong><strong>i te pi\u0119kne wie\u0144ce przekazujemy w godne r\u0119ce W\u0142odarza naszej gminy.\u00a0\u00a0\u00a0\u00a0\u00a0\u00a0 <\/strong><\/p>\n<p style=\"text-align: center;\"><span style=\"color: #ff0000;\"><strong><em>\/Marysia czyta tekst ,,WIENIEC\u201d\/<\/em><\/strong><\/span><\/p>\n<p><a href=\"http:\/\/info.sadowne.pl\/wp-content\/uploads\/2022\/11\/sad519.jpg\"><img loading=\"lazy\" decoding=\"async\" class=\"alignleft size-full wp-image-26631\" src=\"http:\/\/info.sadowne.pl\/wp-content\/uploads\/2022\/11\/sad519.jpg\" alt=\"\" width=\"118\" height=\"122\" \/><\/a><\/p>\n<p>&nbsp;<\/p>\n<p>&nbsp;<\/p>\n<p>&nbsp;<\/p>\n<p style=\"text-align: left;\"><strong>Wieniec <\/strong><\/p>\n<p><strong>\u00a0<\/strong><\/p>\n<p><strong>K\u0142osy naszej ziemi w do\u017cynkowym wie\u0144cu, <\/strong><\/p>\n<p><strong>ros\u0142y w ciep\u0142ym deszczu, dojrzewa\u0142y w s\u0142o\u0144cu. <\/strong><\/p>\n<p><strong>Przynosimy je dzi\u015b Gospodarzu Tobie, <\/strong><\/p>\n<p><strong>w nich nasz trud zawarty i rado\u015b\u0107 i zdrowie. <\/strong><\/p>\n<p><strong>Przyjmij te k\u0142osy z\u0142ote wraz z gor\u0105cym sercem, <\/strong><\/p>\n<p><strong>kt\u00f3re Ci dajemy z do\u017cynkowym wie\u0144cem. <\/strong><\/p>\n<p><strong>Ten zbo\u017cowy wieniec dzi\u015b przekazujemy <\/strong><\/p>\n<p><strong>i szcz\u0119\u015bliwego \u017cycia z serca winszujemy.<\/strong><\/p>\n<p><strong><em><span style=\"color: #0000ff;\">Tekst:<\/span> <\/em><\/strong><strong>Zapraszamy Staro\u015bcin\u0119 i Starost\u0119 do z\u0142o\u017cenia daru chleba<\/strong><\/p>\n<p><strong>\u00a0i kwiat\u00f3w \/zi\u00f3\u0142\/ oraz wys\u0142uchanie okoliczno\u015bciowej przy\u015bpiewki.<\/strong><\/p>\n<p><strong><em>\u00a0<span style=\"color: #0000ff;\">Mel: ,,W zielonym gaiku jele\u0144 wod\u0119 pije:\u00a0 C-dur<\/span><\/em><\/strong><\/p>\n<ul>\n<li><strong>A nasz pan Starosta niesie bochen chleba,<\/strong><\/li>\n<\/ul>\n<p><strong>\/Bo on wie najlepiej\/2x- co ludziom potrzeba.<\/strong><\/p>\n<ul>\n<li><strong>A z bukietem kwiat\u00f3w Staro\u015bcina spieszy,<\/strong><\/li>\n<\/ul>\n<p><strong>\/By si\u0119 nasz Gospodarz\/2x- z takich dar\u00f3w cieszy\u0142.<\/strong><\/p>\n<ul>\n<li><strong>W imieniu rolnik\u00f3w dajemy dar Bo\u017cy,<\/strong><\/li>\n<\/ul>\n<p><strong>\/Krzy\u017c i poca\u0142unek\/2x- niech Gospodarz z\u0142o\u017cy.<\/strong><\/p>\n<p><span style=\"color: #ff0000;\"><strong><em>\/Staro\u015bcina czyta tekst o podaniu chleba, nast\u0119pnie wr\u0119cza kwiaty ma\u0142\u017conce p. W\u00f3jta, a Starosta wr\u0119cza chleb p. W\u00f3jtowi\/<\/em><\/strong><\/span><\/p>\n<p><strong><em><a href=\"http:\/\/info.sadowne.pl\/wp-content\/uploads\/2022\/11\/sad520.jpg\"><img loading=\"lazy\" decoding=\"async\" class=\"alignleft size-full wp-image-26632\" src=\"http:\/\/info.sadowne.pl\/wp-content\/uploads\/2022\/11\/sad520.jpg\" alt=\"\" width=\"202\" height=\"155\" \/><\/a><\/em><\/strong><\/p>\n<p>&nbsp;<\/p>\n<p>&nbsp;<\/p>\n<p>&nbsp;<\/p>\n<p>&nbsp;<\/p>\n<p>&nbsp;<\/p>\n<p style=\"text-align: center;\"><span style=\"color: #99cc00;\"><strong><em>Podanie chleba <\/em><\/strong><strong><em>Gospodarzowi do\u017cynek <\/em><\/strong><\/span><\/p>\n<p><strong>Przyjmij Gospodarzu chleb z tej naszej ziemi.<\/strong><\/p>\n<p><strong>Tobie nasz W\u0142odarzu powierzy\u0107 go chcemy. <\/strong><\/p>\n<p><strong>Wraz z tym bochnem z\u0142otym przyjmij serca nasze. <\/strong><\/p>\n<p><strong>Dodamy do\u0144 jeszcze pie\u015bni na okras\u0119. <\/strong><\/p>\n<p><strong>Dziel, wi\u0119c sprawiedliwie ten bochenek du\u017cy, <\/strong><\/p>\n<p><strong>\u017ceby ka\u017cdy dosta\u0142 na ile zas\u0142u\u017cy\u0142.<\/strong><\/p>\n<div id=\"attachment_26633\" style=\"width: 482px\" class=\"wp-caption aligncenter\"><a href=\"http:\/\/info.sadowne.pl\/wp-content\/uploads\/2022\/11\/sad521.jpg\"><img loading=\"lazy\" decoding=\"async\" aria-describedby=\"caption-attachment-26633\" class=\"wp-image-26633 size-full\" src=\"http:\/\/info.sadowne.pl\/wp-content\/uploads\/2022\/11\/sad521.jpg\" alt=\"\" width=\"472\" height=\"315\" srcset=\"https:\/\/info.sadowne.pl\/wp-content\/uploads\/2022\/11\/sad521.jpg 472w, https:\/\/info.sadowne.pl\/wp-content\/uploads\/2022\/11\/sad521-300x200.jpg 300w\" sizes=\"auto, (max-width: 472px) 100vw, 472px\" \/><\/a><p id=\"caption-attachment-26633\" class=\"wp-caption-text\">Przekazanie do\u017cynkowego chleba<\/p><\/div>\n<p style=\"text-align: center;\"><em>\u00a0\u00a0\u00a0\u00a0\u00a0\u00a0<span style=\"color: #ff0000;\"> <strong>\/Pan W\u00f3jt czyni znak krzy\u017ca na chlebie, ca\u0142uje chleb, podnosi do g\u00f3ry pokazuj\u0105c zebranym ten dar Bo\u017cy i k\u0142adzie na stoliku, poniewa\u017c idzie do ta\u0144ca \u017cniwnego\/<\/strong><\/span><\/em><\/p>\n<p><strong> <a href=\"http:\/\/info.sadowne.pl\/wp-content\/uploads\/2022\/11\/sad522.jpg\"><img loading=\"lazy\" decoding=\"async\" class=\"aligncenter size-full wp-image-26634\" src=\"http:\/\/info.sadowne.pl\/wp-content\/uploads\/2022\/11\/sad522.jpg\" alt=\"\" width=\"503\" height=\"336\" srcset=\"https:\/\/info.sadowne.pl\/wp-content\/uploads\/2022\/11\/sad522.jpg 503w, https:\/\/info.sadowne.pl\/wp-content\/uploads\/2022\/11\/sad522-300x200.jpg 300w\" sizes=\"auto, (max-width: 503px) 100vw, 503px\" \/><\/a><\/strong><\/p>\n<p><span style=\"color: #0000ff;\"><strong><em>Tekst: <\/em><\/strong><\/span><strong>Zapraszamy teraz do ta\u0144ca \u017cniwnego\/np.\/:.Pana W\u00f3jta z ma\u0142\u017conk\u0105, przyby\u0142ych Go\u015bci \u2026<\/strong><\/p>\n<p><strong><a href=\"http:\/\/info.sadowne.pl\/wp-content\/uploads\/2022\/11\/sad523.jpg\"><img loading=\"lazy\" decoding=\"async\" class=\"aligncenter size-full wp-image-26635\" src=\"http:\/\/info.sadowne.pl\/wp-content\/uploads\/2022\/11\/sad523.jpg\" alt=\"\" width=\"477\" height=\"319\" srcset=\"https:\/\/info.sadowne.pl\/wp-content\/uploads\/2022\/11\/sad523.jpg 477w, https:\/\/info.sadowne.pl\/wp-content\/uploads\/2022\/11\/sad523-300x201.jpg 300w\" sizes=\"auto, (max-width: 477px) 100vw, 477px\" \/><\/a>\u00a0<\/strong><\/p>\n<p style=\"text-align: center;\"><span style=\"color: #ff0000;\"><strong><em>\/Wszyscy pl\u0105saj\u0105 przy wie\u0144cu.\/<\/em><\/strong><\/span><\/p>\n<p><span style=\"color: #0000ff;\"><strong><em>Mel: ,,W zielonym gaiku jele\u0144 wod\u0119 pije\u201d\u00a0 C-dur<\/em><\/strong><\/span><\/p>\n<p style=\"text-align: center;\"><strong>* Potocz si\u0119 wianeczku, ty r\u00f3\u017cany kwiecie,<\/strong><\/p>\n<p style=\"text-align: center;\"><strong>\/\/\u017beby m\u0142odych ludzi\/2x<\/strong><\/p>\n<p style=\"text-align: center;\"><strong>By\u0142o na tym \u015bwiecie.\/bis<\/strong><\/p>\n<p style=\"text-align: center;\"><strong>* Potocz si\u0119 wianeczku a ko\u0142em, a ko\u0142em,<\/strong><\/p>\n<p style=\"text-align: center;\"><strong>\u00a0\u00a0 \/\/Po calutkim \u015bwiecie\/2x<\/strong><\/p>\n<p style=\"text-align: center;\"><strong>\u00a0\u00a0 Pokojem, pokojem.\/bis<\/strong><\/p>\n<p style=\"text-align: center;\"><strong>* Potocz si\u0119 wianeczku w cztery strony \u015bwiata,<\/strong><\/p>\n<p style=\"text-align: center;\"><strong>\u00a0\u00a0 \/\/Z chlebem i piosenk\u0105\/2x<\/strong><\/p>\n<p style=\"text-align: center;\"><strong>\u00a0\u00a0 Od brata do brata.\/bis<\/strong><\/p>\n<p style=\"text-align: center;\"><strong>* A s\u0105 ci tu jeszcze mo\u015bci Gospodarze,<\/strong><\/p>\n<p style=\"text-align: center;\"><strong>\u00a0\u00a0 \/\/Dajemy im wieniec\/2x<\/strong><\/p>\n<p style=\"text-align: center;\"><strong>\u00a0\u00a0 W tym serdecznym darze.\/bis\u00a0\u00a0 <\/strong><\/p>\n<p><span style=\"color: #0000ff;\"><strong><em>Mel: ,,Zachod\u017a\u017ce s\u0142oneczko, skoro masz\u2026\u201d<\/em><\/strong><\/span><strong><span style=\"color: #0000ff;\">\u00a0\u00a0\u00a0 E -dur\u00a0 \u00a0\u00a0\u00a0\u00a0\u00a0\u00a0\u00a0<\/span>\u00a0\u00a0\u00a0\u00a0\u00a0\u00a0\u00a0\u00a0\u00a0\u00a0\u00a0\u00a0\u00a0\u00a0\u00a0\u00a0\u00a0\u00a0\u00a0\u00a0\u00a0\u00a0\u00a0\u00a0\u00a0\u00a0\u00a0\u00a0\u00a0\u00a0\u00a0\u00a0\u00a0\u00a0\u00a0\u00a0\u00a0\u00a0\u00a0\u00a0\u00a0\u00a0\u00a0\u00a0\u00a0\u00a0\u00a0\u00a0 \u00a0\u00a0\u00a0\u00a0\u00a0\u00a0\u00a0\u00a0\u00a0\u00a0\u00a0\u00a0\u00a0\u00a0\u00a0\u00a0\u00a0\u00a0\u00a0\u00a0\u00a0\u00a0\u00a0\u00a0\u00a0\u00a0\u00a0\u00a0\u00a0\u00a0\u00a0\u00a0\u00a0\u00a0\u00a0\u00a0\u00a0\u00a0\u00a0\u00a0\u00a0\u00a0\u00a0\u00a0\u00a0\u00a0 <\/strong><strong>\u00a0<\/strong><\/p>\n<p><strong>\u00a0\u017bNIWIARECZKO MI\u0141A\u00a0\u00a0 <\/strong><\/p>\n<p><span style=\"color: #0000ff;\"><strong>M <\/strong><\/span><strong>\u2013 \u017bniwiareczko mi\u0142a, co\u015b w polu robi\u0142a?<\/strong><\/p>\n<p><span style=\"color: #ff0000;\"><strong>K<\/strong><\/span><strong> \u2013 \/Powi\u0105za\u0142am snopki, ustawi\u0142am kopki.\/bis<\/strong><\/p>\n<p><span style=\"color: #0000ff;\"><strong>M <\/strong><\/span><strong>\u2013 \u017bniwiareczko ma\u0142a, czy\u015b k\u0142osy zebra\u0142a?<\/strong><\/p>\n<p><span style=\"color: #ff0000;\"><strong>K<\/strong><\/span><strong> \u2013 \/K\u0142osy pozbiera\u0142am do kopy schowa\u0142am.\/bis<\/strong><\/p>\n<p><span style=\"color: #0000ff;\"><strong>M<\/strong><\/span><strong> \u2013 \u017bniwiareczko mi\u0142a, czy\u015b \u017cniwa sko\u0144czy\u0142a?<\/strong><\/p>\n<p><span style=\"color: #ff0000;\"><strong>K<\/strong><\/span><strong> \u2013 \/\u017bniwa ju\u017c sko\u0144czy\u0142am, zbo\u017ce wym\u0142\u00f3ci\u0142am\/bi\u00a0\u00a0\u00a0 <\/strong><\/p>\n<p><span style=\"color: #0000ff;\"><strong>M<\/strong><\/span><strong> \u2013 \u017bniwiareczko ma\u0142a, czy b\u0119dziesz chleb mia\u0142a?<\/strong><\/p>\n<p><span style=\"color: #ff0000;\"><strong>K<\/strong><\/span><strong> \u2013 \/B\u0119d\u0119 chlebek mia\u0142a i ludziom dawa\u0142a.\/bis<\/strong><\/p>\n<p><strong>\u00a0\u00a0\u00a0\u00a0 <span style=\"color: #0000ff;\">Tekst:\u00a0<\/span>\u00a0\u00a0 Gdy ju\u017c chleba si\u0119 najemy,<\/strong><\/p>\n<p><strong>\u00a0\u00a0\u00a0\u00a0\u00a0\u00a0\u00a0\u00a0\u00a0\u00a0\u00a0\u00a0\u00a0\u00a0\u00a0\u00a0 Lepsz\u0105 Polsk\u0119 zbudujemy.<\/strong><\/p>\n<p><strong>\u00a0\u00a0\u00a0\u00a0\u00a0\u00a0\u00a0\u00a0\u00a0\u00a0\u00a0\u00a0\u00a0\u00a0\u00a0\u00a0 W ka\u017cdym domu bochen chleba,<\/strong><\/p>\n<p><strong>\u00a0\u00a0\u00a0\u00a0\u00a0\u00a0\u00a0\u00a0\u00a0\u00a0\u00a0\u00a0\u00a0\u00a0\u00a0\u00a0 Aby posz\u0142a od nas bieda.<\/strong><\/p>\n<p><strong>\u00a0\u00a0\u00a0\u00a0\u00a0\u00a0\u00a0\u00a0 Niech nam \u017cyje rolnik drogi,<\/strong><\/p>\n<p><strong>\u00a0\u00a0\u00a0\u00a0\u00a0\u00a0\u00a0\u00a0 Bo bez niego kraj ubogi.<\/strong><\/p>\n<p><strong>\u00a0\u00a0\u00a0\u00a0\u00a0\u00a0\u00a0\u00a0 Niech nam orze, niech nam sieje,<\/strong><\/p>\n<p><strong>\u00a0\u00a0\u00a0\u00a0\u00a0\u00a0\u00a0\u00a0 Niech si\u0119 w Polsce dobrze dzieje.<\/strong><\/p>\n<p><strong>Rolnikowi cze\u015b\u0107 oddajmy,<\/strong><\/p>\n<p><strong>Sto lat razem za\u015bpiewajmy,<\/strong><\/p>\n<p><strong>\u017beby w polu i w ogrodzie,<\/strong><\/p>\n<p><strong>Czu\u0142 si\u0119 panem daj to Bo\u017ce.<\/strong><\/p>\n<p><strong><em><span style=\"color: #ff0000;\">\u015apiew:<\/span><\/em><\/strong><strong><span style=\"color: #ff0000;\">\u00a0<\/span>\u00a0\u00a0\u00a0\u00a0\u00a0\u00a0 \/Sto lat, sto lat, sto lat, sto lat<\/strong><\/p>\n<p><strong>\u00a0 \u00a0 \u00a0 \u00a0 \u00a0 \u00a0 \u00a0 \u00a0 \u00a0 \u00a0 \u00a0 Niechaj \u017cyje nam.\/bis<\/strong><\/p>\n<p><span style=\"color: #ff0000;\"><strong>D-dur<\/strong><\/span><strong><span style=\"color: #ff0000;\">\u00a0<\/span>\u00a0 \u00a0 \u00a0 \u00a0 \u00a0Niech \u017cyje nam rolniczy stan<\/strong><\/p>\n<p><strong>\u00a0 \u00a0 \u00a0 \u00a0 \u00a0 \u00a0 \u00a0 \u00a0 \u00a0 \u00a0 \u00a0 Sto lat, sto lat, sto lat, sto lat,<\/strong><\/p>\n<p><strong>\u00a0 \u00a0 \u00a0 \u00a0 \u00a0 \u00a0 \u00a0 \u00a0 \u00a0 \u00a0 \u00a0 Niechaj \u017cyje nam.<\/strong><\/p>\n<div id=\"attachment_26636\" style=\"width: 465px\" class=\"wp-caption aligncenter\"><a href=\"http:\/\/info.sadowne.pl\/wp-content\/uploads\/2022\/11\/sad524.jpg\"><img loading=\"lazy\" decoding=\"async\" aria-describedby=\"caption-attachment-26636\" class=\"wp-image-26636 size-full\" src=\"http:\/\/info.sadowne.pl\/wp-content\/uploads\/2022\/11\/sad524.jpg\" alt=\"\" width=\"455\" height=\"304\" srcset=\"https:\/\/info.sadowne.pl\/wp-content\/uploads\/2022\/11\/sad524.jpg 455w, https:\/\/info.sadowne.pl\/wp-content\/uploads\/2022\/11\/sad524-300x200.jpg 300w\" sizes=\"auto, (max-width: 455px) 100vw, 455px\" \/><\/a><p id=\"caption-attachment-26636\" class=\"wp-caption-text\">Dzielenie si\u0119 chlebem: W\u00f3jt Gminy Sadowne, p. Waldemar Cyran z ma\u0142\u017conk\u0105 Katarzyn\u0105 i Starostowie Do\u017cynek p. Anna i Piotr Ogonowscy<\/p><\/div>\n<p>Po oficjalnym powitaniu r\u00f3wnie\u017c publiczno\u015b\u0107 mia\u0142a okazj\u0119 podzieli\u0107 si\u0119 symbolicznie z W\u00f3jtem Gminy Sadowne p. Waldemarem Cyranem, jego ma\u0142\u017conk\u0105 oraz Starostami Do\u017cynek p. Ani\u0105 i Piotrem Ogonowskimi chlebem upieczonym z tegorocznych zbior\u00f3w zb\u00f3\u017c.<\/p>\n<p><a href=\"http:\/\/info.sadowne.pl\/wp-content\/uploads\/2022\/11\/sad525.jpg\"><img loading=\"lazy\" decoding=\"async\" class=\"alignleft size-full wp-image-26637\" src=\"http:\/\/info.sadowne.pl\/wp-content\/uploads\/2022\/11\/sad525.jpg\" alt=\"\" width=\"255\" height=\"171\" \/><\/a><a href=\"http:\/\/info.sadowne.pl\/wp-content\/uploads\/2022\/11\/sad526.jpg\"><img loading=\"lazy\" decoding=\"async\" class=\"alignright size-full wp-image-26638\" src=\"http:\/\/info.sadowne.pl\/wp-content\/uploads\/2022\/11\/sad526.jpg\" alt=\"\" width=\"255\" height=\"171\" \/><\/a><\/p>\n<p>&nbsp;<\/p>\n<p>&nbsp;<\/p>\n<p>&nbsp;<\/p>\n<p>&nbsp;<\/p>\n<p>&nbsp;<\/p>\n<p>&nbsp;<\/p>\n<p>&nbsp;<\/p>\n<p style=\"text-align: center;\">Dzielenie si\u0119 chlebem z przyby\u0142ymi go\u015b\u0107mi i publiczno\u015bci\u0105.<\/p>\n<p>Na uroczysto\u015b\u0107 przybyli: <strong>p. El\u017cbieta Lanc <\/strong>&#8211; Cz\u0142onek Zarz\u0105du Wojew\u00f3dztwa Mazowieckiego, <strong>p. Krzysztof Fedorczyk<\/strong>&#8211; Starosta Powiatu W\u0119growskiego, p. <strong>Mieczys\u0142aw W\u00f3jcik<\/strong>&#8211; W\u00f3jt Gminy Stoczek, <strong>p. Andrzej Rostek <\/strong>&#8211; Prezes Zwi\u0105zku Pszczelarzy Powiatu W\u0119growskiego, <strong>p. Andrzej Kruszewski <\/strong>&#8211; Cz\u0142onek Zarz\u0105du Powiatu, <strong>ks. Stanis\u0142aw Wojciechowski <\/strong>&#8211; Proboszcz Parafii Sadowne, <strong>ks. Tomasz Duszkiewicz <\/strong>&#8211; Kapelan Las\u00f3w Pa\u0144stwowych.<\/p>\n<p><a href=\"http:\/\/info.sadowne.pl\/wp-content\/uploads\/2022\/11\/sad527.jpg\"><img loading=\"lazy\" decoding=\"async\" class=\"alignleft size-full wp-image-26640\" src=\"http:\/\/info.sadowne.pl\/wp-content\/uploads\/2022\/11\/sad527.jpg\" alt=\"\" width=\"255\" height=\"171\" \/><\/a><a href=\"http:\/\/info.sadowne.pl\/wp-content\/uploads\/2022\/11\/sad528.jpg\"><img loading=\"lazy\" decoding=\"async\" class=\"alignright size-full wp-image-26641\" src=\"http:\/\/info.sadowne.pl\/wp-content\/uploads\/2022\/11\/sad528.jpg\" alt=\"\" width=\"255\" height=\"171\" \/><\/a><\/p>\n<p>&nbsp;<\/p>\n<p>&nbsp;<\/p>\n<p>&nbsp;<\/p>\n<p>&nbsp;<\/p>\n<p>&nbsp;<\/p>\n<p>&nbsp;<\/p>\n<p style=\"text-align: center;\">Uroczysto\u015b\u0107 by\u0142a te\u017c okazj\u0105 do przekazania podzi\u0119kowa\u0144 i wyr\u00f3\u017cnie\u0144 lokalnej grupie pszczelarzy.<\/p>\n<p><a href=\"http:\/\/info.sadowne.pl\/wp-content\/uploads\/2022\/11\/sad529.jpg\"><img loading=\"lazy\" decoding=\"async\" class=\"aligncenter size-full wp-image-26642\" src=\"http:\/\/info.sadowne.pl\/wp-content\/uploads\/2022\/11\/sad529.jpg\" alt=\"\" width=\"524\" height=\"350\" srcset=\"https:\/\/info.sadowne.pl\/wp-content\/uploads\/2022\/11\/sad529.jpg 524w, https:\/\/info.sadowne.pl\/wp-content\/uploads\/2022\/11\/sad529-300x200.jpg 300w\" sizes=\"auto, (max-width: 524px) 100vw, 524px\" \/><\/a><\/p>\n<p style=\"text-align: center;\">W drugiej cz\u0119\u015bci uroczysto\u015bci za\u015bpiewa\u0142y zespo\u0142y: <strong>SADOWIANKI<\/strong> z Sadownego<\/p>\n<p><a href=\"http:\/\/info.sadowne.pl\/wp-content\/uploads\/2022\/11\/sad530.jpg\"><img loading=\"lazy\" decoding=\"async\" class=\"alignleft size-full wp-image-26643\" src=\"http:\/\/info.sadowne.pl\/wp-content\/uploads\/2022\/11\/sad530.jpg\" alt=\"\" width=\"255\" height=\"171\" \/><\/a><a href=\"http:\/\/info.sadowne.pl\/wp-content\/uploads\/2022\/11\/sad531.jpg\"><img loading=\"lazy\" decoding=\"async\" class=\"alignright size-full wp-image-26644\" src=\"http:\/\/info.sadowne.pl\/wp-content\/uploads\/2022\/11\/sad531.jpg\" alt=\"\" width=\"247\" height=\"172\" \/><\/a><\/p>\n<p>&nbsp;<\/p>\n<p>&nbsp;<\/p>\n<p>&nbsp;<\/p>\n<p>&nbsp;<\/p>\n<p>&nbsp;<\/p>\n<p>&nbsp;<\/p>\n<p style=\"text-align: center;\"><strong>MA\u0141KINIANKA<\/strong> z Ma\u0142kini G\u00f3rnej i <strong>Z\u0141OTE LATA<\/strong> z Soko\u0142owa Podlaskiego<\/p>\n<p>Oceniono r\u00f3wnie\u017c do\u017cynkowe wie\u0144ce:<\/p>\n<p><strong>I miejsce &#8211; Grabiny, <\/strong><\/p>\n<p><strong>II \u2013 P\u0142atkownca, <\/strong><\/p>\n<p><strong>III \u2013 Sojk\u00f3wek, <\/strong><\/p>\n<p><strong>Wyr\u00f3\u017cnienia: Morzyczyn W\u0142\u00f3ki, Morzyczyn W\u0142o\u015bcia\u0144ski i Wilczog\u0119by.<\/strong><\/p>\n<p><a href=\"http:\/\/info.sadowne.pl\/wp-content\/uploads\/2022\/11\/sad532.jpg\"><img loading=\"lazy\" decoding=\"async\" class=\"alignleft size-full wp-image-26645\" src=\"http:\/\/info.sadowne.pl\/wp-content\/uploads\/2022\/11\/sad532.jpg\" alt=\"\" width=\"283\" height=\"398\" srcset=\"https:\/\/info.sadowne.pl\/wp-content\/uploads\/2022\/11\/sad532.jpg 283w, https:\/\/info.sadowne.pl\/wp-content\/uploads\/2022\/11\/sad532-213x300.jpg 213w\" sizes=\"auto, (max-width: 283px) 100vw, 283px\" \/><\/a><a href=\"http:\/\/info.sadowne.pl\/wp-content\/uploads\/2022\/11\/sad533.jpg\"><img loading=\"lazy\" decoding=\"async\" class=\"alignright size-full wp-image-26646\" src=\"http:\/\/info.sadowne.pl\/wp-content\/uploads\/2022\/11\/sad533.jpg\" alt=\"\" width=\"265\" height=\"397\" srcset=\"https:\/\/info.sadowne.pl\/wp-content\/uploads\/2022\/11\/sad533.jpg 265w, https:\/\/info.sadowne.pl\/wp-content\/uploads\/2022\/11\/sad533-200x300.jpg 200w\" sizes=\"auto, (max-width: 265px) 100vw, 265px\" \/><\/a><\/p>\n<p>&nbsp;<\/p>\n<p>&nbsp;<\/p>\n<p>&nbsp;<\/p>\n<p>&nbsp;<\/p>\n<p>&nbsp;<\/p>\n<p>&nbsp;<\/p>\n<p>&nbsp;<\/p>\n<p>&nbsp;<\/p>\n<p>&nbsp;<\/p>\n<p>&nbsp;<\/p>\n<p>&nbsp;<\/p>\n<p>&nbsp;<\/p>\n<p style=\"text-align: center;\">Bogusia Danaj odbiera z r\u0105k p. w\u00f3jta podzi\u0119kowanie.<\/p>\n<p>&nbsp;<\/p>\n<p style=\"text-align: center;\">\u00a0Wszyscy uczestnicy otrzymali z r\u0105k W\u00f3jta Gminy p. Waldemara Cyrana podzi\u0119kowania za<\/p>\n<p style=\"text-align: center;\">\u00a0\u00a0\u00a0\u00a0\u00a0\u00a0\u00a0\u00a0 <strong>\u00a0 <span style=\"color: #99cc00;\">Udzia\u0142 w Do\u017cynkach Gminno-Parafialnych pod has\u0142em <\/span><\/strong><\/p>\n<p style=\"text-align: center;\"><strong><span style=\"color: #99cc00;\">,,Ma\u0142a pszczo\u0142a \u2013 wielka praca\u201d<\/span>.<\/strong><\/p>\n<p style=\"text-align: center;\"><strong>\u00a0<\/strong><\/p>\n<p style=\"text-align: center;\"><strong><em>Sadowne, dnia 15 sierpnia 2017 roku<\/em><\/strong><\/p>\n<p><strong><em>\u00a0\u00a0 <a href=\"http:\/\/info.sadowne.pl\/wp-content\/uploads\/2022\/11\/sad534.jpg\"><img loading=\"lazy\" decoding=\"async\" class=\"aligncenter size-full wp-image-26647\" src=\"http:\/\/info.sadowne.pl\/wp-content\/uploads\/2022\/11\/sad534.jpg\" alt=\"\" width=\"119\" height=\"131\" \/><\/a>\u00a0\u00a0\u00a0\u00a0\u00a0 \u00a0\u00a0\u00a0\u00a0\u00a0\u00a0\u00a0\u00a0\u00a0\u00a0\u00a0\u00a0\u00a0\u00a0\u00a0\u00a0\u00a0\u00a0\u00a0\u00a0\u00a0\u00a0\u00a0\u00a0\u00a0\u00a0\u00a0\u00a0\u00a0\u00a0\u00a0\u00a0\u00a0\u00a0\u00a0\u00a0\u00a0<\/em><\/strong><\/p>\n<p><strong>\u0179r\u00f3d\u0142o:<\/strong>\u00a0SADOWIANKI, Barbara Wr\u00f3bel, Sadowne 2022<\/p>\n<p>&nbsp;<\/p>\n","protected":false},"excerpt":{"rendered":"<p>Has\u0142o do\u017cynek: ,,Ma\u0142a pszczo\u0142a \u2013 wielka praca\u201d.\u00a0 \u00a0\u00a0\u00a0\u00a0\u00a0\u00a0\u00a0\u00a0<\/p>\n","protected":false},"author":1,"featured_media":0,"comment_status":"closed","ping_status":"closed","sticky":false,"template":"","format":"standard","meta":{"footnotes":""},"categories":[5,31,1202],"tags":[1218,101,960],"class_list":["post-26622","post","type-post","status-publish","format-standard","hentry","category-newsy","category-historia-gminy","category-zespol-spiewaczy-sadowianki","tag-barbara-wrobel","tag-historia-gminy-sadowne","tag-zespol-spiewaczy-sadowianki"],"views":1738,"_links":{"self":[{"href":"https:\/\/info.sadowne.pl\/index.php?rest_route=\/wp\/v2\/posts\/26622","targetHints":{"allow":["GET"]}}],"collection":[{"href":"https:\/\/info.sadowne.pl\/index.php?rest_route=\/wp\/v2\/posts"}],"about":[{"href":"https:\/\/info.sadowne.pl\/index.php?rest_route=\/wp\/v2\/types\/post"}],"author":[{"embeddable":true,"href":"https:\/\/info.sadowne.pl\/index.php?rest_route=\/wp\/v2\/users\/1"}],"replies":[{"embeddable":true,"href":"https:\/\/info.sadowne.pl\/index.php?rest_route=%2Fwp%2Fv2%2Fcomments&post=26622"}],"version-history":[{"count":3,"href":"https:\/\/info.sadowne.pl\/index.php?rest_route=\/wp\/v2\/posts\/26622\/revisions"}],"predecessor-version":[{"id":26649,"href":"https:\/\/info.sadowne.pl\/index.php?rest_route=\/wp\/v2\/posts\/26622\/revisions\/26649"}],"wp:attachment":[{"href":"https:\/\/info.sadowne.pl\/index.php?rest_route=%2Fwp%2Fv2%2Fmedia&parent=26622"}],"wp:term":[{"taxonomy":"category","embeddable":true,"href":"https:\/\/info.sadowne.pl\/index.php?rest_route=%2Fwp%2Fv2%2Fcategories&post=26622"},{"taxonomy":"post_tag","embeddable":true,"href":"https:\/\/info.sadowne.pl\/index.php?rest_route=%2Fwp%2Fv2%2Ftags&post=26622"}],"curies":[{"name":"wp","href":"https:\/\/api.w.org\/{rel}","templated":true}]}}