{"id":26656,"date":"2022-11-17T16:16:13","date_gmt":"2022-11-17T15:16:13","guid":{"rendered":"http:\/\/info.sadowne.pl\/?p=26656"},"modified":"2022-11-17T16:16:13","modified_gmt":"2022-11-17T15:16:13","slug":"o-krok-od-edenu-1939-1941","status":"publish","type":"post","link":"https:\/\/info.sadowne.pl\/?p=26656","title":{"rendered":"O KROK OD EDENU 1939-1941"},"content":{"rendered":"<p><strong><a href=\"http:\/\/info.sadowne.pl\/wp-content\/uploads\/2022\/11\/Brok102.jpg\" target=\"_blank\" rel=\"noopener\"><img loading=\"lazy\" decoding=\"async\" class=\"alignleft wp-image-26657 size-thumbnail\" src=\"http:\/\/info.sadowne.pl\/wp-content\/uploads\/2022\/11\/Brok102-180x130.jpg\" alt=\"\" width=\"180\" height=\"130\" \/><\/a>15 wrze\u015bnia 1939 r. Sztab Frontu Bia\u0142oruskiego Armii Czerwonej wyda\u0142 rozkaz bojowy numer 01:<\/strong><!--more--><\/p>\n<ol>\n<li>Narody bia\u0142oruski, ukrai\u0144ski i polski krwawi\u0105 w wojnie, wszcz\u0119tej z Niemcami przez obszarniczo-kapitalistyczn\u0105 klik\u0119 rz\u0105dz\u0105c\u0105 Polsk\u0105. Robotnicy i ch\u0142opi Bia\u0142orusi, Ukrainy i Polski powstali do walki ze swymi odwiecznymi wrogami \u2013 obszarnikami i kapitalistami. Wojska niemieckie zada\u0142y ci\u0119\u017ck\u0105 kl\u0119sk\u0119 g\u0142\u00f3wnym si\u0142om armii polskiej.<\/li>\n<li>Z nastaniem \u015bwitu 17 wrze\u015bnia armie Frontu Bia\u0142oruskiego przechodz\u0105 do natarcia z zadaniem wsparcia powsta\u0144c\u00f3w robotnik\u00f3w i ch\u0142op\u00f3w Bia\u0142orusi i Polski w zrzuceniu jarzma obszarnik\u00f3w i kapitalist\u00f3w i niedopuszczenia do zdobycia terytorium Zachodniej Bia\u0142orusi przez Niemcy.<\/li>\n<\/ol>\n<p>W ostatnich s\u0142owach rozkazu subtelni Niemcy mogli wyczu\u0107 nut\u0119 ura\u017caj\u0105c\u0105 ich pokojowe uczucia, ale minister Wiaczes\u0142aw Mo\u0142otow wyja\u015bni\u0142 niemieckiemu ambasadorowi, \u017ce jest to tylko wybieg propagandowy wprowadzony dla zmylenia wra\u017cliwej zagranicy.<\/p>\n<p>Nie by\u0142o chwili do stracenia, wi\u0119c pami\u0119tnego 17 wrze\u015bnia nie czekano do \u015bwitu, ale ruszono ju\u017c ciemn\u0105 noc\u0105, wr\u0119cz tak czarn\u0105, jak sumienie polskiego ministra J\u00f3zefa Becka. Oto bowiem ukrai\u0144scy i bia\u0142oruscy bracia postanowili zrzuci\u0107 \u0142a\u0144cuchy pa\u0144skiej niewoli, a do\u0142\u0105czyli do nich polscy robotnicy oraz ch\u0142opi i teraz wszyscy pospo\u0142u wyst\u0105pili przeciwko ciemi\u0119\u017ccom. Radziecka prasa i radio donosi\u0142y, \u017ce polscy faszy\u015bci (dalej \u201efaszpole\u201d) nie dawali jednak za wygran\u0105, rozp\u0119tali terror, siali zniszczenie, mordowali lud pracuj\u0105cy, kt\u00f3rego wo\u0142a\u0144 nie zdo\u0142a\u0142y zag\u0142uszy\u0107 salwy polskich pluton\u00f3w egzekucyjnych: \u201eNa pomoc! Na pomoc, towarzysze! My nie mamy ju\u017c si\u0142, by znosi\u0107 ucisk obszarnik\u00f3w i genera\u0142\u00f3w. Pom\u00f3\u017ccie nam, gdy\u017c inaczej oni utopi\u0105 we krwi nasze dzieci, nasz\u0105 ojczyst\u0105 ziemi\u0119\u201d.<\/p>\n<p><strong>Wi\u0119cej na stronie <span style=\"color: #0000ff;\"><a style=\"color: #0000ff;\" href=\"https:\/\/madzelan.cba.pl\/o-krok-od-edenu-1939-1941\/\" target=\"_blank\" rel=\"noopener\">https:\/\/madzelan.cba.pl\/o-krok-od-edenu-1939-1941\/<\/a><\/span><\/strong><\/p>\n","protected":false},"excerpt":{"rendered":"<p>15 wrze\u015bnia 1939 r. Sztab Frontu Bia\u0142oruskiego Armii Czerwonej wyda\u0142 rozkaz bojowy numer 01:<\/p>\n","protected":false},"author":1,"featured_media":0,"comment_status":"closed","ping_status":"closed","sticky":false,"template":"","format":"standard","meta":{"footnotes":""},"categories":[5,3436,31],"tags":[3004,2956],"class_list":["post-26656","post","type-post","status-publish","format-standard","hentry","category-newsy","category-opowiesci-historie-legendy-brokowskie-i-nie-tylko","category-historia-gminy","tag-jerzy-madzelan","tag-opowiesci-historie-legendy-brokowskie-i-nie-tylko"],"views":1677,"_links":{"self":[{"href":"https:\/\/info.sadowne.pl\/index.php?rest_route=\/wp\/v2\/posts\/26656","targetHints":{"allow":["GET"]}}],"collection":[{"href":"https:\/\/info.sadowne.pl\/index.php?rest_route=\/wp\/v2\/posts"}],"about":[{"href":"https:\/\/info.sadowne.pl\/index.php?rest_route=\/wp\/v2\/types\/post"}],"author":[{"embeddable":true,"href":"https:\/\/info.sadowne.pl\/index.php?rest_route=\/wp\/v2\/users\/1"}],"replies":[{"embeddable":true,"href":"https:\/\/info.sadowne.pl\/index.php?rest_route=%2Fwp%2Fv2%2Fcomments&post=26656"}],"version-history":[{"count":1,"href":"https:\/\/info.sadowne.pl\/index.php?rest_route=\/wp\/v2\/posts\/26656\/revisions"}],"predecessor-version":[{"id":26658,"href":"https:\/\/info.sadowne.pl\/index.php?rest_route=\/wp\/v2\/posts\/26656\/revisions\/26658"}],"wp:attachment":[{"href":"https:\/\/info.sadowne.pl\/index.php?rest_route=%2Fwp%2Fv2%2Fmedia&parent=26656"}],"wp:term":[{"taxonomy":"category","embeddable":true,"href":"https:\/\/info.sadowne.pl\/index.php?rest_route=%2Fwp%2Fv2%2Fcategories&post=26656"},{"taxonomy":"post_tag","embeddable":true,"href":"https:\/\/info.sadowne.pl\/index.php?rest_route=%2Fwp%2Fv2%2Ftags&post=26656"}],"curies":[{"name":"wp","href":"https:\/\/api.w.org\/{rel}","templated":true}]}}