{"id":26665,"date":"2022-11-17T17:15:53","date_gmt":"2022-11-17T16:15:53","guid":{"rendered":"http:\/\/info.sadowne.pl\/?p=26665"},"modified":"2022-11-17T17:15:53","modified_gmt":"2022-11-17T16:15:53","slug":"swieto-niepodleglosci-w-grabinach","status":"publish","type":"post","link":"https:\/\/info.sadowne.pl\/?p=26665","title":{"rendered":"\u015awi\u0119to Niepodleg\u0142o\u015bci w Grabinach"},"content":{"rendered":"<p><strong><a href=\"http:\/\/info.sadowne.pl\/wp-content\/uploads\/2022\/11\/2022.11.17.3.jpg\" target=\"_blank\" rel=\"noopener\"><img loading=\"lazy\" decoding=\"async\" class=\"alignleft wp-image-26666 size-thumbnail\" src=\"http:\/\/info.sadowne.pl\/wp-content\/uploads\/2022\/11\/2022.11.17.3-180x130.jpg\" alt=\"\" width=\"180\" height=\"130\" \/><\/a>11 listopada obchodzimy rocznic\u0119 odzyskania niepodleg\u0142o\u015bci przez Polsk\u0119.\u00a0\u015awi\u0119to to uroczy\u015bcie obchodzono r\u00f3wnie\u017c w Szkole Podstawowej im. ks. Jana Twardowskiego w Grabinach.<\/strong><!--more--><\/p>\n<p><em>W naszej szkole dzisiaj uczcili\u015bmy to wyj\u0105tkowe dla ka\u017cdego Polaka \u015bwi\u0119to koncertem pt. \u201eHistoria pisana piosenk\u0105\u201d.\u00a0Nast\u0119pnie uczniowie, nauczyciele i pracownicy szko\u0142y wsp\u00f3lnie od\u015bpiewali hymn narodowy o symbolicznej godzinie 11.11 w ramach og\u00f3lnopolskiej akcji \u201eSzko\u0142a do hymnu\u201d.<\/em><\/p>\n<p><strong>Zdj\u0119cia na stronie <span style=\"color: #0000ff;\"><a style=\"color: #0000ff;\" href=\"http:\/\/zspgrabiny.pl\/szkola-podstawowa\/2022\/11\/16\/dzien-niepodleglosci-2\/#more-5929\" target=\"_blank\" rel=\"noopener\">http:\/\/zspgrabiny.pl\/szkola-podstawowa\/2022\/11\/16\/dzien-niepodleglosci-2\/#more-5929<\/a><\/span><\/strong><\/p>\n<p><strong>\u0179r\u00f3d\u0142o:<\/strong> www.zspgrabiny.pl<\/p>\n<p>&nbsp;<\/p>\n","protected":false},"excerpt":{"rendered":"<p>11 listopada obchodzimy rocznic\u0119 odzyskania niepodleg\u0142o\u015bci przez Polsk\u0119.\u00a0\u015awi\u0119to to uroczy\u015bcie obchodzono r\u00f3wnie\u017c w Szkole Podstawowej im. ks. Jana Twardowskiego w Grabinach.<\/p>\n","protected":false},"author":1,"featured_media":0,"comment_status":"closed","ping_status":"closed","sticky":false,"template":"","format":"standard","meta":{"footnotes":""},"categories":[5,1752,1120],"tags":[3871,2289],"class_list":["post-26665","post","type-post","status-publish","format-standard","hentry","category-newsy","category-edukacja","category-zespol-szkolno-przedszkolny-w-grabinach","tag-narodowe-swieto-niepodleglosci","tag-zespol-szkolno-przedszkolny-w-grabinach"],"views":2080,"_links":{"self":[{"href":"https:\/\/info.sadowne.pl\/index.php?rest_route=\/wp\/v2\/posts\/26665","targetHints":{"allow":["GET"]}}],"collection":[{"href":"https:\/\/info.sadowne.pl\/index.php?rest_route=\/wp\/v2\/posts"}],"about":[{"href":"https:\/\/info.sadowne.pl\/index.php?rest_route=\/wp\/v2\/types\/post"}],"author":[{"embeddable":true,"href":"https:\/\/info.sadowne.pl\/index.php?rest_route=\/wp\/v2\/users\/1"}],"replies":[{"embeddable":true,"href":"https:\/\/info.sadowne.pl\/index.php?rest_route=%2Fwp%2Fv2%2Fcomments&post=26665"}],"version-history":[{"count":1,"href":"https:\/\/info.sadowne.pl\/index.php?rest_route=\/wp\/v2\/posts\/26665\/revisions"}],"predecessor-version":[{"id":26667,"href":"https:\/\/info.sadowne.pl\/index.php?rest_route=\/wp\/v2\/posts\/26665\/revisions\/26667"}],"wp:attachment":[{"href":"https:\/\/info.sadowne.pl\/index.php?rest_route=%2Fwp%2Fv2%2Fmedia&parent=26665"}],"wp:term":[{"taxonomy":"category","embeddable":true,"href":"https:\/\/info.sadowne.pl\/index.php?rest_route=%2Fwp%2Fv2%2Fcategories&post=26665"},{"taxonomy":"post_tag","embeddable":true,"href":"https:\/\/info.sadowne.pl\/index.php?rest_route=%2Fwp%2Fv2%2Ftags&post=26665"}],"curies":[{"name":"wp","href":"https:\/\/api.w.org\/{rel}","templated":true}]}}