{"id":26697,"date":"2022-11-25T14:31:17","date_gmt":"2022-11-25T13:31:17","guid":{"rendered":"http:\/\/info.sadowne.pl\/?p=26697"},"modified":"2022-11-25T14:31:17","modified_gmt":"2022-11-25T13:31:17","slug":"trzeba-uwierzyc","status":"publish","type":"post","link":"https:\/\/info.sadowne.pl\/?p=26697","title":{"rendered":"&#8222;Trzeba uwierzy\u0107&#8221;"},"content":{"rendered":"<p><a href=\"http:\/\/info.sadowne.pl\/wp-content\/uploads\/2022\/11\/2022.11.25.1.jpg\" target=\"_blank\" rel=\"noopener\"><img loading=\"lazy\" decoding=\"async\" class=\"alignleft wp-image-26698 size-thumbnail\" src=\"http:\/\/info.sadowne.pl\/wp-content\/uploads\/2022\/11\/2022.11.25.1-180x130.jpg\" alt=\"\" width=\"180\" height=\"130\" \/><\/a><\/p>\n<p><strong>Sz\u00f3sty i ostatni w tej edycji wiersz Anny Kiziniewicz.<\/strong><!--more--><\/p>\n<p style=\"text-align: center;\">*<\/p>\n<p style=\"text-align: center;\">*<\/p>\n<p style=\"text-align: center;\">*<\/p>\n<p style=\"text-align: center;\">*<\/p>\n<p style=\"text-align: center;\"><strong><em>*<\/em><\/strong><\/p>\n<p style=\"text-align: center;\"><strong><em>Trzeba\u00a0 uwierzy\u0107<\/em><\/strong><\/p>\n<p style=\"text-align: center;\">*<\/p>\n<p style=\"text-align: center;\">Trzeba uwierzy\u0107 w ludzi<\/p>\n<p style=\"text-align: center;\">przyjrze\u0107 si\u0119 im z bliska<\/p>\n<p style=\"text-align: center;\">zajrze\u0107 do ich duszy<\/p>\n<p style=\"text-align: center;\">umys\u0142u i serca<\/p>\n<p style=\"text-align: center;\">trzeba uwierzy\u0107 w siebie<\/p>\n<p style=\"text-align: center;\">swoj\u0105 niepowtarzalno\u015b\u0107<\/p>\n<p style=\"text-align: center;\">odkry\u0107 w sobie prawd\u0119<\/p>\n<p style=\"text-align: center;\">by sta\u0142a si\u0119 widzialn\u0105<\/p>\n<p style=\"text-align: center;\">trzeba uwierzy\u0107 w mi\u0142o\u015b\u0107<\/p>\n<p style=\"text-align: center;\">i dla niej \u017cy\u0107<\/p>\n<p style=\"text-align: center;\">aby by\u0107 cz\u0142owiekiem<\/p>\n<p style=\"text-align: center;\">trzeba marzy\u0107 kocha\u0107 i \u015bni\u0107<\/p>\n<p><strong>Foto:<\/strong> Wies\u0142aw Maliszewski<\/p>\n<p><strong>Zach\u0119camy te\u017c do si\u0119gni\u0119cia do tomiku wierzy p. Ani &#8211; &#8222;W u\u015bcisku wspomnie\u0144&#8221;.<\/strong><\/p>\n<p><a href=\"http:\/\/info.sadowne.pl\/wp-content\/uploads\/2018\/03\/2018.03.14.11.jpg\"><img loading=\"lazy\" decoding=\"async\" class=\"aligncenter wp-image-18079 size-full\" src=\"http:\/\/info.sadowne.pl\/wp-content\/uploads\/2018\/03\/2018.03.14.11.jpg\" alt=\"\" width=\"422\" height=\"599\" srcset=\"https:\/\/info.sadowne.pl\/wp-content\/uploads\/2018\/03\/2018.03.14.11.jpg 422w, https:\/\/info.sadowne.pl\/wp-content\/uploads\/2018\/03\/2018.03.14.11-211x300.jpg 211w\" sizes=\"auto, (max-width: 422px) 100vw, 422px\" \/><\/a><\/p>\n<p><a href=\"http:\/\/info.sadowne.pl\/wp-content\/uploads\/2022\/11\/2018.03.14.20.jpg\"><img loading=\"lazy\" decoding=\"async\" class=\"aligncenter size-full wp-image-26699\" src=\"http:\/\/info.sadowne.pl\/wp-content\/uploads\/2022\/11\/2018.03.14.20.jpg\" alt=\"\" width=\"421\" height=\"598\" srcset=\"https:\/\/info.sadowne.pl\/wp-content\/uploads\/2022\/11\/2018.03.14.20.jpg 421w, https:\/\/info.sadowne.pl\/wp-content\/uploads\/2022\/11\/2018.03.14.20-211x300.jpg 211w\" sizes=\"auto, (max-width: 421px) 100vw, 421px\" \/><\/a><\/p>\n","protected":false},"excerpt":{"rendered":"<p>Sz\u00f3sty i ostatni w tej edycji wiersz Anny Kiziniewicz.<\/p>\n","protected":false},"author":1,"featured_media":0,"comment_status":"closed","ping_status":"closed","sticky":false,"template":"","format":"standard","meta":{"footnotes":""},"categories":[5,48,6,108],"tags":[3835,3669,2730,3886],"class_list":["post-26697","post","type-post","status-publish","format-standard","hentry","category-newsy","category-kacik-literacki","category-kultura-rozrywka-edukacja","category-okienko-poetyckie","tag-anna-kiziniewicz","tag-okienko-poetyckie","tag-poezja","tag-wiersz-trzeba-uwierzyc"],"views":1722,"_links":{"self":[{"href":"https:\/\/info.sadowne.pl\/index.php?rest_route=\/wp\/v2\/posts\/26697","targetHints":{"allow":["GET"]}}],"collection":[{"href":"https:\/\/info.sadowne.pl\/index.php?rest_route=\/wp\/v2\/posts"}],"about":[{"href":"https:\/\/info.sadowne.pl\/index.php?rest_route=\/wp\/v2\/types\/post"}],"author":[{"embeddable":true,"href":"https:\/\/info.sadowne.pl\/index.php?rest_route=\/wp\/v2\/users\/1"}],"replies":[{"embeddable":true,"href":"https:\/\/info.sadowne.pl\/index.php?rest_route=%2Fwp%2Fv2%2Fcomments&post=26697"}],"version-history":[{"count":1,"href":"https:\/\/info.sadowne.pl\/index.php?rest_route=\/wp\/v2\/posts\/26697\/revisions"}],"predecessor-version":[{"id":26700,"href":"https:\/\/info.sadowne.pl\/index.php?rest_route=\/wp\/v2\/posts\/26697\/revisions\/26700"}],"wp:attachment":[{"href":"https:\/\/info.sadowne.pl\/index.php?rest_route=%2Fwp%2Fv2%2Fmedia&parent=26697"}],"wp:term":[{"taxonomy":"category","embeddable":true,"href":"https:\/\/info.sadowne.pl\/index.php?rest_route=%2Fwp%2Fv2%2Fcategories&post=26697"},{"taxonomy":"post_tag","embeddable":true,"href":"https:\/\/info.sadowne.pl\/index.php?rest_route=%2Fwp%2Fv2%2Ftags&post=26697"}],"curies":[{"name":"wp","href":"https:\/\/api.w.org\/{rel}","templated":true}]}}