{"id":26734,"date":"2022-11-30T18:28:09","date_gmt":"2022-11-30T17:28:09","guid":{"rendered":"http:\/\/info.sadowne.pl\/?p=26734"},"modified":"2022-11-30T18:28:09","modified_gmt":"2022-11-30T17:28:09","slug":"zegnaj-pani-aniu","status":"publish","type":"post","link":"https:\/\/info.sadowne.pl\/?p=26734","title":{"rendered":"\u017begnaj Pani Aniu!"},"content":{"rendered":"<p><strong><a href=\"http:\/\/info.sadowne.pl\/wp-content\/uploads\/2022\/11\/2022.11.30.5.jpg\" target=\"_blank\" rel=\"noopener\"><img loading=\"lazy\" decoding=\"async\" class=\"alignleft wp-image-26735 size-thumbnail\" src=\"http:\/\/info.sadowne.pl\/wp-content\/uploads\/2022\/11\/2022.11.30.5-180x130.jpg\" alt=\"\" width=\"180\" height=\"130\" \/><\/a>27 listopada br. zmar\u0142a nagle Anna Sienkiewicz \u2013 Rogowska, wicedyrektorka Muzeum Warszawy i od niedawna nasza s\u0105siadka w Wilczog\u0119bach. <\/strong><!--more--><\/p>\n<p>To Ona wraz z m\u0119\u017cem S\u0142awkiem ocalili i podj\u0119li si\u0119 renowacji starego budynku szkolnego naprzeciwko Pomnika POW. Budynek obchodzi\u0107 b\u0119dzie 100-lecie swojego istnienia w 2026 r.<\/p>\n<p>Pani Ania od zawsze interesowa\u0142a si\u0119 kultur\u0105 i sztuk\u0105. Pracowa\u0142a w Polskim Instytucie Sztuki Filmowej, a w 2015 r. zosta\u0142a dyrektork\u0105 Filmoteki Narodowej. Przygotowywa\u0142a i realizowa\u0142a wiele projekt\u00f3w filmowych i edukacyjnych. W grudniu 2021 r. zosta\u0142a wicedyrektork\u0105 Muzeum Warszawy. By\u0142a wyj\u0105tkow\u0105 ekspertk\u0105 i profesjonalistk\u0105 w swojej pracy zawodowej.<\/p>\n<p>Ale my zapami\u0119tamy j\u0105 przede wszystkim jako niezwykle mi\u0142\u0105, ciep\u0142\u0105, przyjazn\u0105 i uczynn\u0105 osob\u0119. Dzi\u0119ki swojej otwarto\u015bci i u\u015bmiechowi bardzo szybko sta\u0142a si\u0119 cz\u0105stk\u0105 naszej spo\u0142eczno\u015bci. Od pierwszych dni swojego pobytu w Wilczog\u0119bach anga\u017cowa\u0142a si\u0119 w \u017cycie wsi i gminy. Znali\u015bmy j\u0105 wszyscy: doro\u015bli i dzieci. Jej wielkiego serca do\u015bwiadczy\u0142 nawet bezdomny pies Florek. Cieszyli\u015bmy si\u0119, \u017ce wybra\u0142a Wilczog\u0119by na miejsce swoich cz\u0119stych pobyt\u00f3w.<\/p>\n<p>Z niedowierzaniem przyj\u0119li\u015bmy wiadomo\u015b\u0107 o Jej \u015bmierci. B\u0119dzie nam Jej bardzo brakowa\u0142o.<\/p>\n<p>\u017begnamy Ci\u0119, Pani Aniu! Spoczywaj w pokoju!<\/p>\n<p>M\u0119\u017cowi S\u0142awkowi, synom i rodzinie sk\u0142adamy wyrazy g\u0142\u0119bokiego wsp\u00f3\u0142czucia.<\/p>\n<p><strong>So\u0142tys i mieszka\u0144cy wsi Wilczog\u0119by<\/strong><\/p>\n","protected":false},"excerpt":{"rendered":"<p>27 listopada br. zmar\u0142a nagle Anna Sienkiewicz \u2013 Rogowska, wicedyrektorka Muzeum Warszawy i od niedawna nasza s\u0105siadka w Wilczog\u0119bach.<\/p>\n","protected":false},"author":1,"featured_media":0,"comment_status":"closed","ping_status":"closed","sticky":false,"template":"","format":"standard","meta":{"footnotes":""},"categories":[5,1],"tags":[3891,3834,912],"class_list":["post-26734","post","type-post","status-publish","format-standard","hentry","category-newsy","category-inne","tag-anna-sienkiewicz-rogowska","tag-ostatnie-pozegnanie","tag-wilczogeby"],"views":2513,"_links":{"self":[{"href":"https:\/\/info.sadowne.pl\/index.php?rest_route=\/wp\/v2\/posts\/26734","targetHints":{"allow":["GET"]}}],"collection":[{"href":"https:\/\/info.sadowne.pl\/index.php?rest_route=\/wp\/v2\/posts"}],"about":[{"href":"https:\/\/info.sadowne.pl\/index.php?rest_route=\/wp\/v2\/types\/post"}],"author":[{"embeddable":true,"href":"https:\/\/info.sadowne.pl\/index.php?rest_route=\/wp\/v2\/users\/1"}],"replies":[{"embeddable":true,"href":"https:\/\/info.sadowne.pl\/index.php?rest_route=%2Fwp%2Fv2%2Fcomments&post=26734"}],"version-history":[{"count":1,"href":"https:\/\/info.sadowne.pl\/index.php?rest_route=\/wp\/v2\/posts\/26734\/revisions"}],"predecessor-version":[{"id":26736,"href":"https:\/\/info.sadowne.pl\/index.php?rest_route=\/wp\/v2\/posts\/26734\/revisions\/26736"}],"wp:attachment":[{"href":"https:\/\/info.sadowne.pl\/index.php?rest_route=%2Fwp%2Fv2%2Fmedia&parent=26734"}],"wp:term":[{"taxonomy":"category","embeddable":true,"href":"https:\/\/info.sadowne.pl\/index.php?rest_route=%2Fwp%2Fv2%2Fcategories&post=26734"},{"taxonomy":"post_tag","embeddable":true,"href":"https:\/\/info.sadowne.pl\/index.php?rest_route=%2Fwp%2Fv2%2Ftags&post=26734"}],"curies":[{"name":"wp","href":"https:\/\/api.w.org\/{rel}","templated":true}]}}