{"id":26737,"date":"2022-12-01T13:39:28","date_gmt":"2022-12-01T12:39:28","guid":{"rendered":"http:\/\/info.sadowne.pl\/?p=26737"},"modified":"2022-12-01T13:39:28","modified_gmt":"2022-12-01T12:39:28","slug":"okupacyjna-codziennosc","status":"publish","type":"post","link":"https:\/\/info.sadowne.pl\/?p=26737","title":{"rendered":"OKUPACYJNA CODZIENNO\u015a\u0106\u2026"},"content":{"rendered":"<p><strong><a href=\"http:\/\/info.sadowne.pl\/wp-content\/uploads\/2022\/07\/Brok88.jpg\" target=\"_blank\" rel=\"noopener\"><img loading=\"lazy\" decoding=\"async\" class=\"alignleft wp-image-26208 size-thumbnail\" src=\"http:\/\/info.sadowne.pl\/wp-content\/uploads\/2022\/07\/Brok88-180x130.jpg\" alt=\"\" width=\"180\" height=\"130\" \/><\/a>\u2013 OBRAZKI Z OSTROWI, KA\u0143KOWA, KACZKOWA.<\/strong><!--more--><\/p>\n<p>Wiele napisano o zmaganiach z wrogiem w czasie okupacji niemieckiej, ale ma\u0142o wiadomo o \u00f3wczesnym \u017cyciu codziennym. Ogromna wi\u0119kszo\u015b\u0107 Polak\u00f3w nie by\u0142a walcz\u0105cymi z broni\u0105 w r\u0119ku, pomnikowymi bohaterami, ale toczy\u0142a ka\u017cdego dnia boje o prze\u017cycie swych rodzin. Niemcy wprowadzili racjonowanie \u017cywno\u015bci oraz obowi\u0105zkowe kontyngenty od rolnik\u00f3w. Rozkwit\u0142 czarny rynek, a nasze okolice przeci\u0119te lini\u0105 odgraniczaj\u0105c\u0105 okupacyjne strefy niemieck\u0105 i rosyjsk\u0105 by\u0142y w sytuacji szczeg\u00f3lnej, gdy\u017c nielegalne przekraczanie granicy sta\u0142o si\u0119 konieczno\u015bci\u0105 nie tylko ze wzgl\u0119du na szmugiel, uprawiany dla odp\u0119dzenia widma g\u0142odu, ale tak\u017ce dla odwiedzin najbli\u017cszej rodziny. W\u0142a\u015bnie trud\u00f3w i niebezpiecze\u0144stw \u017cycia codziennego dotycz\u0105 publikowane poni\u017cej fragmenty ksi\u0105\u017cki\u00a0<strong><em>Wojna 1939-1945 we wspomnieniach mieszka\u0144c\u00f3w Ostrowi Mazowieckiej i okolic<\/em><\/strong>, autorstwa\u00a0<strong>Jadwigi Sadowskiej i Aliny Wierzbickiej<\/strong>, a wydanej w roku 2019 przez\u00a0<strong>Miejsk\u0105 Bibliotek\u0119 Publiczn\u0105 im. Marii D\u0105browskiej w Ostrowi Mazowieckiej<\/strong>.<\/p>\n<p><strong>Wi\u0119cej na stronie <span style=\"color: #0000ff;\"><a style=\"color: #0000ff;\" href=\"https:\/\/madzelan.cba.pl\/okupacyjna-codziennosc-obrazki-z-ostrowi-kankowa-kaczkowa\/\" target=\"_blank\" rel=\"noopener\">https:\/\/madzelan.cba.pl\/okupacyjna-codziennosc-obrazki-z-ostrowi-kankowa-kaczkowa\/<\/a><\/span><\/strong><\/p>\n","protected":false},"excerpt":{"rendered":"<p>\u2013 OBRAZKI Z OSTROWI, KA\u0143KOWA, KACZKOWA.<\/p>\n","protected":false},"author":1,"featured_media":0,"comment_status":"closed","ping_status":"closed","sticky":false,"template":"","format":"standard","meta":{"footnotes":""},"categories":[5,3436,31],"tags":[101,3004,2956,3809],"class_list":["post-26737","post","type-post","status-publish","format-standard","hentry","category-newsy","category-opowiesci-historie-legendy-brokowskie-i-nie-tylko","category-historia-gminy","tag-historia-gminy-sadowne","tag-jerzy-madzelan","tag-opowiesci-historie-legendy-brokowskie-i-nie-tylko","tag-wojna-1939-1945-we-wspomnieniach-mieszkancow-ostrowi-mazowieckiej-i-okolic"],"views":1805,"_links":{"self":[{"href":"https:\/\/info.sadowne.pl\/index.php?rest_route=\/wp\/v2\/posts\/26737","targetHints":{"allow":["GET"]}}],"collection":[{"href":"https:\/\/info.sadowne.pl\/index.php?rest_route=\/wp\/v2\/posts"}],"about":[{"href":"https:\/\/info.sadowne.pl\/index.php?rest_route=\/wp\/v2\/types\/post"}],"author":[{"embeddable":true,"href":"https:\/\/info.sadowne.pl\/index.php?rest_route=\/wp\/v2\/users\/1"}],"replies":[{"embeddable":true,"href":"https:\/\/info.sadowne.pl\/index.php?rest_route=%2Fwp%2Fv2%2Fcomments&post=26737"}],"version-history":[{"count":1,"href":"https:\/\/info.sadowne.pl\/index.php?rest_route=\/wp\/v2\/posts\/26737\/revisions"}],"predecessor-version":[{"id":26738,"href":"https:\/\/info.sadowne.pl\/index.php?rest_route=\/wp\/v2\/posts\/26737\/revisions\/26738"}],"wp:attachment":[{"href":"https:\/\/info.sadowne.pl\/index.php?rest_route=%2Fwp%2Fv2%2Fmedia&parent=26737"}],"wp:term":[{"taxonomy":"category","embeddable":true,"href":"https:\/\/info.sadowne.pl\/index.php?rest_route=%2Fwp%2Fv2%2Fcategories&post=26737"},{"taxonomy":"post_tag","embeddable":true,"href":"https:\/\/info.sadowne.pl\/index.php?rest_route=%2Fwp%2Fv2%2Ftags&post=26737"}],"curies":[{"name":"wp","href":"https:\/\/api.w.org\/{rel}","templated":true}]}}