{"id":26743,"date":"2022-12-02T16:55:22","date_gmt":"2022-12-02T15:55:22","guid":{"rendered":"http:\/\/info.sadowne.pl\/?p=26743"},"modified":"2022-12-02T16:56:19","modified_gmt":"2022-12-02T15:56:19","slug":"sadowianki-zlote-gody-2017","status":"publish","type":"post","link":"https:\/\/info.sadowne.pl\/?p=26743","title":{"rendered":"Sadowianki &#8211; Z\u0142ote Gody 2017"},"content":{"rendered":"<p><strong><a href=\"http:\/\/info.sadowne.pl\/wp-content\/uploads\/2022\/12\/sad543.jpg\"><img loading=\"lazy\" decoding=\"async\" class=\"alignleft size-thumbnail wp-image-26754\" src=\"http:\/\/info.sadowne.pl\/wp-content\/uploads\/2022\/12\/sad543-180x130.jpg\" alt=\"\" width=\"180\" height=\"130\" \/><\/a>SADOWNE &#8211; <\/strong><strong>2 wrze\u015bnia 2017 rok.<\/strong><!--more--><\/p>\n<p><a href=\"http:\/\/info.sadowne.pl\/wp-content\/uploads\/2022\/12\/sad535.jpg\"><img loading=\"lazy\" decoding=\"async\" class=\"aligncenter size-full wp-image-26745\" src=\"http:\/\/info.sadowne.pl\/wp-content\/uploads\/2022\/12\/sad535.jpg\" alt=\"\" width=\"530\" height=\"66\" srcset=\"https:\/\/info.sadowne.pl\/wp-content\/uploads\/2022\/12\/sad535.jpg 530w, https:\/\/info.sadowne.pl\/wp-content\/uploads\/2022\/12\/sad535-300x37.jpg 300w\" sizes=\"auto, (max-width: 530px) 100vw, 530px\" \/><\/a><\/p>\n<p>W\u0142a\u015bnie w tym dniu w Gminie Sadowne odby\u0142a si\u0119 pi\u0119kna uroczysto\u015b\u0107, kt\u00f3r\u0105 \u015bwi\u0119towa\u0142o 11 par ma\u0142\u017ce\u0144skich. Podczas spotkania W\u00f3jt Gminy Sadowne <strong>p. Waldemar Cyran<\/strong> w asy\u015bcie kierownik Urz\u0119du Stanu Cywilnego w Sadownem <strong>p. Renaty Urbankowskiej<\/strong> wr\u0119czy\u0142 medale:<\/p>\n<h3 style=\"text-align: center;\"><span style=\"color: #339966;\"><em>,,Za d\u0142ugoletnie po\u017cycie ma\u0142\u017ce\u0144skie\u201d<\/em><\/span><\/h3>\n<p>Uroczysto\u015b\u0107 rozpocz\u0119\u0142a si\u0119 msz\u0105 \u015bwi\u0119t\u0105 w ko\u015bciele parafialnym, gdzie nast\u0105pi\u0142o odnowienie \u015blub\u00f3w ma\u0142\u017ce\u0144skich. Nast\u0119pnie wszystkie pary wraz z rodzinami uda\u0142y si\u0119 do miejscowego lokalu <strong>,,Za\u015bcianek Nowy Styl\u201d<\/strong>, do kt\u00f3rego wszyscy wchodzili przy d\u017awi\u0119kach marsza weselnego, granego przez naszego akordeonist\u0119 p<strong>. Andrzeja Oltona.<\/strong><\/p>\n<div id=\"attachment_26746\" style=\"width: 439px\" class=\"wp-caption aligncenter\"><a href=\"http:\/\/info.sadowne.pl\/wp-content\/uploads\/2022\/12\/sad536.jpg\"><img loading=\"lazy\" decoding=\"async\" aria-describedby=\"caption-attachment-26746\" class=\"wp-image-26746 size-full\" src=\"http:\/\/info.sadowne.pl\/wp-content\/uploads\/2022\/12\/sad536.jpg\" alt=\"\" width=\"429\" height=\"287\" srcset=\"https:\/\/info.sadowne.pl\/wp-content\/uploads\/2022\/12\/sad536.jpg 429w, https:\/\/info.sadowne.pl\/wp-content\/uploads\/2022\/12\/sad536-300x201.jpg 300w\" sizes=\"auto, (max-width: 429px) 100vw, 429px\" \/><\/a><p id=\"caption-attachment-26746\" class=\"wp-caption-text\">Marsz weselny \u2013 akordeonista Andrzej Olton<\/p><\/div>\n<div id=\"attachment_26747\" style=\"width: 557px\" class=\"wp-caption aligncenter\"><a href=\"http:\/\/info.sadowne.pl\/wp-content\/uploads\/2022\/12\/sad537.jpg\"><img loading=\"lazy\" decoding=\"async\" aria-describedby=\"caption-attachment-26747\" class=\"wp-image-26747 size-full\" src=\"http:\/\/info.sadowne.pl\/wp-content\/uploads\/2022\/12\/sad537.jpg\" alt=\"\" width=\"547\" height=\"365\" srcset=\"https:\/\/info.sadowne.pl\/wp-content\/uploads\/2022\/12\/sad537.jpg 547w, https:\/\/info.sadowne.pl\/wp-content\/uploads\/2022\/12\/sad537-300x200.jpg 300w\" sizes=\"auto, (max-width: 547px) 100vw, 547px\" \/><\/a><p id=\"caption-attachment-26747\" class=\"wp-caption-text\">Przewodnicz\u0105cy Rady Gminy Sadowne &#8211; p. Piotr Olkowski, ks. Micha\u0142 Marczak, ks. Piotr Arbaszewski, W\u00f3jt Gminy Sadowne &#8211; p. Waldemar Cyran wraz z ma\u0142\u017conk\u0105 p. Katarzyn\u0105 i kierownik USC Sadowne &#8211; p. Renata Urbankowska<\/p><\/div>\n<p>W\u00f3jt Gminy Sadowne <strong>p. Waldemar Cyran<\/strong> podzi\u0119kowa\u0142 wszystkim ma\u0142\u017conkom za minione pi\u0119\u0107dziesi\u0105t lat, w czasie, kt\u00f3rych wychowywali swoje dzieci, uczyli je \u017cy\u0107 i pracowa\u0107 oraz sami po\u015bwi\u0119cali tak\u017ce sw\u00f3j czas dla dobra Naszej Gminy. Na pewno by\u0142o wiele r\u00f3\u017cnych chwil, bo nie zawsze wszystko sz\u0142o g\u0142adko i prosto, ale bywa\u0142y te\u017c ci\u0119\u017csze czasy, jednak te trudno\u015bci zosta\u0142y przezwyci\u0119\u017cone skoro wszyscy znale\u017ali si\u0119 dzisiaj w tym miejscu. Pan W\u00f3jt podkre\u015bli\u0142, \u017ce pi\u0119\u0107 dekad wsp\u00f3lnego \u017cycia jest najbardziej \u017cywym \u015bwiadectwem bezgranicznej mi\u0142o\u015bci obojga ma\u0142\u017conk\u00f3w, szacunku i zrozumienia.<\/p>\n<p><strong><a href=\"http:\/\/info.sadowne.pl\/wp-content\/uploads\/2022\/12\/sad538.jpg\"><img loading=\"lazy\" decoding=\"async\" class=\"aligncenter size-full wp-image-26748\" src=\"http:\/\/info.sadowne.pl\/wp-content\/uploads\/2022\/12\/sad538.jpg\" alt=\"\" width=\"101\" height=\"125\" \/><\/a><\/strong><\/p>\n<p><strong><a href=\"http:\/\/info.sadowne.pl\/wp-content\/uploads\/2022\/12\/sad539.jpg\"><img loading=\"lazy\" decoding=\"async\" class=\"alignleft size-full wp-image-26749\" src=\"http:\/\/info.sadowne.pl\/wp-content\/uploads\/2022\/12\/sad539.jpg\" alt=\"\" width=\"294\" height=\"197\" \/><\/a><a href=\"http:\/\/info.sadowne.pl\/wp-content\/uploads\/2022\/12\/sad540.jpg\"><img loading=\"lazy\" decoding=\"async\" class=\"alignright size-full wp-image-26750\" src=\"http:\/\/info.sadowne.pl\/wp-content\/uploads\/2022\/12\/sad540.jpg\" alt=\"\" width=\"282\" height=\"197\" \/><\/a>\u00a0<\/strong><\/p>\n<p><strong>\u00a0\u00a0\u00a0\u00a0\u00a0\u00a0\u00a0\u00a0\u00a0\u00a0\u00a0\u00a0\u00a0\u00a0\u00a0\u00a0\u00a0\u00a0\u00a0\u00a0\u00a0\u00a0\u00a0\u00a0\u00a0\u00a0\u00a0\u00a0\u00a0\u00a0\u00a0\u00a0\u00a0\u00a0\u00a0\u00a0\u00a0\u00a0\u00a0 <\/strong><strong>Z\u0142otym Godom <\/strong>przy\u015bpiewywa\u0142 nasz zesp\u00f3\u0142 <strong>SADOWIANKI.<\/strong><\/p>\n<h2 style=\"text-align: center;\"><em><strong><span style=\"color: #ff0000;\"> ,,STO LAT\u00a0 dla JUBILAT\u00d3W\u201d<\/span><\/strong><\/em><\/h2>\n<p><em> <a href=\"http:\/\/info.sadowne.pl\/wp-content\/uploads\/2022\/12\/sad541.jpg\"><img loading=\"lazy\" decoding=\"async\" class=\"aligncenter size-full wp-image-26752\" src=\"http:\/\/info.sadowne.pl\/wp-content\/uploads\/2022\/12\/sad541.jpg\" alt=\"\" width=\"202\" height=\"143\" \/><\/a><\/em><\/p>\n<p><em>\u00a0\u00a0\u00a0\u00a0\u00a0\u00a0\u00a0\u00a0\u00a0\u00a0\u00a0\u00a0\u00a0\u00a0\u00a0\u00a0\u00a0\u00a0\u00a0\u00a0\u00a0\u00a0\u00a0\u00a0\u00a0\u00a0 \u00a0 <a href=\"http:\/\/info.sadowne.pl\/wp-content\/uploads\/2022\/12\/sad542.jpg\"><img loading=\"lazy\" decoding=\"async\" class=\"aligncenter size-full wp-image-26753\" src=\"http:\/\/info.sadowne.pl\/wp-content\/uploads\/2022\/12\/sad542.jpg\" alt=\"\" width=\"425\" height=\"284\" srcset=\"https:\/\/info.sadowne.pl\/wp-content\/uploads\/2022\/12\/sad542.jpg 425w, https:\/\/info.sadowne.pl\/wp-content\/uploads\/2022\/12\/sad542-300x200.jpg 300w\" sizes=\"auto, (max-width: 425px) 100vw, 425px\" \/><\/a> <\/em><\/p>\n<p>Dla<strong> SADOWIANEK <\/strong>by\u0142o to szczeg\u00f3lne \u015bwi\u0119to, poniewa\u017c jedn\u0105 z jubileuszowych par by\u0142a nasza kole\u017canka <strong>Marysia Szymanik <\/strong>wraz z m\u0119\u017cem <strong>Mieczys\u0142awem.<\/strong><\/p>\n<div id=\"attachment_26754\" style=\"width: 596px\" class=\"wp-caption aligncenter\"><a href=\"http:\/\/info.sadowne.pl\/wp-content\/uploads\/2022\/12\/sad543.jpg\"><img loading=\"lazy\" decoding=\"async\" aria-describedby=\"caption-attachment-26754\" class=\"wp-image-26754 size-full\" src=\"http:\/\/info.sadowne.pl\/wp-content\/uploads\/2022\/12\/sad543.jpg\" alt=\"\" width=\"586\" height=\"391\" srcset=\"https:\/\/info.sadowne.pl\/wp-content\/uploads\/2022\/12\/sad543.jpg 586w, https:\/\/info.sadowne.pl\/wp-content\/uploads\/2022\/12\/sad543-300x200.jpg 300w\" sizes=\"auto, (max-width: 586px) 100vw, 586px\" \/><\/a><p id=\"caption-attachment-26754\" class=\"wp-caption-text\">Akordeonista-Andrzej Olton, solista-Zbyszek Danaj Pierwszy rz\u0105d: Krysia Wetoszka, Basia Wr\u00f3bel, Bogusia Danaj, Ela D\u0119bkowska, Tereska Piwek, Ala Bahniuk Drugi rz\u0105d: Hania D\u0119bkowska, Monika Nozderka, Jadzia Borowa, Tereska Biernat, Henia Kibart<\/p><\/div>\n<div id=\"attachment_26756\" style=\"width: 515px\" class=\"wp-caption aligncenter\"><a href=\"http:\/\/info.sadowne.pl\/wp-content\/uploads\/2022\/12\/sad544.jpg\"><img loading=\"lazy\" decoding=\"async\" aria-describedby=\"caption-attachment-26756\" class=\"wp-image-26756 size-full\" src=\"http:\/\/info.sadowne.pl\/wp-content\/uploads\/2022\/12\/sad544.jpg\" alt=\"\" width=\"505\" height=\"337\" srcset=\"https:\/\/info.sadowne.pl\/wp-content\/uploads\/2022\/12\/sad544.jpg 505w, https:\/\/info.sadowne.pl\/wp-content\/uploads\/2022\/12\/sad544-300x200.jpg 300w\" sizes=\"auto, (max-width: 505px) 100vw, 505px\" \/><\/a><p id=\"caption-attachment-26756\" class=\"wp-caption-text\">Do wsp\u00f3lnego \u015bpiewania do\u0142\u0105czy\u0142 ks. Piotr Arbaszewski<\/p><\/div>\n<p>&nbsp;<\/p>\n<div id=\"attachment_26755\" style=\"width: 577px\" class=\"wp-caption aligncenter\"><a href=\"http:\/\/info.sadowne.pl\/wp-content\/uploads\/2022\/12\/sad545.jpg\"><img loading=\"lazy\" decoding=\"async\" aria-describedby=\"caption-attachment-26755\" class=\"wp-image-26755 size-full\" src=\"http:\/\/info.sadowne.pl\/wp-content\/uploads\/2022\/12\/sad545.jpg\" alt=\"\" width=\"567\" height=\"379\" srcset=\"https:\/\/info.sadowne.pl\/wp-content\/uploads\/2022\/12\/sad545.jpg 567w, https:\/\/info.sadowne.pl\/wp-content\/uploads\/2022\/12\/sad545-300x201.jpg 300w\" sizes=\"auto, (max-width: 567px) 100vw, 567px\" \/><\/a><p id=\"caption-attachment-26755\" class=\"wp-caption-text\">Trzeba przyzna\u0107, \u017ce ks. Piotr doskonale sobie radzi\u0142 z naszymi tekstami i melodi\u0105<\/p><\/div>\n<p><a href=\"http:\/\/info.sadowne.pl\/wp-content\/uploads\/2022\/12\/sad546.jpg\"><img loading=\"lazy\" decoding=\"async\" class=\"aligncenter size-full wp-image-26757\" src=\"http:\/\/info.sadowne.pl\/wp-content\/uploads\/2022\/12\/sad546.jpg\" alt=\"\" width=\"282\" height=\"185\" \/><\/a><\/p>\n<p><strong>\u00a0 \u00a0\u00a0\u00a0\u00a0\u00a0\u00a0\u00a0\u00a0\u00a0\u00a0\u00a0\u00a0\u00a0\u00a0\u00a0\u00a0\u00a0\u00a0\u00a0\u00a0\u00a0\u00a0\u00a0\u00a0\u00a0 <\/strong><\/p>\n<p style=\"text-align: center;\"><strong><em>,,Ka\u017cda mi\u0142o\u015b\u0107 jest podr\u00f3\u017c\u0105 w g\u0142\u0105b siebie, ka\u017cde ma\u0142\u017ce\u0144stwo jest odwag\u0105 wsp\u00f3lnego kroczenia przez wyboje i zakr\u0119ty, ka\u017cde spotkanie jest odpowiedzialno\u015bci\u0105, a ka\u017cda decyzja ma konsekwencje. <\/em><\/strong><\/p>\n<p style=\"text-align: center;\"><strong><em>Po tylu latach wsp\u00f3lnego biesiadowania, wzdychania i kwilenia \u017cyczymy Wam rado\u015bci i spokoju na nast\u0119pne lata tej wsp\u00f3lnej podr\u00f3\u017cy.\u201d<\/em><\/strong><\/p>\n<p><strong> <a href=\"http:\/\/info.sadowne.pl\/wp-content\/uploads\/2022\/12\/sad547.jpg\"><img loading=\"lazy\" decoding=\"async\" class=\"aligncenter size-full wp-image-26758\" src=\"http:\/\/info.sadowne.pl\/wp-content\/uploads\/2022\/12\/sad547.jpg\" alt=\"\" width=\"582\" height=\"389\" srcset=\"https:\/\/info.sadowne.pl\/wp-content\/uploads\/2022\/12\/sad547.jpg 582w, https:\/\/info.sadowne.pl\/wp-content\/uploads\/2022\/12\/sad547-300x201.jpg 300w\" sizes=\"auto, (max-width: 582px) 100vw, 582px\" \/><\/a><\/strong><\/p>\n<p>&nbsp;<\/p>\n<p><strong>\u00a0\u00a0\u00a0\u00a0\u00a0\u00a0\u00a0\u00a0\u00a0\u00a0\u00a0\u00a0\u00a0\u00a0\u00a0\u00a0\u00a0\u00a0\u00a0\u00a0\u00a0\u00a0\u00a0\u00a0\u00a0\u00a0\u00a0 Z\u0142ote Gody obchodzili Pa\u0144stwo:<\/strong><\/p>\n<p><strong>\u2013 Sabina i Edward Czarneccy (51 rocznica)<\/strong><\/p>\n<p><strong>\u2013 El\u017cbieta i Witold Ga\u0142\u0105zka (51 rocznica)<\/strong><\/p>\n<p><strong>\u2013 Zofia i J\u00f3zef Kiko\u0142a (51 rocznica)<\/strong><\/p>\n<p><strong>\u2013 Regina i Antoni Ojdana (50 rocznica)<\/strong><\/p>\n<p><strong>\u2013 Janina i W\u0142adys\u0142aw Ojdana (50 rocznica)<\/strong><\/p>\n<p><strong>\u2013 Miros\u0142awa i Czes\u0142aw Olszak (51 rocznica)<\/strong><\/p>\n<p><strong>\u2013 Jadwiga i Jerzy Pi\u00f3rkowscy (51 rocznica)<\/strong><\/p>\n<p><strong>\u2013 Zofia i Jan Pu\u015bcion (51 rocznica)<\/strong><\/p>\n<p><strong>\u2013 Teresa i Bogus\u0142aw Pr\u00f3chno (50 rocznica)<\/strong><\/p>\n<p><strong>\u2013 Marianna i Mieczys\u0142aw Szymanik (51 rocznica)<\/strong><\/p>\n<p><strong>\u2013 Romana i Jerzy Wojciechowscy (50 rocznica)<\/strong><\/p>\n<p style=\"text-align: center;\"><em><span style=\"color: #ff0000;\"><strong>Aby Wasza droga \u017cycia us\u0142ana by\u0142a kwiatami, na niebie go\u015bci\u0142o s\u0142o\u0144ce, a w serach Waszych mi\u0142o\u015b\u0107 i dobro\u0107.<\/strong><\/span><\/em><\/p>\n<p style=\"text-align: center;\"><em><span style=\"color: #ff0000;\"><strong>Wszystkiego, co najlepsze.<\/strong><\/span><\/em><\/p>\n<p><a href=\"http:\/\/info.sadowne.pl\/wp-content\/uploads\/2022\/12\/sad548.jpg\"><img loading=\"lazy\" decoding=\"async\" class=\"aligncenter size-full wp-image-26759\" src=\"http:\/\/info.sadowne.pl\/wp-content\/uploads\/2022\/12\/sad548.jpg\" alt=\"\" width=\"139\" height=\"63\" \/><\/a><strong>\u00a0\u00a0\u00a0\u00a0\u00a0\u00a0\u00a0\u00a0\u00a0\u00a0\u00a0\u00a0\u00a0\u00a0\u00a0\u00a0\u00a0\u00a0\u00a0\u00a0\u00a0\u00a0\u00a0\u00a0\u00a0\u00a0\u00a0\u00a0\u00a0\u00a0\u00a0\u00a0\u00a0\u00a0\u00a0\u00a0\u00a0\u00a0\u00a0\u00a0\u00a0\u00a0\u00a0\u00a0\u00a0\u00a0 <\/strong><\/p>\n<h4 style=\"text-align: center;\"><strong>W\u0118GR\u00d3W<\/strong><\/h4>\n<h2 style=\"text-align: center;\"><span style=\"color: #ff0000;\"><strong><em>Kolejny sukces SADOWIANEK<\/em><\/strong><\/span><\/h2>\n<p style=\"text-align: center;\"><strong>Wszyscy m\u00f3wi\u0105, \u017ce wijemy najpi\u0119kniejsze wie\u0144ce do\u017cynkowe.<\/strong><\/p>\n<p style=\"text-align: center;\"><strong>Wspomn\u0119 tu:<\/strong><\/p>\n<p style=\"text-align: center;\"><strong>&#8211; I miejsce<\/strong> na Do\u017cynkach Wojew\u00f3dztwa Mazowieckiego Diecezji Radomskiej Powiatu Kozienickiego i Gminy Kozienice w 2012 roku <strong>w Kozienicach<\/strong>, gdzie reprezentowali\u015bmy powiat w\u0119growski<\/p>\n<p style=\"text-align: center;\"><strong>&#8211; I miejsce<\/strong> na Mazowieckim \u015awi\u0119cie Chleba <strong>w W\u0119growie<\/strong> w 2015 roku<\/p>\n<p style=\"text-align: center;\"><strong>&#8211; I miejsce<\/strong> na Do\u017cynkach Wojew\u00f3dztwa Mazowieckiego <strong>w Otwocku<\/strong> w 2016 roku<\/p>\n<p style=\"text-align: center;\">By\u0142y r\u00f3wnie\u017c drugie miejsca i wyr\u00f3\u017cnienia, a co za tym idzie wiele nagr\u00f3d.<\/p>\n<h3 style=\"text-align: center;\"><span style=\"color: #0000ff;\"><em><strong>10 wrze<\/strong><strong>\u015b<\/strong><strong>nia 2017 roku<\/strong><\/em><\/span><\/h3>\n<h3 style=\"text-align: center;\"><span style=\"color: #0000ff;\"><em><strong>Mazowieckie <\/strong><strong>\u00a0\u015a<\/strong><strong>wi<\/strong><strong>\u0119<\/strong><strong>to Chleba\u00a0 i\u00a0 Sera <\/strong><\/em><\/span><\/h3>\n<h3 style=\"text-align: center;\"><span style=\"color: #0000ff;\"><em><strong>w <\/strong><strong>W<\/strong><strong>\u0118GRO<\/strong><strong>W<\/strong><strong>IE<\/strong><\/em><\/span><\/h3>\n<p><strong>\u00a0\u00a0\u00a0\u00a0\u00a0\u00a0\u00a0 <a href=\"http:\/\/info.sadowne.pl\/wp-content\/uploads\/2022\/12\/sad549.jpg\"><img loading=\"lazy\" decoding=\"async\" class=\"alignleft size-full wp-image-26760\" src=\"http:\/\/info.sadowne.pl\/wp-content\/uploads\/2022\/12\/sad549.jpg\" alt=\"\" width=\"286\" height=\"388\" srcset=\"https:\/\/info.sadowne.pl\/wp-content\/uploads\/2022\/12\/sad549.jpg 286w, https:\/\/info.sadowne.pl\/wp-content\/uploads\/2022\/12\/sad549-221x300.jpg 221w\" sizes=\"auto, (max-width: 286px) 100vw, 286px\" \/><\/a><a href=\"http:\/\/info.sadowne.pl\/wp-content\/uploads\/2022\/12\/sad550.jpg\"><img loading=\"lazy\" decoding=\"async\" class=\"alignright size-full wp-image-26761\" src=\"http:\/\/info.sadowne.pl\/wp-content\/uploads\/2022\/12\/sad550.jpg\" alt=\"\" width=\"285\" height=\"388\" srcset=\"https:\/\/info.sadowne.pl\/wp-content\/uploads\/2022\/12\/sad550.jpg 285w, https:\/\/info.sadowne.pl\/wp-content\/uploads\/2022\/12\/sad550-220x300.jpg 220w\" sizes=\"auto, (max-width: 285px) 100vw, 285px\" \/><\/a> <\/strong><\/p>\n<p><strong>\u00a0<\/strong><\/p>\n<p><strong>\u00a0<\/strong><\/p>\n<p>&nbsp;<\/p>\n<p>&nbsp;<\/p>\n<p>&nbsp;<\/p>\n<p>&nbsp;<\/p>\n<p>&nbsp;<\/p>\n<p>&nbsp;<\/p>\n<p>&nbsp;<\/p>\n<p>&nbsp;<\/p>\n<p><strong>Znowu wieniec Sadownego i zespo\u0142u SADOWIANKI oraz wieniec z Grabin gmina Sadowne, jako jedne z najpi\u0119kniejszych na tym \u015bwi\u0119cie.<\/strong><\/p>\n<p><a href=\"http:\/\/info.sadowne.pl\/wp-content\/uploads\/2022\/12\/sad551.jpg\"><img loading=\"lazy\" decoding=\"async\" class=\"aligncenter size-full wp-image-26765\" src=\"http:\/\/info.sadowne.pl\/wp-content\/uploads\/2022\/12\/sad551.jpg\" alt=\"\" width=\"479\" height=\"320\" srcset=\"https:\/\/info.sadowne.pl\/wp-content\/uploads\/2022\/12\/sad551.jpg 479w, https:\/\/info.sadowne.pl\/wp-content\/uploads\/2022\/12\/sad551-300x200.jpg 300w\" sizes=\"auto, (max-width: 479px) 100vw, 479px\" \/><\/a><\/p>\n<p><strong>Mazowieckie \u015awi\u0119to Chleba i Sera w W\u0119growie<\/strong> rozpocz\u0119\u0142a uroczysta msza \u015bw. w w\u0119growskiej Bazylice Mniejszej, gdzie r\u00f3wnie\u017c prezentowano i po\u015bwi\u0119cono wie\u0144ce do\u017cynkowe powiatu w\u0119growskiego. Uczestniczy\u0142y one nast\u0119pnie w Konkursie na: <strong>\u201eNajpi\u0119kniejszy wieniec do\u017cynkowy\u201d.<\/strong><\/p>\n<div id=\"attachment_26766\" style=\"width: 489px\" class=\"wp-caption aligncenter\"><a href=\"http:\/\/info.sadowne.pl\/wp-content\/uploads\/2022\/12\/sad552.jpg\"><img loading=\"lazy\" decoding=\"async\" aria-describedby=\"caption-attachment-26766\" class=\"wp-image-26766 size-full\" src=\"http:\/\/info.sadowne.pl\/wp-content\/uploads\/2022\/12\/sad552.jpg\" alt=\"\" width=\"479\" height=\"320\" srcset=\"https:\/\/info.sadowne.pl\/wp-content\/uploads\/2022\/12\/sad552.jpg 479w, https:\/\/info.sadowne.pl\/wp-content\/uploads\/2022\/12\/sad552-300x200.jpg 300w\" sizes=\"auto, (max-width: 479px) 100vw, 479px\" \/><\/a><p id=\"caption-attachment-26766\" class=\"wp-caption-text\">Delegacja Zespo\u0142u SADOWIANKI w w\u0119growskiej Bazylice Mniejszej<\/p><\/div>\n<div id=\"attachment_26767\" style=\"width: 523px\" class=\"wp-caption aligncenter\"><a href=\"http:\/\/info.sadowne.pl\/wp-content\/uploads\/2022\/12\/sad553.jpg\"><img loading=\"lazy\" decoding=\"async\" aria-describedby=\"caption-attachment-26767\" class=\"wp-image-26767 size-full\" src=\"http:\/\/info.sadowne.pl\/wp-content\/uploads\/2022\/12\/sad553.jpg\" alt=\"\" width=\"513\" height=\"343\" srcset=\"https:\/\/info.sadowne.pl\/wp-content\/uploads\/2022\/12\/sad553.jpg 513w, https:\/\/info.sadowne.pl\/wp-content\/uploads\/2022\/12\/sad553-300x201.jpg 300w\" sizes=\"auto, (max-width: 513px) 100vw, 513px\" \/><\/a><p id=\"caption-attachment-26767\" class=\"wp-caption-text\">W kategorii tradycyjnych wie\u0144c\u00f3w do\u017cynkowych na II miejscu uplasowa\u0142 si\u0119 wieniec reprezentuj\u0105cy Sadowne i Zesp\u00f3\u0142 \u015apiewaczy \u201eSadowianki\u201d<\/p><\/div>\n<p><a href=\"http:\/\/info.sadowne.pl\/wp-content\/uploads\/2022\/12\/sad554.jpg\"><img loading=\"lazy\" decoding=\"async\" class=\"aligncenter size-full wp-image-26768\" src=\"http:\/\/info.sadowne.pl\/wp-content\/uploads\/2022\/12\/sad554.jpg\" alt=\"\" width=\"513\" height=\"343\" srcset=\"https:\/\/info.sadowne.pl\/wp-content\/uploads\/2022\/12\/sad554.jpg 513w, https:\/\/info.sadowne.pl\/wp-content\/uploads\/2022\/12\/sad554-300x201.jpg 300w\" sizes=\"auto, (max-width: 513px) 100vw, 513px\" \/><\/a><\/p>\n<p><strong>W kategorii wie\u0144c\u00f3w o formatach obcych tradycji ludowej wieniec p. <\/strong><strong>Malwiny Perzyna z Grabin, gmina Sadowne, by\u0142 bezkonkurencyjny <\/strong><strong>i zaj\u0105\u0142 I miejsce.<\/strong><\/p>\n<p>Wszyscy wyr\u00f3\u017cnieni otrzymali nagrody z r\u0105k Wicestarosty W\u0119growskiego <strong>p.<\/strong> <strong>Haliny Uli\u0144skiej,<\/strong> W\u00f3jta Gminy Sadowne <strong>p. Waldemara Cyrana<\/strong> oraz organizator\u00f3w i sponsor\u00f3w poszczeg\u00f3lnych konkurs\u00f3w.<\/p>\n<div id=\"attachment_26769\" style=\"width: 526px\" class=\"wp-caption aligncenter\"><a href=\"http:\/\/info.sadowne.pl\/wp-content\/uploads\/2022\/12\/sad555.jpg\"><img loading=\"lazy\" decoding=\"async\" aria-describedby=\"caption-attachment-26769\" class=\"wp-image-26769 size-full\" src=\"http:\/\/info.sadowne.pl\/wp-content\/uploads\/2022\/12\/sad555.jpg\" alt=\"\" width=\"516\" height=\"345\" srcset=\"https:\/\/info.sadowne.pl\/wp-content\/uploads\/2022\/12\/sad555.jpg 516w, https:\/\/info.sadowne.pl\/wp-content\/uploads\/2022\/12\/sad555-300x201.jpg 300w\" sizes=\"auto, (max-width: 516px) 100vw, 516px\" \/><\/a><p id=\"caption-attachment-26769\" class=\"wp-caption-text\">W\u00f3jt Gminy Sadowne \u2013 p. Waldemar Cyran, Zesp\u00f3\u0142 SADOWIANKI, p. Malwina Perzyna z Grabin, gmina Sadowne<\/p><\/div>\n<div id=\"attachment_26770\" style=\"width: 528px\" class=\"wp-caption aligncenter\"><a href=\"http:\/\/info.sadowne.pl\/wp-content\/uploads\/2022\/12\/sad556.jpg\"><img loading=\"lazy\" decoding=\"async\" aria-describedby=\"caption-attachment-26770\" class=\"wp-image-26770 size-full\" src=\"http:\/\/info.sadowne.pl\/wp-content\/uploads\/2022\/12\/sad556.jpg\" alt=\"\" width=\"518\" height=\"347\" srcset=\"https:\/\/info.sadowne.pl\/wp-content\/uploads\/2022\/12\/sad556.jpg 518w, https:\/\/info.sadowne.pl\/wp-content\/uploads\/2022\/12\/sad556-300x201.jpg 300w\" sizes=\"auto, (max-width: 518px) 100vw, 518px\" \/><\/a><p id=\"caption-attachment-26770\" class=\"wp-caption-text\">W\u00f3jt Gminy Sadowne &#8211; p. Waldemar Cyran z reprezentacj\u0105 Sadownego i gminy Sadowne<\/p><\/div>\n<h3 style=\"text-align: center;\"><strong>SADOWNE<\/strong><\/h3>\n<h2 style=\"text-align: center;\"><em><span style=\"color: #0000ff;\"><strong>17-ty Plener Malarski w Sadownem<\/strong><\/span><\/em><\/h2>\n<p><strong>18 wrze\u015bnia 2017 r. w Gminnym O\u015brodku Kultury w Sadownem odby\u0142 si\u0119 <\/strong><strong>wernisa\u017c poplenerowy.<\/strong><\/p>\n<p><strong><a href=\"http:\/\/info.sadowne.pl\/wp-content\/uploads\/2022\/12\/sad557.jpg\"><img loading=\"lazy\" decoding=\"async\" class=\"aligncenter size-full wp-image-26771\" src=\"http:\/\/info.sadowne.pl\/wp-content\/uploads\/2022\/12\/sad557.jpg\" alt=\"\" width=\"579\" height=\"513\" srcset=\"https:\/\/info.sadowne.pl\/wp-content\/uploads\/2022\/12\/sad557.jpg 579w, https:\/\/info.sadowne.pl\/wp-content\/uploads\/2022\/12\/sad557-300x266.jpg 300w\" sizes=\"auto, (max-width: 579px) 100vw, 579px\" \/><\/a>\u00a0<\/strong><\/p>\n<p><strong>\u00a0<\/strong>Podczas otwarcia wernisa\u017cu pad\u0142y s\u0142owa podzi\u0119kowania zar\u00f3wno ze strony artyst\u00f3w, w imieniu, kt\u00f3rych zabra\u0142a g\u0142os komisarz Pleneru p<strong>. Wanda Falencik-Masznicz <\/strong>(za mo\u017cliwo\u015b\u0107 pracy na naszym terenie oraz \u017cyczliwe przyj\u0119cie), jak i przedstawicieli Naszej Gminy, opiekun\u00f3w i wsp\u00f3\u0142organizator\u00f3w Pleneru: <strong>p. Waldemara Cyrana <\/strong>\u2013 W\u00f3jta Gminy Sadowne i <strong>p. Ewy Pi\u00f3rkowskiej<\/strong> \u2013 Dyrektora Gminnego O\u015brodka Kultury (za rozbudzenie w nas zainteresowa\u0144 artystycznych, dostarczenie pozytywnych emocji, wzrusze\u0144, mo\u017cliwo\u015bci podziwiania naszej pi\u0119knej przyrody i szacunku dla talentu artyst\u00f3w).<\/p>\n<div id=\"attachment_26772\" style=\"width: 517px\" class=\"wp-caption aligncenter\"><a href=\"http:\/\/info.sadowne.pl\/wp-content\/uploads\/2022\/12\/sad558.jpg\"><img loading=\"lazy\" decoding=\"async\" aria-describedby=\"caption-attachment-26772\" class=\"wp-image-26772 size-full\" src=\"http:\/\/info.sadowne.pl\/wp-content\/uploads\/2022\/12\/sad558.jpg\" alt=\"\" width=\"507\" height=\"273\" srcset=\"https:\/\/info.sadowne.pl\/wp-content\/uploads\/2022\/12\/sad558.jpg 507w, https:\/\/info.sadowne.pl\/wp-content\/uploads\/2022\/12\/sad558-300x162.jpg 300w\" sizes=\"auto, (max-width: 507px) 100vw, 507px\" \/><\/a><p id=\"caption-attachment-26772\" class=\"wp-caption-text\">P. Ewa Pi\u00f3rkowska, P. Waldemar Cyran, P. Wanda Falencik-Masznicz<\/p><\/div>\n<p>Plener malarski bardzo pozytywnie wp\u0142ywa na promocj\u0119 gminy Sadowne a tak\u017ce umo\u017cliwia naszym mieszka\u0144com bezpo\u015bredni kontakt ze sztuk\u0105 i jej wybitnymi tw\u00f3rcami.<\/p>\n<p><a href=\"http:\/\/info.sadowne.pl\/wp-content\/uploads\/2022\/12\/sad559.jpg\"><img loading=\"lazy\" decoding=\"async\" class=\"alignleft size-full wp-image-26773\" src=\"http:\/\/info.sadowne.pl\/wp-content\/uploads\/2022\/12\/sad559.jpg\" alt=\"\" width=\"222\" height=\"255\" \/><\/a><a href=\"http:\/\/info.sadowne.pl\/wp-content\/uploads\/2022\/12\/sad560.jpg\"><img loading=\"lazy\" decoding=\"async\" class=\"alignright size-full wp-image-26774\" src=\"http:\/\/info.sadowne.pl\/wp-content\/uploads\/2022\/12\/sad560.jpg\" alt=\"\" width=\"223\" height=\"256\" \/><\/a><\/p>\n<p>&nbsp;<\/p>\n<p>&nbsp;<\/p>\n<p>&nbsp;<\/p>\n<p>&nbsp;<\/p>\n<div id=\"attachment_26775\" style=\"width: 560px\" class=\"wp-caption aligncenter\"><a href=\"http:\/\/info.sadowne.pl\/wp-content\/uploads\/2022\/12\/sad561.jpg\"><img loading=\"lazy\" decoding=\"async\" aria-describedby=\"caption-attachment-26775\" class=\"wp-image-26775 size-full\" src=\"http:\/\/info.sadowne.pl\/wp-content\/uploads\/2022\/12\/sad561.jpg\" alt=\"\" width=\"550\" height=\"368\" srcset=\"https:\/\/info.sadowne.pl\/wp-content\/uploads\/2022\/12\/sad561.jpg 550w, https:\/\/info.sadowne.pl\/wp-content\/uploads\/2022\/12\/sad561-300x201.jpg 300w\" sizes=\"auto, (max-width: 550px) 100vw, 550px\" \/><\/a><p id=\"caption-attachment-26775\" class=\"wp-caption-text\">Plenerowi Arty\u015bci z p. Ew\u0105 Pi\u00f3rkowsk\u0105 i p. w\u00f3jtem Waldemarem Cyranem<\/p><\/div>\n<p><a href=\"http:\/\/info.sadowne.pl\/wp-content\/uploads\/2022\/12\/sad562.jpg\"><img loading=\"lazy\" decoding=\"async\" class=\"aligncenter size-full wp-image-26777\" src=\"http:\/\/info.sadowne.pl\/wp-content\/uploads\/2022\/12\/sad562.jpg\" alt=\"\" width=\"392\" height=\"263\" srcset=\"https:\/\/info.sadowne.pl\/wp-content\/uploads\/2022\/12\/sad562.jpg 392w, https:\/\/info.sadowne.pl\/wp-content\/uploads\/2022\/12\/sad562-300x201.jpg 300w\" sizes=\"auto, (max-width: 392px) 100vw, 392px\" \/><\/a><\/p>\n<p>W tym roku arty\u015bci w czasie ca\u0142ego Pleneru go\u015bcili u <strong>Pa\u0144stwa Iwony i Piotra Olkowskich w Gospodarstwie Agroturystycznym \u201ePrzy lesie\u201d w <\/strong>miejscowo\u015bci <strong>Oci\u0119te.<\/strong><\/p>\n<h3 style=\"text-align: center;\"><span style=\"color: #008000;\"><em><strong>A co tam si\u0119 dzia\u0142o, to popatrzmy sami.<\/strong><\/em><\/span><\/h3>\n<p><a href=\"http:\/\/info.sadowne.pl\/wp-content\/uploads\/2022\/12\/sad563.jpg\"><img loading=\"lazy\" decoding=\"async\" class=\"alignleft size-full wp-image-26778\" src=\"http:\/\/info.sadowne.pl\/wp-content\/uploads\/2022\/12\/sad563.jpg\" alt=\"\" width=\"303\" height=\"204\" srcset=\"https:\/\/info.sadowne.pl\/wp-content\/uploads\/2022\/12\/sad563.jpg 303w, https:\/\/info.sadowne.pl\/wp-content\/uploads\/2022\/12\/sad563-300x202.jpg 300w\" sizes=\"auto, (max-width: 303px) 100vw, 303px\" \/><\/a><a href=\"http:\/\/info.sadowne.pl\/wp-content\/uploads\/2022\/12\/sad564.jpg\"><img loading=\"lazy\" decoding=\"async\" class=\"alignright size-full wp-image-26779\" src=\"http:\/\/info.sadowne.pl\/wp-content\/uploads\/2022\/12\/sad564.jpg\" alt=\"\" width=\"275\" height=\"204\" \/><\/a><\/p>\n<p>&nbsp;<\/p>\n<p>&nbsp;<\/p>\n<p>&nbsp;<\/p>\n<p>&nbsp;<\/p>\n<p>&nbsp;<\/p>\n<p>&nbsp;<\/p>\n<p>&nbsp;<\/p>\n<p>&nbsp;<\/p>\n<p style=\"text-align: center;\"><strong>Jak wykopki, to wykopki!<\/strong><\/p>\n<p><a href=\"http:\/\/info.sadowne.pl\/wp-content\/uploads\/2022\/12\/sad565.jpg\"><img loading=\"lazy\" decoding=\"async\" class=\"alignleft size-full wp-image-26784\" src=\"http:\/\/info.sadowne.pl\/wp-content\/uploads\/2022\/12\/sad565.jpg\" alt=\"\" width=\"278\" height=\"200\" srcset=\"https:\/\/info.sadowne.pl\/wp-content\/uploads\/2022\/12\/sad565.jpg 278w, https:\/\/info.sadowne.pl\/wp-content\/uploads\/2022\/12\/sad565-180x130.jpg 180w\" sizes=\"auto, (max-width: 278px) 100vw, 278px\" \/><\/a><a href=\"http:\/\/info.sadowne.pl\/wp-content\/uploads\/2022\/12\/sad566.jpg\"><img loading=\"lazy\" decoding=\"async\" class=\"alignright size-full wp-image-26785\" src=\"http:\/\/info.sadowne.pl\/wp-content\/uploads\/2022\/12\/sad566.jpg\" alt=\"\" width=\"279\" height=\"200\" srcset=\"https:\/\/info.sadowne.pl\/wp-content\/uploads\/2022\/12\/sad566.jpg 279w, https:\/\/info.sadowne.pl\/wp-content\/uploads\/2022\/12\/sad566-180x130.jpg 180w\" sizes=\"auto, (max-width: 279px) 100vw, 279px\" \/><\/a><\/p>\n<p>&nbsp;<\/p>\n<p>&nbsp;<\/p>\n<p>&nbsp;<\/p>\n<p>&nbsp;<\/p>\n<p>&nbsp;<\/p>\n<p>&nbsp;<\/p>\n<p>&nbsp;<\/p>\n<p>&nbsp;<\/p>\n<p style=\"text-align: center;\"><strong>Nie ma lenistwa i ju\u017c pe\u0142en w\u00f3z!<\/strong><\/p>\n<p><a href=\"http:\/\/info.sadowne.pl\/wp-content\/uploads\/2022\/12\/sad567.jpg\"><img loading=\"lazy\" decoding=\"async\" class=\"aligncenter size-full wp-image-26789\" src=\"http:\/\/info.sadowne.pl\/wp-content\/uploads\/2022\/12\/sad567.jpg\" alt=\"\" width=\"558\" height=\"277\" srcset=\"https:\/\/info.sadowne.pl\/wp-content\/uploads\/2022\/12\/sad567.jpg 558w, https:\/\/info.sadowne.pl\/wp-content\/uploads\/2022\/12\/sad567-300x149.jpg 300w\" sizes=\"auto, (max-width: 558px) 100vw, 558px\" \/><\/a><\/p>\n<p style=\"text-align: center;\"><strong>Mo\u017cna wraca\u0107 z pola do domu.<\/strong><\/p>\n<h3 style=\"text-align: center;\"><span style=\"color: #ff0000;\"><strong><em>Wykopki uda\u0142y si\u0119!<\/em><\/strong><\/span><\/h3>\n<p><a href=\"http:\/\/info.sadowne.pl\/wp-content\/uploads\/2022\/12\/sad568.jpg\"><img loading=\"lazy\" decoding=\"async\" class=\"aligncenter size-full wp-image-26790\" src=\"http:\/\/info.sadowne.pl\/wp-content\/uploads\/2022\/12\/sad568.jpg\" alt=\"\" width=\"479\" height=\"321\" srcset=\"https:\/\/info.sadowne.pl\/wp-content\/uploads\/2022\/12\/sad568.jpg 479w, https:\/\/info.sadowne.pl\/wp-content\/uploads\/2022\/12\/sad568-300x201.jpg 300w\" sizes=\"auto, (max-width: 479px) 100vw, 479px\" \/><\/a><\/p>\n<p style=\"text-align: center;\">Prace naszych artyst\u00f3w.<\/p>\n<div id=\"attachment_26791\" style=\"width: 302px\" class=\"wp-caption aligncenter\"><a href=\"http:\/\/info.sadowne.pl\/wp-content\/uploads\/2022\/12\/sad569.jpg\"><img loading=\"lazy\" decoding=\"async\" aria-describedby=\"caption-attachment-26791\" class=\"wp-image-26791 size-full\" src=\"http:\/\/info.sadowne.pl\/wp-content\/uploads\/2022\/12\/sad569.jpg\" alt=\"\" width=\"292\" height=\"379\" srcset=\"https:\/\/info.sadowne.pl\/wp-content\/uploads\/2022\/12\/sad569.jpg 292w, https:\/\/info.sadowne.pl\/wp-content\/uploads\/2022\/12\/sad569-231x300.jpg 231w\" sizes=\"auto, (max-width: 292px) 100vw, 292px\" \/><\/a><p id=\"caption-attachment-26791\" class=\"wp-caption-text\">Nasz akordeonista \u2013 ANDRZEJ OLTON<\/p><\/div>\n<p>Jak wida\u0107 wszyscy doskonale bawili si\u0119, wypoczywali i ju\u017c deklaruj\u0105 powr\u00f3t w to miejsce. Zobaczymy jak b\u0119dzie za rok. A podczas uroczystego wernisa\u017cu mo\u017cna by\u0142o obejrze\u0107 efekty kilkudniowej pracy artyst\u00f3w, w tym obrazy malowane r\u00f3\u017cn\u0105 technik\u0105, ikony, porcelan\u0119 r\u0119cznie malowan\u0105, wycinanki i zdj\u0119cia. Zwiedzaj\u0105cy wystaw\u0119 byli pe\u0142ni podziwu dla pomys\u0142owo\u015bci tw\u00f3rc\u00f3w i jako\u015bci prezentowanych prac.<\/p>\n<h3 style=\"text-align: center;\"><strong><span style=\"color: #3366ff;\"><em>Ale\u00a0 to\u00a0 \u00a0jeszcze\u00a0 nie\u00a0 koniec ! ! ! <\/em><\/span>\u00a0\u00a0\u00a0\u00a0\u00a0\u00a0\u00a0\u00a0\u00a0\u00a0\u00a0\u00a0\u00a0\u00a0\u00a0\u00a0\u00a0\u00a0\u00a0\u00a0\u00a0\u00a0\u00a0\u00a0\u00a0\u00a0\u00a0 <\/strong><\/h3>\n<p style=\"text-align: center;\">Kochani jak zawsze najlepsze atrakcje bywaj\u0105 po cz\u0119\u015bci oficjalnej. Tym razem by\u0142o podobnie.<\/p>\n<p style=\"text-align: center;\">Ca\u0142a grupa malarska wraz z nami <strong>SADOWIANKAMI<\/strong> przenios\u0142a si\u0119 do Gospodarstwa Agroturystycznego<strong> ,,Przy Lesie\u201d<\/strong> do <strong>Pa\u0144stwa Olkowskich<\/strong>.<\/p>\n<p><a href=\"http:\/\/info.sadowne.pl\/wp-content\/uploads\/2022\/12\/sad570.jpg\"><img loading=\"lazy\" decoding=\"async\" class=\"aligncenter size-full wp-image-26792\" src=\"http:\/\/info.sadowne.pl\/wp-content\/uploads\/2022\/12\/sad570.jpg\" alt=\"\" width=\"384\" height=\"43\" srcset=\"https:\/\/info.sadowne.pl\/wp-content\/uploads\/2022\/12\/sad570.jpg 384w, https:\/\/info.sadowne.pl\/wp-content\/uploads\/2022\/12\/sad570-300x34.jpg 300w\" sizes=\"auto, (max-width: 384px) 100vw, 384px\" \/><\/a><\/p>\n<div id=\"attachment_26793\" style=\"width: 522px\" class=\"wp-caption aligncenter\"><a href=\"http:\/\/info.sadowne.pl\/wp-content\/uploads\/2022\/12\/sad571.jpg\"><img loading=\"lazy\" decoding=\"async\" aria-describedby=\"caption-attachment-26793\" class=\"wp-image-26793 size-full\" src=\"http:\/\/info.sadowne.pl\/wp-content\/uploads\/2022\/12\/sad571.jpg\" alt=\"\" width=\"512\" height=\"218\" srcset=\"https:\/\/info.sadowne.pl\/wp-content\/uploads\/2022\/12\/sad571.jpg 512w, https:\/\/info.sadowne.pl\/wp-content\/uploads\/2022\/12\/sad571-300x128.jpg 300w\" sizes=\"auto, (max-width: 512px) 100vw, 512px\" \/><\/a><p id=\"caption-attachment-26793\" class=\"wp-caption-text\">Nasza wspania\u0142a grupa Artyst\u00f3w Malarzy<\/p><\/div>\n<div id=\"attachment_26794\" style=\"width: 525px\" class=\"wp-caption aligncenter\"><a href=\"http:\/\/info.sadowne.pl\/wp-content\/uploads\/2022\/12\/sad572.jpg\"><img loading=\"lazy\" decoding=\"async\" aria-describedby=\"caption-attachment-26794\" class=\"wp-image-26794 size-full\" src=\"http:\/\/info.sadowne.pl\/wp-content\/uploads\/2022\/12\/sad572.jpg\" alt=\"\" width=\"515\" height=\"291\" srcset=\"https:\/\/info.sadowne.pl\/wp-content\/uploads\/2022\/12\/sad572.jpg 515w, https:\/\/info.sadowne.pl\/wp-content\/uploads\/2022\/12\/sad572-300x170.jpg 300w\" sizes=\"auto, (max-width: 515px) 100vw, 515px\" \/><\/a><p id=\"caption-attachment-26794\" class=\"wp-caption-text\">Pa\u0144stwo Iwona i Piotr Olkowscy, sprawcy ca\u0142ej biesiady w Oci\u0119tem<\/p><\/div>\n<div id=\"attachment_26795\" style=\"width: 584px\" class=\"wp-caption aligncenter\"><a href=\"http:\/\/info.sadowne.pl\/wp-content\/uploads\/2022\/12\/sad573.jpg\"><img loading=\"lazy\" decoding=\"async\" aria-describedby=\"caption-attachment-26795\" class=\"wp-image-26795 size-full\" src=\"http:\/\/info.sadowne.pl\/wp-content\/uploads\/2022\/12\/sad573.jpg\" alt=\"\" width=\"574\" height=\"278\" srcset=\"https:\/\/info.sadowne.pl\/wp-content\/uploads\/2022\/12\/sad573.jpg 574w, https:\/\/info.sadowne.pl\/wp-content\/uploads\/2022\/12\/sad573-300x145.jpg 300w\" sizes=\"auto, (max-width: 574px) 100vw, 574px\" \/><\/a><p id=\"caption-attachment-26795\" class=\"wp-caption-text\">SADOWIANKI \u2013 Ela D\u0119bkowska, Hania D\u0119bkowska, Jadzia Borowa, Marysia Szymanik, Tereska Biernat, Bogusia Danaj, Tereska Piwek<\/p><\/div>\n<div id=\"attachment_26796\" style=\"width: 586px\" class=\"wp-caption aligncenter\"><a href=\"http:\/\/info.sadowne.pl\/wp-content\/uploads\/2022\/12\/sad574.jpg\"><img loading=\"lazy\" decoding=\"async\" aria-describedby=\"caption-attachment-26796\" class=\"wp-image-26796 size-full\" src=\"http:\/\/info.sadowne.pl\/wp-content\/uploads\/2022\/12\/sad574.jpg\" alt=\"\" width=\"576\" height=\"443\" srcset=\"https:\/\/info.sadowne.pl\/wp-content\/uploads\/2022\/12\/sad574.jpg 576w, https:\/\/info.sadowne.pl\/wp-content\/uploads\/2022\/12\/sad574-300x231.jpg 300w\" sizes=\"auto, (max-width: 576px) 100vw, 576px\" \/><\/a><p id=\"caption-attachment-26796\" class=\"wp-caption-text\">Ala Bahniuk, Henia Kibart, Zbyszek Danaj i p. Ewa Pi\u00f3rkowska<\/p><\/div>\n<div id=\"attachment_26797\" style=\"width: 594px\" class=\"wp-caption aligncenter\"><a href=\"http:\/\/info.sadowne.pl\/wp-content\/uploads\/2022\/12\/sad575.jpg\"><img loading=\"lazy\" decoding=\"async\" aria-describedby=\"caption-attachment-26797\" class=\"wp-image-26797 size-full\" src=\"http:\/\/info.sadowne.pl\/wp-content\/uploads\/2022\/12\/sad575.jpg\" alt=\"\" width=\"584\" height=\"299\" srcset=\"https:\/\/info.sadowne.pl\/wp-content\/uploads\/2022\/12\/sad575.jpg 584w, https:\/\/info.sadowne.pl\/wp-content\/uploads\/2022\/12\/sad575-300x154.jpg 300w\" sizes=\"auto, (max-width: 584px) 100vw, 584px\" \/><\/a><p id=\"caption-attachment-26797\" class=\"wp-caption-text\">Krysia Wetoszka, Piotr Olkowski, Basia Wr\u00f3bel, Ela D\u0119bkowska, Hania D\u0119bkowska<\/p><\/div>\n<div id=\"attachment_26798\" style=\"width: 581px\" class=\"wp-caption aligncenter\"><a href=\"http:\/\/info.sadowne.pl\/wp-content\/uploads\/2022\/12\/sad576.jpg\"><img loading=\"lazy\" decoding=\"async\" aria-describedby=\"caption-attachment-26798\" class=\"wp-image-26798 size-full\" src=\"http:\/\/info.sadowne.pl\/wp-content\/uploads\/2022\/12\/sad576.jpg\" alt=\"\" width=\"571\" height=\"307\" srcset=\"https:\/\/info.sadowne.pl\/wp-content\/uploads\/2022\/12\/sad576.jpg 571w, https:\/\/info.sadowne.pl\/wp-content\/uploads\/2022\/12\/sad576-300x161.jpg 300w\" sizes=\"auto, (max-width: 571px) 100vw, 571px\" \/><\/a><p id=\"caption-attachment-26798\" class=\"wp-caption-text\">Zbyszek Danaj, Andrzej Olton, Andrzej Wetoszka, Krysia Wetoszka<\/p><\/div>\n<div id=\"attachment_26799\" style=\"width: 589px\" class=\"wp-caption aligncenter\"><a href=\"http:\/\/info.sadowne.pl\/wp-content\/uploads\/2022\/12\/sad577.jpg\"><img loading=\"lazy\" decoding=\"async\" aria-describedby=\"caption-attachment-26799\" class=\"wp-image-26799 size-full\" src=\"http:\/\/info.sadowne.pl\/wp-content\/uploads\/2022\/12\/sad577.jpg\" alt=\"\" width=\"579\" height=\"271\" srcset=\"https:\/\/info.sadowne.pl\/wp-content\/uploads\/2022\/12\/sad577.jpg 579w, https:\/\/info.sadowne.pl\/wp-content\/uploads\/2022\/12\/sad577-300x140.jpg 300w\" sizes=\"auto, (max-width: 579px) 100vw, 579px\" \/><\/a><p id=\"caption-attachment-26799\" class=\"wp-caption-text\">Zbyszek Danaj przygotowuje si\u0119 do za\u015bpiewania piosenki ze swojego repertuaru<\/p><\/div>\n<div id=\"attachment_26800\" style=\"width: 593px\" class=\"wp-caption aligncenter\"><a href=\"http:\/\/info.sadowne.pl\/wp-content\/uploads\/2022\/12\/sad578.jpg\"><img loading=\"lazy\" decoding=\"async\" aria-describedby=\"caption-attachment-26800\" class=\"wp-image-26800 size-full\" src=\"http:\/\/info.sadowne.pl\/wp-content\/uploads\/2022\/12\/sad578.jpg\" alt=\"\" width=\"583\" height=\"358\" srcset=\"https:\/\/info.sadowne.pl\/wp-content\/uploads\/2022\/12\/sad578.jpg 583w, https:\/\/info.sadowne.pl\/wp-content\/uploads\/2022\/12\/sad578-300x184.jpg 300w\" sizes=\"auto, (max-width: 583px) 100vw, 583px\" \/><\/a><p id=\"caption-attachment-26800\" class=\"wp-caption-text\">Krysia Wetoszka, Piotr Olkowski, Basia Wr\u00f3bel, Ela D\u0119bkowska<\/p><\/div>\n<p>Po pracy potrzebny jest wypoczynek, rado\u015b\u0107 i zabawa. Dlatego bardzo du\u017c\u0105 rol\u0119 w naszym \u017cyciu odgrywaj\u0105 piosenki ludowe i biesiadne. \u015apiewamy je wsz\u0119dzie, podczas r\u00f3\u017cnych okazji, jakie dostarcza nam \u017cycie.<\/p>\n<p><strong>\u0179r\u00f3d\u0142o:<\/strong>\u00a0SADOWIANKI, Barbara Wr\u00f3bel, Sadowne 2022<\/p>\n<p>&nbsp;<\/p>\n","protected":false},"excerpt":{"rendered":"<p>SADOWNE &#8211; 2 wrze\u015bnia 2017 rok.<\/p>\n","protected":false},"author":1,"featured_media":0,"comment_status":"closed","ping_status":"closed","sticky":false,"template":"","format":"standard","meta":{"footnotes":""},"categories":[5,91,6],"tags":[1218,101,1217,960],"class_list":["post-26743","post","type-post","status-publish","format-standard","hentry","category-newsy","category-gminny-osrodek-kultury","category-kultura-rozrywka-edukacja","tag-barbara-wrobel","tag-historia-gminy-sadowne","tag-sadowianki","tag-zespol-spiewaczy-sadowianki"],"views":1962,"_links":{"self":[{"href":"https:\/\/info.sadowne.pl\/index.php?rest_route=\/wp\/v2\/posts\/26743","targetHints":{"allow":["GET"]}}],"collection":[{"href":"https:\/\/info.sadowne.pl\/index.php?rest_route=\/wp\/v2\/posts"}],"about":[{"href":"https:\/\/info.sadowne.pl\/index.php?rest_route=\/wp\/v2\/types\/post"}],"author":[{"embeddable":true,"href":"https:\/\/info.sadowne.pl\/index.php?rest_route=\/wp\/v2\/users\/1"}],"replies":[{"embeddable":true,"href":"https:\/\/info.sadowne.pl\/index.php?rest_route=%2Fwp%2Fv2%2Fcomments&post=26743"}],"version-history":[{"count":15,"href":"https:\/\/info.sadowne.pl\/index.php?rest_route=\/wp\/v2\/posts\/26743\/revisions"}],"predecessor-version":[{"id":26802,"href":"https:\/\/info.sadowne.pl\/index.php?rest_route=\/wp\/v2\/posts\/26743\/revisions\/26802"}],"wp:attachment":[{"href":"https:\/\/info.sadowne.pl\/index.php?rest_route=%2Fwp%2Fv2%2Fmedia&parent=26743"}],"wp:term":[{"taxonomy":"category","embeddable":true,"href":"https:\/\/info.sadowne.pl\/index.php?rest_route=%2Fwp%2Fv2%2Fcategories&post=26743"},{"taxonomy":"post_tag","embeddable":true,"href":"https:\/\/info.sadowne.pl\/index.php?rest_route=%2Fwp%2Fv2%2Ftags&post=26743"}],"curies":[{"name":"wp","href":"https:\/\/api.w.org\/{rel}","templated":true}]}}