{"id":26815,"date":"2022-12-08T14:10:29","date_gmt":"2022-12-08T13:10:29","guid":{"rendered":"http:\/\/info.sadowne.pl\/?p=26815"},"modified":"2022-12-08T14:10:29","modified_gmt":"2022-12-08T13:10:29","slug":"o-braku-wygalonowanej-sluzby-w-powiecie-ostrowskim","status":"publish","type":"post","link":"https:\/\/info.sadowne.pl\/?p=26815","title":{"rendered":"O braku wygalonowanej s\u0142u\u017cby w powiecie ostrowskim,"},"content":{"rendered":"<p><strong><a href=\"http:\/\/info.sadowne.pl\/wp-content\/uploads\/2022\/12\/Brok104.jpg\" target=\"_blank\" rel=\"noopener\"><img loading=\"lazy\" decoding=\"async\" class=\"alignleft wp-image-26816 size-thumbnail\" src=\"http:\/\/info.sadowne.pl\/wp-content\/uploads\/2022\/12\/Brok104-180x130.jpg\" alt=\"\" width=\"180\" height=\"130\" \/><\/a>\u2026o krwawej bitwie pomi\u0119dzy szlacht\u0105 i w\u0142o\u015bcianami w Sul\u0119cinie, o straszliwych skutkach spo\u017cycia blekotu oraz o ta\u0144cach dzikich w okolicach Nura, o umoralnianiu Kurpi\u00f3w i przebudzeniu w Ceranowie.<\/strong><!--more--><\/p>\n<p>Z powiatu ostrowskiego donosz\u0105, \u017ce dobrze, i\u017c nikt si\u0119 tam nie stara ol\u015bniewa\u0107 wsp\u00f3\u0142mieszka\u0144c\u00f3w herbowymi karetami, ale stolica powiatu mog\u0142aby si\u0119 zdoby\u0107 na wystawienie tawerny, w kt\u00f3rej skromny urz\u0119dnik zjad\u0142by ros\u00f3\u0142, a mo\u017ce i zrazy zawijane.<\/p>\n<p>Wiele os\u00f3b z niech\u0119ci\u0105 wspomina lektur\u0119\u00a0<em>Ch\u0142op\u00f3w<\/em>\u00a0Reymonta, ale niekt\u00f3rzy zapewne pami\u0119taj\u0105, jak to w walce o las Maciej Boryna zosta\u0142 ranny, a Antek Boryna zabi\u0142 w odwecie borowego. Do podobnych wydarze\u0144 dosz\u0142o r\u00f3wnie\u017c pod Ostrowi\u0105, a ich przebieg by\u0142 znacznie bardziej krwawy.<\/p>\n<p>Z okolic Nura informuj\u0105 o konieczno\u015bci baczniejszej opieki nad ma\u0142ymi dzie\u0107mi, ale i tych starszych te\u017c lepiej z oka nie spuszcza\u0107, bo wiadomo, \u017ce m\u0142odzi to tylko drony, bitcoiny i techno. Z tej szata\u0144skiej za\u015b tr\u00f3jki bodaj techno, czyli ta\u0144ce dzikie, bezbo\u017cne i wyuzdane s\u0105 najgorsze i nic dobrego poza sromot\u0105 przynie\u015b\u0107 zatroskanym rodzicom nie mog\u0105.<\/p>\n<p>Z kolei Dominik Staszewski, urodzony w M\u0142awie prawnik, spo\u0142ecznik i historyk regionalny snuje opowie\u015b\u0107 o Kurpiach. Czego my ju\u017c o tych Kurpiach nie wiemy \u2013 go\u015bci\u0142y na tych \u0142amach opowie\u015bci cho\u0107by o ich egzotycznym i staro\u017cytnym pochodzeniu. Dzisiejszy za\u015b artyku\u0142 jest pocz\u0105tkiem ca\u0142ego cyklu opowie\u015bci o tym tajemniczym, zamieszkuj\u0105cym nieprzeniknione puszcze plemieniu.<\/p>\n<p><strong>Wi\u0119cej na stronie <span style=\"color: #0000ff;\"><a style=\"color: #0000ff;\" href=\"https:\/\/madzelan.cba.pl\/o-braku-wygalonowanej-sluzby-w-powiecie-ostrowskim-o-krwawej-bitwie-pomiedzy-szlachta-i-wloscianami-w-sulecinie-o-straszliwych-skutkach-spozycia-blekotu-oraz-o-tancach-dzikich-w-okolicach-nura-o-um\/\" target=\"_blank\" rel=\"noopener\">https:\/\/madzelan.cba.pl\/o-braku-wygalonowanej-sluzby-w-powiecie-ostrowskim-o-krwawej-bitwie-pomiedzy-szlachta-i-wloscianami-w-sulecinie-o-straszliwych-skutkach-spozycia-blekotu-oraz-o-tancach-dzikich-w-okolicach-nura-o-um\/<\/a><\/span><\/strong><\/p>\n","protected":false},"excerpt":{"rendered":"<p>\u2026o krwawej bitwie pomi\u0119dzy szlacht\u0105 i w\u0142o\u015bcianami w Sul\u0119cinie, o straszliwych skutkach spo\u017cycia blekotu oraz o ta\u0144cach dzikich w okolicach Nura, o umoralnianiu Kurpi\u00f3w i przebudzeniu w Ceranowie.<\/p>\n","protected":false},"author":1,"featured_media":0,"comment_status":"closed","ping_status":"closed","sticky":false,"template":"","format":"standard","meta":{"footnotes":""},"categories":[5,3436,31],"tags":[101,3004,2956],"class_list":["post-26815","post","type-post","status-publish","format-standard","hentry","category-newsy","category-opowiesci-historie-legendy-brokowskie-i-nie-tylko","category-historia-gminy","tag-historia-gminy-sadowne","tag-jerzy-madzelan","tag-opowiesci-historie-legendy-brokowskie-i-nie-tylko"],"views":1607,"_links":{"self":[{"href":"https:\/\/info.sadowne.pl\/index.php?rest_route=\/wp\/v2\/posts\/26815","targetHints":{"allow":["GET"]}}],"collection":[{"href":"https:\/\/info.sadowne.pl\/index.php?rest_route=\/wp\/v2\/posts"}],"about":[{"href":"https:\/\/info.sadowne.pl\/index.php?rest_route=\/wp\/v2\/types\/post"}],"author":[{"embeddable":true,"href":"https:\/\/info.sadowne.pl\/index.php?rest_route=\/wp\/v2\/users\/1"}],"replies":[{"embeddable":true,"href":"https:\/\/info.sadowne.pl\/index.php?rest_route=%2Fwp%2Fv2%2Fcomments&post=26815"}],"version-history":[{"count":1,"href":"https:\/\/info.sadowne.pl\/index.php?rest_route=\/wp\/v2\/posts\/26815\/revisions"}],"predecessor-version":[{"id":26817,"href":"https:\/\/info.sadowne.pl\/index.php?rest_route=\/wp\/v2\/posts\/26815\/revisions\/26817"}],"wp:attachment":[{"href":"https:\/\/info.sadowne.pl\/index.php?rest_route=%2Fwp%2Fv2%2Fmedia&parent=26815"}],"wp:term":[{"taxonomy":"category","embeddable":true,"href":"https:\/\/info.sadowne.pl\/index.php?rest_route=%2Fwp%2Fv2%2Fcategories&post=26815"},{"taxonomy":"post_tag","embeddable":true,"href":"https:\/\/info.sadowne.pl\/index.php?rest_route=%2Fwp%2Fv2%2Ftags&post=26815"}],"curies":[{"name":"wp","href":"https:\/\/api.w.org\/{rel}","templated":true}]}}