{"id":26821,"date":"2022-12-09T18:17:23","date_gmt":"2022-12-09T17:17:23","guid":{"rendered":"http:\/\/info.sadowne.pl\/?p=26821"},"modified":"2022-12-09T18:17:23","modified_gmt":"2022-12-09T17:17:23","slug":"spotkanie-autorskie","status":"publish","type":"post","link":"https:\/\/info.sadowne.pl\/?p=26821","title":{"rendered":"Spotkanie autorskie"},"content":{"rendered":"<p><a href=\"http:\/\/info.sadowne.pl\/wp-content\/uploads\/2022\/12\/2022.12.09.1.jpg\" target=\"_blank\" rel=\"noopener\"><img loading=\"lazy\" decoding=\"async\" class=\"alignleft wp-image-26822 size-thumbnail\" src=\"http:\/\/info.sadowne.pl\/wp-content\/uploads\/2022\/12\/2022.12.09.1-180x130.jpg\" alt=\"\" width=\"180\" height=\"130\" \/><\/a><\/p>\n<p><strong>9 grudnia w Sadownem odby\u0142o si\u0119 spotkanie autorskie po\u0142\u0105czone z promocj\u0105 ksi\u0105\u017cki p. Zofii Pacz\u00f3skiej pt. \u201eTajemnice mazowieckich kapliczek i krzy\u017cy przydro\u017cnych\u201d.<\/strong><!--more--><\/p>\n<p>Wydanie tej ksi\u0105\u017cki poprzedzi\u0142 m.in. og\u0142oszony przez Gminny O\u015brodek Kultury w Sadownem konkurs historyczno \u2013 literacki dla dzieci oraz m\u0142odzie\u017cy na najciekawsz\u0105 opowie\u015b\u0107 na temat historii powstania kapliczek i krzy\u017cy przydro\u017cnych w gminie Sadowne. Nad konkursem i przedsi\u0119wzi\u0119ciem z ramienia Gminy Sadowne opiek\u0119 sprawowali: p. Waldemar Cyran \u2013 W\u00f3jt Gminy Sadowne i p. Ewa Pi\u00f3rkowska \u2013 Dyrektor Gminnego O\u015brodka Kultury w Sadownem.<\/p>\n<p>Konkurs ten zosta\u0142 w\u0142a\u015bnie rozstrzygni\u0119ty, oto jego wyniki:<\/p>\n<p>I miejsce &#8211; \u201eKapliczka \u015bw. Jana Nepomucena w Zalesiu\u201d \u2013 Kamila Ga\u0142\u0105zka<\/p>\n<p>II miejsce &#8211; \u201eKapliczka na starej so\u015bnie w Sadownem\u201d \u2013 Katarzyna Bujalska<\/p>\n<p>III miejsce &#8211; \u201eKapliczka \u015bw. Rocha w Ra\u017cnach\u201d \u2013 Jan Stanis\u0142awczyk<\/p>\n<p>Obecnie trwa II \u2013 wojew\u00f3dzki &#8211; etap konkursu &#8222;Tajemnice mazowieckich kapliczek i krzy\u017cy przydro\u017cnych&#8221;. Do tego etapu zakwalifikowa\u0142o si\u0119 15 historii, po 3. laureat\u00f3w I etapu konkursu og\u0142oszonego w 5 gminach (gmina Sadowne \u2013 ww. historie i ich autorzy z miejsc I-III).<\/p>\n<p><strong>Ksi\u0105\u017cka\u2026<\/strong><\/p>\n<p>W ksi\u0105\u017cce pt. &#8222;Tajemnice mazowieckich kapliczek i krzy\u017cy przydro\u017cnych&#8221; zawartych jest 50 historii powstania kapliczek i krzy\u017cy przydro\u017cnych z terenu Mazowsza, w szczeg\u00f3lno\u015bci z gminy Zbuczyn, Sadowne, Mrozy, a tak\u017ce gminy Czosn\u00f3w w powiecie nowodworskim oraz Warszawy. Informacje o historiach powstania kapliczek autorka uzyska\u0142a ze zg\u0142oszonych prac w konkursie historyczno-literackim pod tym samym tytu\u0142em. Konkursy zosta\u0142y zorganizowane przez Stowarzyszenie Edukacyjne Ziemi W\u0119growskiej oraz w\u0142odarzy ww. gmin.<\/p>\n<p>Prace konkursowe pos\u0142u\u017cy\u0142y Autorce do opracowania 50. historii mazowieckich kapliczek i krzy\u017cy. Opisane historie kapliczek zosta\u0142y zaopatrzone w zdj\u0119cia p. Agnieszki Kr\u00f3l<strong>\u00a0<\/strong>i\u00a0p. Tomasza Pawlicy, a tak\u017ce specjalnie namalowane przez znakomitego malarza \u2013 regionalist\u0119\u00a0p. Miros\u0142awa Greluka\u00a0obrazy, kt\u00f3re wesz\u0142y do ksi\u0105\u017cki jako ilustracje. Napotkamy tam tak\u017ce wiersze poetki z terenu powiatu siedleckiego \u2013 p. Marii Wo\u017aniak.<\/p>\n<p><strong>A spotkanie autorskie w Sadownem?<\/strong><\/p>\n<p>Od niedzieli 4 grudnia p. Zofia Pacz\u00f3ska prowadzi cykl spotka\u0144 autorskich promuj\u0105cych ksi\u0105\u017ck\u0119 po\u0142\u0105czonych z wystaw\u0105 fotograficzn\u0105 p. Agnieszki Kr\u00f3l oraz p. Tomasza Pawlicy, a tak\u017ce z wystaw\u0105 malarsk\u0105 p. Miros\u0142awa Greluka. 9 grudnia jedno z takich spotka\u0144 odby\u0142o si\u0119 w Gminnym O\u015brodku Kultury w Sadownem. Jego uczestnicy zostali zapoznani z kulisami genezy konkursu i drog\u0105 Autorki do wydania ksi\u0105\u017cki, a tak\u017ce us\u0142yszeli nagrodzone historie kapliczek gminy Sadowne. Pokr\u00f3tce o sadowie\u0144skich kapliczkach i ciekawych, zwi\u0105zanych z nimi wydarzeniach opowiedzia\u0142 wszystkim p. S\u0142awomir Akonom, a organizatorzy gminnego konkursu wr\u0119czyli jego laureatom zas\u0142u\u017cone nagrody i dyplomy. By\u0142 te\u017c czas na pytania i uzyskanie autografu p. Zofii Pacz\u00f3skiej na rozdanych uczestnikom spotkania egzemplarzach Jej ksi\u0105\u017cki.<\/p>\n<p>Zako\u0144czenie II etapu konkursu na najciekawsz\u0105 histori\u0119 kapliczki czy krzy\u017ca przydro\u017cnego tu\u017c, tu\u017c &#8211; o jego wynikach dowiemy si\u0119 wkr\u00f3tce. Na zwyci\u0119zc\u00f3w czekaj\u0105 atrakcyjne nagrody, kt\u00f3re zostan\u0105 wr\u0119czone na ostatnim z cyklu spotkaniu autorskim &#8211; 11 grudnia w Mrozach.<\/p>\n<p><span style=\"color: #0000ff;\"><a style=\"color: #0000ff;\" href=\"https:\/\/photos.app.goo.gl\/Mms4wQsbXMGSkHdg6\" target=\"_blank\" rel=\"noopener\"><strong>Zdj\u0119cia w galerii Google&gt;&gt;&gt;<\/strong><\/a><\/span><\/p>\n<p><strong>Tekst\/foto: <\/strong>S\u0142awek Chyli\u0144ski<\/p>\n<p><strong>\u0179r\u00f3d\u0142a:<\/strong><\/p>\n<p>www.tygodniksiedlecki.com<\/p>\n<p>Internet<\/p>\n","protected":false},"excerpt":{"rendered":"<p>9 grudnia w Sadownem odby\u0142o si\u0119 spotkanie autorskie po\u0142\u0105czone z promocj\u0105 ksi\u0105\u017cki p. Zofii Pacz\u00f3skiej pt. \u201eTajemnice mazowieckich kapliczek i krzy\u017cy przydro\u017cnych\u201d.<\/p>\n","protected":false},"author":1,"featured_media":0,"comment_status":"closed","ping_status":"closed","sticky":false,"template":"","format":"standard","meta":{"footnotes":""},"categories":[5,91,6],"tags":[169,3896,3884],"class_list":["post-26821","post","type-post","status-publish","format-standard","hentry","category-newsy","category-gminny-osrodek-kultury","category-kultura-rozrywka-edukacja","tag-gminny-osrodek-kultury-w-sadownem","tag-konkurs-tajemnice-mazowieckich-kapliczek-i-krzyzy-przydroznych","tag-zofia-paczoska"],"views":1966,"_links":{"self":[{"href":"https:\/\/info.sadowne.pl\/index.php?rest_route=\/wp\/v2\/posts\/26821","targetHints":{"allow":["GET"]}}],"collection":[{"href":"https:\/\/info.sadowne.pl\/index.php?rest_route=\/wp\/v2\/posts"}],"about":[{"href":"https:\/\/info.sadowne.pl\/index.php?rest_route=\/wp\/v2\/types\/post"}],"author":[{"embeddable":true,"href":"https:\/\/info.sadowne.pl\/index.php?rest_route=\/wp\/v2\/users\/1"}],"replies":[{"embeddable":true,"href":"https:\/\/info.sadowne.pl\/index.php?rest_route=%2Fwp%2Fv2%2Fcomments&post=26821"}],"version-history":[{"count":1,"href":"https:\/\/info.sadowne.pl\/index.php?rest_route=\/wp\/v2\/posts\/26821\/revisions"}],"predecessor-version":[{"id":26823,"href":"https:\/\/info.sadowne.pl\/index.php?rest_route=\/wp\/v2\/posts\/26821\/revisions\/26823"}],"wp:attachment":[{"href":"https:\/\/info.sadowne.pl\/index.php?rest_route=%2Fwp%2Fv2%2Fmedia&parent=26821"}],"wp:term":[{"taxonomy":"category","embeddable":true,"href":"https:\/\/info.sadowne.pl\/index.php?rest_route=%2Fwp%2Fv2%2Fcategories&post=26821"},{"taxonomy":"post_tag","embeddable":true,"href":"https:\/\/info.sadowne.pl\/index.php?rest_route=%2Fwp%2Fv2%2Ftags&post=26821"}],"curies":[{"name":"wp","href":"https:\/\/api.w.org\/{rel}","templated":true}]}}