{"id":2685,"date":"2013-08-02T19:55:58","date_gmt":"2013-08-02T17:55:58","guid":{"rendered":"http:\/\/www.infosadowne.boo.pl\/?p=2685"},"modified":"2013-08-27T21:01:05","modified_gmt":"2013-08-27T19:01:05","slug":"lomzynska-dotarla-do-sadownego","status":"publish","type":"post","link":"https:\/\/info.sadowne.pl\/?p=2685","title":{"rendered":"&#8222;\u0141om\u017cy\u0144ska&#8221; dotar\u0142a do Sadownego"},"content":{"rendered":"<p style=\"text-align: justify;\"><strong><img loading=\"lazy\" decoding=\"async\" class=\"alignleft size-thumbnail wp-image-2687\" alt=\"2013.08.02.2\" src=\"http:\/\/www.info.sadowne.pl\/wp-content\/uploads\/2013\/08\/2013.08.02.2-180x130.jpg\" width=\"180\" height=\"130\" \/>29 Piesza Pielgrzymka \u0141om\u017cy\u0144ska 2 sierpnia dotar\u0142a do Sadownego.<!--more--><\/strong><\/p>\n<p style=\"text-align: justify;\">Grupy: srebrna z Ostrowi Mazowieckiej, czerwono-zielona z Ostro\u0142\u0119ki i \u017c\u00f3\u0142to-br\u0105zowa z \u0141om\u017cy wyruszy\u0142y wsp\u00f3lnie na szlak. W Broku do\u0142\u0105czy\u0142a do nich grupa niebieska z Zambrowa. Ok. godz. 17.00\u00a0 pierwsi pielgrzymi PP\u0141 przekroczyli granic\u0119 naszej gminy. W Sadownem zaplanowany jest o godz. 21.00 Apel Jasnog\u00f3rski i nocleg. Nast\u0119pnego dnia, 3 sierpnia wymarsz o godz. 6.00 przez Stoczek, Korytnic\u0119 do Pniewnika.<\/p>\n<p style=\"text-align: justify;\">\n<p>&nbsp;<\/p>\n","protected":false},"excerpt":{"rendered":"<p>29 Piesza Pielgrzymka \u0141om\u017cy\u0144ska 2 sierpnia dotar\u0142a do Sadownego.<\/p>\n","protected":false},"author":1,"featured_media":0,"comment_status":"open","ping_status":"open","sticky":false,"template":"","format":"standard","meta":{"footnotes":""},"categories":[5,1],"tags":[327,25],"class_list":["post-2685","post","type-post","status-publish","format-standard","hentry","category-newsy","category-inne","tag-29-piesza-pielgrzymka-lomzynska","tag-sadowne"],"views":3198,"_links":{"self":[{"href":"https:\/\/info.sadowne.pl\/index.php?rest_route=\/wp\/v2\/posts\/2685","targetHints":{"allow":["GET"]}}],"collection":[{"href":"https:\/\/info.sadowne.pl\/index.php?rest_route=\/wp\/v2\/posts"}],"about":[{"href":"https:\/\/info.sadowne.pl\/index.php?rest_route=\/wp\/v2\/types\/post"}],"author":[{"embeddable":true,"href":"https:\/\/info.sadowne.pl\/index.php?rest_route=\/wp\/v2\/users\/1"}],"replies":[{"embeddable":true,"href":"https:\/\/info.sadowne.pl\/index.php?rest_route=%2Fwp%2Fv2%2Fcomments&post=2685"}],"version-history":[{"count":13,"href":"https:\/\/info.sadowne.pl\/index.php?rest_route=\/wp\/v2\/posts\/2685\/revisions"}],"predecessor-version":[{"id":2983,"href":"https:\/\/info.sadowne.pl\/index.php?rest_route=\/wp\/v2\/posts\/2685\/revisions\/2983"}],"wp:attachment":[{"href":"https:\/\/info.sadowne.pl\/index.php?rest_route=%2Fwp%2Fv2%2Fmedia&parent=2685"}],"wp:term":[{"taxonomy":"category","embeddable":true,"href":"https:\/\/info.sadowne.pl\/index.php?rest_route=%2Fwp%2Fv2%2Fcategories&post=2685"},{"taxonomy":"post_tag","embeddable":true,"href":"https:\/\/info.sadowne.pl\/index.php?rest_route=%2Fwp%2Fv2%2Ftags&post=2685"}],"curies":[{"name":"wp","href":"https:\/\/api.w.org\/{rel}","templated":true}]}}