{"id":26879,"date":"2022-12-14T17:15:28","date_gmt":"2022-12-14T16:15:28","guid":{"rendered":"http:\/\/info.sadowne.pl\/?p=26879"},"modified":"2022-12-14T17:20:45","modified_gmt":"2022-12-14T16:20:45","slug":"sadowianki-koniec-roku-2017","status":"publish","type":"post","link":"https:\/\/info.sadowne.pl\/?p=26879","title":{"rendered":"Sadowianki &#8211; koniec roku 2017"},"content":{"rendered":"<p><strong><a href=\"http:\/\/info.sadowne.pl\/wp-content\/uploads\/2022\/12\/sad592.jpg\"><img loading=\"lazy\" decoding=\"async\" class=\"alignleft size-thumbnail wp-image-26895\" src=\"http:\/\/info.sadowne.pl\/wp-content\/uploads\/2022\/12\/sad592-180x130.jpg\" alt=\"\" width=\"180\" height=\"130\" \/><\/a>P\u0141OCK<\/strong><!--more--><\/p>\n<p><a href=\"http:\/\/info.sadowne.pl\/wp-content\/uploads\/2022\/12\/sad579.jpg\"><img loading=\"lazy\" decoding=\"async\" class=\"aligncenter size-full wp-image-26880\" src=\"http:\/\/info.sadowne.pl\/wp-content\/uploads\/2022\/12\/sad579.jpg\" alt=\"\" width=\"400\" height=\"51\" srcset=\"https:\/\/info.sadowne.pl\/wp-content\/uploads\/2022\/12\/sad579.jpg 400w, https:\/\/info.sadowne.pl\/wp-content\/uploads\/2022\/12\/sad579-300x38.jpg 300w\" sizes=\"auto, (max-width: 400px) 100vw, 400px\" \/><\/a><\/p>\n<p><a href=\"http:\/\/info.sadowne.pl\/wp-content\/uploads\/2022\/12\/sad580.jpg\"><img loading=\"lazy\" decoding=\"async\" class=\"aligncenter size-full wp-image-26881\" src=\"http:\/\/info.sadowne.pl\/wp-content\/uploads\/2022\/12\/sad580.jpg\" alt=\"\" width=\"519\" height=\"56\" srcset=\"https:\/\/info.sadowne.pl\/wp-content\/uploads\/2022\/12\/sad580.jpg 519w, https:\/\/info.sadowne.pl\/wp-content\/uploads\/2022\/12\/sad580-300x32.jpg 300w\" sizes=\"auto, (max-width: 519px) 100vw, 519px\" \/><\/a><\/p>\n<p style=\"text-align: center;\"><strong>Otrzyma\u0142y nagrod\u0119 Marsza\u0142ka Mazowsza.<\/strong><\/p>\n<p style=\"text-align: center;\"><strong>Do XVIII edycji Konkursu ,,Nagroda Marsza\u0142ka Mazowsza\u201d wp\u0142yn\u0119\u0142y 103 zg\u0142oszenia. Jury spo\u015br\u00f3d nominowanych wy\u0142oni\u0142o 10 laureat\u00f3w, w\u015br\u00f3d kt\u00f3rych znalaz\u0142 si\u0119 nasz Zesp\u00f3\u0142 \u015apiewaczy ,,Sadowianki\u201d.<\/strong><\/p>\n<p style=\"text-align: center;\"><strong>W ,,Gazecie P\u0142ockiej\u201d \u2013 ukaza\u0142a si\u0119 informacja o zespole:<\/strong><strong>\u00a0<\/strong><\/p>\n<p style=\"text-align: center;\"><span style=\"color: #0000ff;\"><strong><em>,,Amatorski zesp\u00f3\u0142 ludowy, kt\u00f3ry powsta\u0142 w 1973 r. przy \u00f3wczesnym Kole Gospody\u0144 Wiejskich. Od pocz\u0105tku istnienia aktywnie anga\u017cuje si\u0119 w promocj\u0119 Ziemi Sadowie\u0144skiej. Repertuar \u015bpiewak\u00f3w opiera si\u0119 na utworach ludowych, jednak w ich wykonaniu mo\u017cna tak\u017ce us\u0142ysze\u0107 pie\u015bni religijne oraz poezj\u0119 klasyczn\u0105. Swoj\u0105 dzia\u0142alno\u015bci\u0105 krzewi\u0105 tradycje folklorystyczne\u201d.<\/em><\/strong><\/span><\/p>\n<p><strong> <a href=\"http:\/\/info.sadowne.pl\/wp-content\/uploads\/2022\/12\/sad581.jpg\"><img loading=\"lazy\" decoding=\"async\" class=\"aligncenter size-full wp-image-26882\" src=\"http:\/\/info.sadowne.pl\/wp-content\/uploads\/2022\/12\/sad581.jpg\" alt=\"\" width=\"142\" height=\"130\" \/><\/a><\/strong><\/p>\n<h3><span style=\"color: #0000ff;\"><strong>,,GAZETA P\u0141OCKA\u201d<\/strong><\/span><\/h3>\n<p><strong><em> <a href=\"http:\/\/info.sadowne.pl\/wp-content\/uploads\/2022\/12\/sad582.jpg\"><img loading=\"lazy\" decoding=\"async\" class=\"aligncenter size-full wp-image-26883\" src=\"http:\/\/info.sadowne.pl\/wp-content\/uploads\/2022\/12\/sad582.jpg\" alt=\"\" width=\"609\" height=\"303\" srcset=\"https:\/\/info.sadowne.pl\/wp-content\/uploads\/2022\/12\/sad582.jpg 609w, https:\/\/info.sadowne.pl\/wp-content\/uploads\/2022\/12\/sad582-300x149.jpg 300w\" sizes=\"auto, (max-width: 609px) 100vw, 609px\" \/><\/a><\/em><\/strong><\/p>\n<p><strong><em>\u00a0<\/em><\/strong><\/p>\n<p>Presti\u017cowa nagroda Marsza\u0142ka Wojew\u00f3dztwa Mazowieckiego jest uhonorowaniem tych, kt\u00f3rzy maj\u0105 szczeg\u00f3lne zas\u0142ugi na rzecz promocji Mazowsza w kraju i na \u015bwiecie, w zakresie tw\u00f3rczo\u015bci artystycznej, upowszechniania i ochrony kultury.<\/p>\n<p><strong> <a href=\"http:\/\/info.sadowne.pl\/wp-content\/uploads\/2022\/12\/sad583.jpg\"><img loading=\"lazy\" decoding=\"async\" class=\"aligncenter size-full wp-image-26884\" src=\"http:\/\/info.sadowne.pl\/wp-content\/uploads\/2022\/12\/sad583.jpg\" alt=\"\" width=\"454\" height=\"304\" srcset=\"https:\/\/info.sadowne.pl\/wp-content\/uploads\/2022\/12\/sad583.jpg 454w, https:\/\/info.sadowne.pl\/wp-content\/uploads\/2022\/12\/sad583-300x201.jpg 300w\" sizes=\"auto, (max-width: 454px) 100vw, 454px\" \/><\/a><\/strong><\/p>\n<p><strong>Nagrod\u0119 wr\u0119cza <\/strong><strong>wicemarsza\u0142ek Mazowsza \u2013 p. Wies\u0142aw Raboszuk oraz p. <\/strong><strong>Tomasz Kominek &#8211; dyrektor Delegatury Urz\u0119du Marsza\u0142kowskiego <\/strong><strong>w P\u0142ocku.<\/strong><\/p>\n<p><strong>Gala wr\u0119czenia nagr\u00f3d odby\u0142a si\u0119 w poniedzia\u0142ek 6 listopada 2017 r. <\/strong><strong>w Teatrze Dramatycznym im. Jerzego Szaniawskiego w P\u0142ocku. <\/strong><\/p>\n<h2 style=\"text-align: center;\"><span style=\"color: #0000ff;\"><strong>Zesp\u00f3\u0142 \u015apiewaczy \u201eSadowianki\u201d otrzyma\u0142 nagrod\u0119 <\/strong><strong>w postaci dyplomu, statuetki oraz 10 tysi\u0119cy z\u0142otych.<\/strong><\/span><\/h2>\n<p><strong> <a href=\"http:\/\/info.sadowne.pl\/wp-content\/uploads\/2022\/12\/sad584.jpg\"><img loading=\"lazy\" decoding=\"async\" class=\"aligncenter size-full wp-image-26885\" src=\"http:\/\/info.sadowne.pl\/wp-content\/uploads\/2022\/12\/sad584.jpg\" alt=\"\" width=\"609\" height=\"408\" srcset=\"https:\/\/info.sadowne.pl\/wp-content\/uploads\/2022\/12\/sad584.jpg 609w, https:\/\/info.sadowne.pl\/wp-content\/uploads\/2022\/12\/sad584-300x201.jpg 300w\" sizes=\"auto, (max-width: 609px) 100vw, 609px\" \/><\/a><\/strong><\/p>\n<p style=\"text-align: center;\"><strong>Andrzej Olton, Basia Wr\u00f3bel, Ela D\u0119bkowska, Tereska Piwek, <\/strong><strong>Zbyszek Danaj, Marysia Szymanik, Krysia Wetoszka ( dzi\u0119kuje za nagrod\u0119) i Henia Kibart.<\/strong><\/p>\n<p style=\"text-align: center;\">By\u0142a jeszcze <strong>Hania D\u0119bkowska<\/strong>, kt\u00f3ra na tym zdj\u0119ciu stoi za Krysi\u0105.<\/p>\n<p><a href=\"http:\/\/info.sadowne.pl\/wp-content\/uploads\/2022\/12\/sad585.jpg\"><img loading=\"lazy\" decoding=\"async\" class=\"aligncenter size-full wp-image-26886\" src=\"http:\/\/info.sadowne.pl\/wp-content\/uploads\/2022\/12\/sad585.jpg\" alt=\"\" width=\"496\" height=\"564\" srcset=\"https:\/\/info.sadowne.pl\/wp-content\/uploads\/2022\/12\/sad585.jpg 496w, https:\/\/info.sadowne.pl\/wp-content\/uploads\/2022\/12\/sad585-264x300.jpg 264w\" sizes=\"auto, (max-width: 496px) 100vw, 496px\" \/><\/a><\/p>\n<p style=\"text-align: center;\"><strong>Kierownik zespo\u0142u Krysia Wetoszka podzi\u0119kowa\u0142a za nagrod\u0119.<\/strong><\/p>\n<p>Uroczyst\u0105 gal\u0119, w kt\u00f3rej wzi\u0119\u0142a udzia\u0142 nasza delegacja, prowadzi\u0142 <strong>p. Tomasz Kamel,<\/strong> jak zwykle z gracj\u0105 i swoistym humorem, a u\u015bwietni\u0142a j\u0105 swoim wyst\u0119pem <strong>pani Alicja W\u0119gorzewska<\/strong> wraz ze wspania\u0142ymi tenorami.<\/p>\n<p><a href=\"http:\/\/info.sadowne.pl\/wp-content\/uploads\/2022\/12\/sad586.jpg\"><img loading=\"lazy\" decoding=\"async\" class=\"aligncenter size-full wp-image-26889\" src=\"http:\/\/info.sadowne.pl\/wp-content\/uploads\/2022\/12\/sad586.jpg\" alt=\"\" width=\"99\" height=\"137\" \/><\/a><\/p>\n<p><a href=\"http:\/\/info.sadowne.pl\/wp-content\/uploads\/2022\/12\/sad587.jpg\"><img loading=\"lazy\" decoding=\"async\" class=\"alignleft size-full wp-image-26890\" src=\"http:\/\/info.sadowne.pl\/wp-content\/uploads\/2022\/12\/sad587.jpg\" alt=\"\" width=\"280\" height=\"378\" srcset=\"https:\/\/info.sadowne.pl\/wp-content\/uploads\/2022\/12\/sad587.jpg 280w, https:\/\/info.sadowne.pl\/wp-content\/uploads\/2022\/12\/sad587-222x300.jpg 222w\" sizes=\"auto, (max-width: 280px) 100vw, 280px\" \/><\/a><a href=\"http:\/\/info.sadowne.pl\/wp-content\/uploads\/2022\/12\/sad588.jpg\"><img loading=\"lazy\" decoding=\"async\" class=\"alignright size-full wp-image-26891\" src=\"http:\/\/info.sadowne.pl\/wp-content\/uploads\/2022\/12\/sad588.jpg\" alt=\"\" width=\"292\" height=\"378\" srcset=\"https:\/\/info.sadowne.pl\/wp-content\/uploads\/2022\/12\/sad588.jpg 292w, https:\/\/info.sadowne.pl\/wp-content\/uploads\/2022\/12\/sad588-232x300.jpg 232w\" sizes=\"auto, (max-width: 292px) 100vw, 292px\" \/><\/a><\/p>\n<p>&nbsp;<\/p>\n<p>Ka\u017cdy nagrodzony laureat zobowi\u0105zany by\u0142 do kr\u00f3tkiej prezentacji.<\/p>\n<p>Zesp\u00f3\u0142 <strong>,,SADOWIANKI\u201d<\/strong> wykona\u0142 piosenk\u0119 pt: <strong>,,Hymn Optymist\u00f3w\u201d.<\/strong><\/p>\n<p>Z rado\u015bci\u0105 zauwa\u017cyli\u015bmy, \u017ce w\u0142\u0105czy\u0142a si\u0119 do \u015bpiewania cz\u0119\u015b\u0107 publiczno\u015bci, kt\u00f3rej znane by\u0142y s\u0142owa naszej piosenki.<\/p>\n<p><a href=\"http:\/\/info.sadowne.pl\/wp-content\/uploads\/2022\/12\/sad589.jpg\"><img loading=\"lazy\" decoding=\"async\" class=\"aligncenter size-full wp-image-26892\" src=\"http:\/\/info.sadowne.pl\/wp-content\/uploads\/2022\/12\/sad589.jpg\" alt=\"\" width=\"593\" height=\"326\" srcset=\"https:\/\/info.sadowne.pl\/wp-content\/uploads\/2022\/12\/sad589.jpg 593w, https:\/\/info.sadowne.pl\/wp-content\/uploads\/2022\/12\/sad589-300x165.jpg 300w\" sizes=\"auto, (max-width: 593px) 100vw, 593px\" \/><\/a><\/p>\n<p style=\"text-align: center;\"><strong>Andrzej Olton, Krysia Wetoszka, Basia Wr\u00f3bel, Ela D\u0119bkowska, Tereska Piwek, Zbyszek Danaj, Tereska Biernat, Marysia Szymanik, Hania D\u0119bkowska i Henia Kibart.<\/strong><\/p>\n<p style=\"text-align: center;\"><strong>By\u0142 oczywi\u015bcie czas dla reporter\u00f3w.<\/strong><\/p>\n<h3 style=\"text-align: center;\"><strong>Oto kilka zdj\u0119\u0107:<\/strong><\/h3>\n<p><a href=\"http:\/\/info.sadowne.pl\/wp-content\/uploads\/2022\/12\/sad590.jpg\"><img loading=\"lazy\" decoding=\"async\" class=\"aligncenter size-full wp-image-26893\" src=\"http:\/\/info.sadowne.pl\/wp-content\/uploads\/2022\/12\/sad590.jpg\" alt=\"\" width=\"581\" height=\"371\" srcset=\"https:\/\/info.sadowne.pl\/wp-content\/uploads\/2022\/12\/sad590.jpg 581w, https:\/\/info.sadowne.pl\/wp-content\/uploads\/2022\/12\/sad590-300x192.jpg 300w\" sizes=\"auto, (max-width: 581px) 100vw, 581px\" \/><\/a><\/p>\n<p style=\"text-align: center;\"><strong>Tutaj z <\/strong><strong>p. Wies\u0142awem Raboszukiem i p.Tomaszem Kominkiem <\/strong><strong>a tak\u017ce z naszym w\u00f3jtem <\/strong><strong>p. Waldemarem Cyranem i ma\u0142\u017conk\u0105 p. Katarzyn\u0105 <\/strong><strong>oraz\u00a0 <\/strong><strong>p. Ew\u0105 Pi\u00f3rkowsk\u0105.<\/strong><\/p>\n<p><a href=\"http:\/\/info.sadowne.pl\/wp-content\/uploads\/2022\/12\/sad591.jpg\"><img loading=\"lazy\" decoding=\"async\" class=\"aligncenter size-full wp-image-26894\" src=\"http:\/\/info.sadowne.pl\/wp-content\/uploads\/2022\/12\/sad591.jpg\" alt=\"\" width=\"609\" height=\"284\" srcset=\"https:\/\/info.sadowne.pl\/wp-content\/uploads\/2022\/12\/sad591.jpg 609w, https:\/\/info.sadowne.pl\/wp-content\/uploads\/2022\/12\/sad591-300x140.jpg 300w\" sizes=\"auto, (max-width: 609px) 100vw, 609px\" \/><\/a><\/p>\n<p style=\"text-align: center;\"><strong>WIDOWNIA<\/strong><\/p>\n<p><strong> <a href=\"http:\/\/info.sadowne.pl\/wp-content\/uploads\/2022\/12\/sad592.jpg\"><img loading=\"lazy\" decoding=\"async\" class=\"aligncenter size-full wp-image-26895\" src=\"http:\/\/info.sadowne.pl\/wp-content\/uploads\/2022\/12\/sad592.jpg\" alt=\"\" width=\"570\" height=\"349\" srcset=\"https:\/\/info.sadowne.pl\/wp-content\/uploads\/2022\/12\/sad592.jpg 570w, https:\/\/info.sadowne.pl\/wp-content\/uploads\/2022\/12\/sad592-300x184.jpg 300w\" sizes=\"auto, (max-width: 570px) 100vw, 570px\" \/><\/a><\/strong><\/p>\n<p><a href=\"http:\/\/info.sadowne.pl\/wp-content\/uploads\/2022\/12\/sad593.jpg\"><img loading=\"lazy\" decoding=\"async\" class=\"aligncenter size-full wp-image-26896\" src=\"http:\/\/info.sadowne.pl\/wp-content\/uploads\/2022\/12\/sad593.jpg\" alt=\"\" width=\"609\" height=\"407\" srcset=\"https:\/\/info.sadowne.pl\/wp-content\/uploads\/2022\/12\/sad593.jpg 609w, https:\/\/info.sadowne.pl\/wp-content\/uploads\/2022\/12\/sad593-300x200.jpg 300w\" sizes=\"auto, (max-width: 609px) 100vw, 609px\" \/><\/a><\/p>\n<p style=\"text-align: center;\"><strong>I oczywi\u015bcie, jak to m\u00f3wi\u0105 ,,na wag\u0119 z\u0142ota\u201d zdj\u0119cie <\/strong><strong>z p. Tomaszem Kamelem.<\/strong><\/p>\n<p><a href=\"http:\/\/info.sadowne.pl\/wp-content\/uploads\/2022\/12\/sad594.jpg\"><img loading=\"lazy\" decoding=\"async\" class=\"aligncenter size-full wp-image-26897\" src=\"http:\/\/info.sadowne.pl\/wp-content\/uploads\/2022\/12\/sad594.jpg\" alt=\"\" width=\"609\" height=\"407\" srcset=\"https:\/\/info.sadowne.pl\/wp-content\/uploads\/2022\/12\/sad594.jpg 609w, https:\/\/info.sadowne.pl\/wp-content\/uploads\/2022\/12\/sad594-300x200.jpg 300w\" sizes=\"auto, (max-width: 609px) 100vw, 609px\" \/><\/a><\/p>\n<p><strong>Na widowni nasz w\u00f3jt <\/strong><span style=\"color: #0000ff;\"><strong>p. Waldemar Cyran z ma\u0142\u017conk\u0105 p. Katarzyn\u0105<\/strong><\/span><strong>, za\u015b po lewej stronie blondynka w kr\u00f3tkiej czarnej sp\u00f3dniczce, to aktorka <span style=\"color: #0000ff;\">p. <\/span><\/strong><span style=\"color: #0000ff;\"><strong>Gra\u017cyna Barszczewska<\/strong><\/span><strong>, kt\u00f3ra r\u00f3wnie\u017c znalaz\u0142a si\u0119 w\u015br\u00f3d laureat\u00f3w.<\/strong><\/p>\n<p><strong><a href=\"http:\/\/info.sadowne.pl\/wp-content\/uploads\/2022\/12\/sad595.jpg\"><img loading=\"lazy\" decoding=\"async\" class=\"alignleft size-full wp-image-26898\" src=\"http:\/\/info.sadowne.pl\/wp-content\/uploads\/2022\/12\/sad595.jpg\" alt=\"\" width=\"286\" height=\"361\" srcset=\"https:\/\/info.sadowne.pl\/wp-content\/uploads\/2022\/12\/sad595.jpg 286w, https:\/\/info.sadowne.pl\/wp-content\/uploads\/2022\/12\/sad595-238x300.jpg 238w\" sizes=\"auto, (max-width: 286px) 100vw, 286px\" \/><\/a><\/strong><\/p>\n<p>&nbsp;<\/p>\n<p>&nbsp;<\/p>\n<p>&nbsp;<\/p>\n<p>&nbsp;<\/p>\n<p>&nbsp;<\/p>\n<p>&nbsp;<\/p>\n<p>&nbsp;<\/p>\n<p>&nbsp;<\/p>\n<p><strong>P. Alicja W\u0119gorzewska<\/strong><\/p>\n<p>&nbsp;<\/p>\n<p><a href=\"http:\/\/info.sadowne.pl\/wp-content\/uploads\/2022\/12\/sad596.jpg\"><img loading=\"lazy\" decoding=\"async\" class=\"aligncenter size-full wp-image-26899\" src=\"http:\/\/info.sadowne.pl\/wp-content\/uploads\/2022\/12\/sad596.jpg\" alt=\"\" width=\"609\" height=\"844\" srcset=\"https:\/\/info.sadowne.pl\/wp-content\/uploads\/2022\/12\/sad596.jpg 609w, https:\/\/info.sadowne.pl\/wp-content\/uploads\/2022\/12\/sad596-216x300.jpg 216w\" sizes=\"auto, (max-width: 609px) 100vw, 609px\" \/><\/a><\/p>\n<p style=\"text-align: center;\"><strong>I tak na koniec Krysia Wetoszka i Basia Wr\u00f3bel.<\/strong><\/p>\n<p><a href=\"http:\/\/info.sadowne.pl\/wp-content\/uploads\/2022\/12\/sad597.jpg\"><img loading=\"lazy\" decoding=\"async\" class=\"alignleft size-full wp-image-26900\" src=\"http:\/\/info.sadowne.pl\/wp-content\/uploads\/2022\/12\/sad597.jpg\" alt=\"\" width=\"148\" height=\"59\" \/><\/a><\/p>\n<p style=\"text-align: center;\"><strong>\u00a0\u00a0\u00a0\u00a0\u00a0\u00a0\u00a0\u00a0\u00a0\u00a0\u00a0\u00a0\u00a0\u00a0\u00a0\u00a0\u00a0\u00a0 <\/strong><\/p>\n<p>&nbsp;<\/p>\n<p style=\"text-align: center;\"><strong>SADOWNE<\/strong><\/p>\n<p><a href=\"http:\/\/info.sadowne.pl\/wp-content\/uploads\/2022\/12\/sad598.jpg\"><img loading=\"lazy\" decoding=\"async\" class=\"aligncenter size-full wp-image-26901\" src=\"http:\/\/info.sadowne.pl\/wp-content\/uploads\/2022\/12\/sad598.jpg\" alt=\"\" width=\"374\" height=\"33\" srcset=\"https:\/\/info.sadowne.pl\/wp-content\/uploads\/2022\/12\/sad598.jpg 374w, https:\/\/info.sadowne.pl\/wp-content\/uploads\/2022\/12\/sad598-300x26.jpg 300w\" sizes=\"auto, (max-width: 374px) 100vw, 374px\" \/><\/a><\/p>\n<p><a href=\"http:\/\/info.sadowne.pl\/wp-content\/uploads\/2022\/12\/sad599.jpg\"><img loading=\"lazy\" decoding=\"async\" class=\"aligncenter size-full wp-image-26902\" src=\"http:\/\/info.sadowne.pl\/wp-content\/uploads\/2022\/12\/sad599.jpg\" alt=\"\" width=\"557\" height=\"82\" srcset=\"https:\/\/info.sadowne.pl\/wp-content\/uploads\/2022\/12\/sad599.jpg 557w, https:\/\/info.sadowne.pl\/wp-content\/uploads\/2022\/12\/sad599-300x44.jpg 300w\" sizes=\"auto, (max-width: 557px) 100vw, 557px\" \/><\/a><\/p>\n<h2 style=\"text-align: center;\"><strong>\u00a0<\/strong><strong>,,<\/strong><strong>NIEPODLEG\u0141O\u015a\u0106\u201d<\/strong><\/h2>\n<h3 style=\"text-align: center;\"><strong>S\u0142owo to \u2013 11 listopada pojawia si\u0119 na ustach wszystkich Polak\u00f3w <\/strong><strong>\u2013 <\/strong><\/h3>\n<h3 style=\"text-align: center;\"><strong>Obchodzimy Narodowe \u015awi\u0119to Niepodleg\u0142o\u015bci.<\/strong><\/h3>\n<p style=\"text-align: center;\">To wa\u017cne \u015awi\u0119to i zwi\u0105zane z nim rocznice godnie i podnio\u015ble obchodzone s\u0105 ka\u017cdego roku w Gminie Sadowne.<\/p>\n<p style=\"text-align: center;\">Obchody rozpocz\u0119\u0142a uroczysta <strong>Sesja Rady Gminy Sadowne<\/strong>, na wst\u0119pie, kt\u00f3rej <strong>Zesp\u00f3\u0142 \u015apiewaczy \u201eSadowianki\u201d <\/strong>oraz wszyscy obecni od\u015bpiewali <strong>\u201eMazurka D\u0105browskiego \u2013 Hymn Polski\u201d,<\/strong> nast\u0119pnie pie\u015b\u0144 patriotyczn\u0105 r\u00f3wnie wa\u017cn\u0105 dla wszystkich \u2013 <strong>\u201eRota\u201d (Marii Konopnickiej).<\/strong><\/p>\n<div id=\"attachment_26903\" style=\"width: 543px\" class=\"wp-caption aligncenter\"><a href=\"http:\/\/info.sadowne.pl\/wp-content\/uploads\/2022\/12\/sad600.jpg\"><img loading=\"lazy\" decoding=\"async\" aria-describedby=\"caption-attachment-26903\" class=\"wp-image-26903 size-full\" src=\"http:\/\/info.sadowne.pl\/wp-content\/uploads\/2022\/12\/sad600.jpg\" alt=\"\" width=\"533\" height=\"267\" srcset=\"https:\/\/info.sadowne.pl\/wp-content\/uploads\/2022\/12\/sad600.jpg 533w, https:\/\/info.sadowne.pl\/wp-content\/uploads\/2022\/12\/sad600-300x150.jpg 300w\" sizes=\"auto, (max-width: 533px) 100vw, 533px\" \/><\/a><p id=\"caption-attachment-26903\" class=\"wp-caption-text\">Zesp\u00f3\u0142 \u015apiewaczy ,,SADOWIANKI\u201d<\/p><\/div>\n<p><a href=\"http:\/\/info.sadowne.pl\/wp-content\/uploads\/2022\/12\/sad601.jpg\"><img loading=\"lazy\" decoding=\"async\" class=\"aligncenter size-full wp-image-26904\" src=\"http:\/\/info.sadowne.pl\/wp-content\/uploads\/2022\/12\/sad601.jpg\" alt=\"\" width=\"540\" height=\"295\" srcset=\"https:\/\/info.sadowne.pl\/wp-content\/uploads\/2022\/12\/sad601.jpg 540w, https:\/\/info.sadowne.pl\/wp-content\/uploads\/2022\/12\/sad601-300x164.jpg 300w\" sizes=\"auto, (max-width: 540px) 100vw, 540px\" \/><\/a><\/p>\n<p><a href=\"http:\/\/info.sadowne.pl\/wp-content\/uploads\/2022\/12\/sad602.jpg\"><img loading=\"lazy\" decoding=\"async\" class=\"aligncenter size-full wp-image-26905\" src=\"http:\/\/info.sadowne.pl\/wp-content\/uploads\/2022\/12\/sad602.jpg\" alt=\"\" width=\"549\" height=\"245\" srcset=\"https:\/\/info.sadowne.pl\/wp-content\/uploads\/2022\/12\/sad602.jpg 549w, https:\/\/info.sadowne.pl\/wp-content\/uploads\/2022\/12\/sad602-300x134.jpg 300w\" sizes=\"auto, (max-width: 549px) 100vw, 549px\" \/><\/a><\/p>\n<p style=\"text-align: center;\"><strong>Sobotnia Sesja Rady Gminy<\/strong> mia\u0142a g\u0142\u00f3wnie jeden cel \u2013 uczczenie tak donios\u0142ego dla wszystkich Polak\u00f3w \u015awi\u0119ta i przyj\u0119cie stanowiska w sprawie obchod\u00f3w setnej rocznicy odzyskania niepodleg\u0142o\u015bci.<\/p>\n<p style=\"text-align: center;\"><span style=\"color: #ff0000;\"><strong>Rok <\/strong><strong>2018 b\u0119dzie<\/strong><\/span><\/p>\n<p style=\"text-align: center;\"><span style=\"color: #ff0000;\"><strong>Rokiem Jubileuszu 100-lecia Odzyskania przez Polsk\u0119 Niepodleg\u0142o\u015bci.<\/strong><\/span><\/p>\n<p>Zgodno\u015b\u0107 przysz\u0142orocznych plan\u00f3w rocznicowych <strong>W\u00f3jta Gminy p. <\/strong><strong>Waldemara Cyrana<\/strong> <strong>i Rady Gminy Sadowne<\/strong> otrzyma\u0142a aprobat\u0119 w postaci jednog\u0142o\u015bnego przyj\u0119cia pe\u0142nej tre\u015bci projektu Stanowiska, kt\u00f3re przytoczy\u0142 <strong>Przewodnicz\u0105cy Rady<\/strong> &#8211; <strong>p. Piotr Olkowski.<\/strong><\/p>\n<p><a href=\"http:\/\/info.sadowne.pl\/wp-content\/uploads\/2022\/12\/sad603.jpg\"><img loading=\"lazy\" decoding=\"async\" class=\"aligncenter size-full wp-image-26906\" src=\"http:\/\/info.sadowne.pl\/wp-content\/uploads\/2022\/12\/sad603.jpg\" alt=\"\" width=\"496\" height=\"276\" srcset=\"https:\/\/info.sadowne.pl\/wp-content\/uploads\/2022\/12\/sad603.jpg 496w, https:\/\/info.sadowne.pl\/wp-content\/uploads\/2022\/12\/sad603-300x167.jpg 300w\" sizes=\"auto, (max-width: 496px) 100vw, 496px\" \/><\/a><\/p>\n<p style=\"text-align: center;\">Podczas Sesji <strong>Zesp\u00f3\u0142 \u015apiewaczy ,,Sadowianki\u201d <\/strong>podzi\u0119kowa\u0142 bukietem kwiat\u00f3w swoim opiekunom:<\/p>\n<p style=\"text-align: center;\"><strong>p.<\/strong> <strong>Waldemarowi Cyranowi i p. Ewie Pi\u00f3rkowskiej.<\/strong><\/p>\n<p><a href=\"http:\/\/info.sadowne.pl\/wp-content\/uploads\/2022\/12\/sad604.jpg\"><img loading=\"lazy\" decoding=\"async\" class=\"aligncenter size-full wp-image-26907\" src=\"http:\/\/info.sadowne.pl\/wp-content\/uploads\/2022\/12\/sad604.jpg\" alt=\"\" width=\"432\" height=\"369\" srcset=\"https:\/\/info.sadowne.pl\/wp-content\/uploads\/2022\/12\/sad604.jpg 432w, https:\/\/info.sadowne.pl\/wp-content\/uploads\/2022\/12\/sad604-300x256.jpg 300w\" sizes=\"auto, (max-width: 432px) 100vw, 432px\" \/><\/a><\/p>\n<p>Nale\u017cy tu przypomnie\u0107, \u017ce Zesp\u00f3\u0142 \u201eSadowianki\u201d za swoj\u0105 dzia\u0142alno\u015b\u0107 artystyczn\u0105 w ostatnich dniach zosta\u0142 wyr\u00f3\u017cniony nagrod\u0105 <strong>Marsza\u0142ka Wojew\u00f3dztwa Mazowieckiego.<\/strong><\/p>\n<p><a href=\"http:\/\/info.sadowne.pl\/wp-content\/uploads\/2022\/12\/sad605.jpg\"><img loading=\"lazy\" decoding=\"async\" class=\"aligncenter size-full wp-image-26908\" src=\"http:\/\/info.sadowne.pl\/wp-content\/uploads\/2022\/12\/sad605.jpg\" alt=\"\" width=\"533\" height=\"358\" srcset=\"https:\/\/info.sadowne.pl\/wp-content\/uploads\/2022\/12\/sad605.jpg 533w, https:\/\/info.sadowne.pl\/wp-content\/uploads\/2022\/12\/sad605-300x202.jpg 300w\" sizes=\"auto, (max-width: 533px) 100vw, 533px\" \/><\/a><\/p>\n<p style=\"text-align: center;\">Bezpo\u015brednio po zako\u0144czeniu Sesji Rady Gminy<\/p>\n<p style=\"text-align: center;\">w ko\u015bciele parafialnym p.w. \u015aw. Jana Chrzciciela<\/p>\n<p style=\"text-align: center;\">w Sadownem<\/p>\n<p style=\"text-align: center;\">odby\u0142a si\u0119 msza \u015bw. w intencji Ojczyzny,<\/p>\n<p style=\"text-align: center;\">a nast\u0119pnie dalszy ci\u0105g uroczysto\u015bci<\/p>\n<p style=\"text-align: center;\">przeniesiono na cmentarz parafialny.<\/p>\n<p><a href=\"http:\/\/info.sadowne.pl\/wp-content\/uploads\/2022\/12\/sad606.jpg\"><img loading=\"lazy\" decoding=\"async\" class=\"aligncenter size-full wp-image-26909\" src=\"http:\/\/info.sadowne.pl\/wp-content\/uploads\/2022\/12\/sad606.jpg\" alt=\"\" width=\"254\" height=\"237\" \/><\/a><\/p>\n<h3 style=\"text-align: center;\"><strong>OCI\u0118TE<\/strong><\/h3>\n<h3 style=\"text-align: center;\"><span style=\"color: #ff0000;\"><em><strong>21 listopada 2017 roku<\/strong><\/em><\/span><\/h3>\n<h2 style=\"text-align: center;\"><em><span style=\"color: #339966;\"><strong>K i s z e n i e \u00a0k a p u s t y<\/strong><\/span><\/em><\/h2>\n<p style=\"text-align: center;\"><strong>21 listopada na teren Gminy Sadowne zawitali cz\u0142onkowie Mazowiecko \u2013 Podlaskiego Stowarzyszenia Agroturystycznego. <\/strong><\/p>\n<p style=\"text-align: left;\">Stowarzyszenie jesieni\u0105 ka\u017cdego roku podsumowuje sezon turystyczny, organizuj\u0105c dla swoich cz\u0142onk\u00f3w wycieczk\u0119 krajoznawcz\u0105, kt\u00f3ra ko\u0144czy si\u0119 uroczystym spotkaniem w miejscowo\u015bci, w kt\u00f3rej zamieszkuje jeden z jego cz\u0142onk\u00f3w. Tym razem celem ich podr\u00f3\u017cy by\u0142o Oci\u0119te, gdzie swoje <strong>gospodarstwo agroturystyczne \u201ePrzy lesie\u201d prowadz\u0105 Pa\u0144stwo Iwona <\/strong><strong>i Piotr Olkowscy.<\/strong> Pan Piotr jest r\u00f3wnie\u017c skarbnikiem tego Stowarzyszenia.<\/p>\n<p>Niespodzianka czeka\u0142a jednak na nich w \u015bwietlicy wiejskiej w Oci\u0119tem. Tu gospodarze oraz p. Pu\u015bcionowie, prowadz\u0105cy r\u00f3wnie\u017c agroturystyk\u0119<\/p>\n<p>w Sadownem przy ul. \u0141ochowskiej, stan\u0119li na wysoko\u015bci zadania i opr\u00f3cz kolacji z suto zastawionymi sto\u0142ami, na kt\u00f3rych kr\u00f3lowa\u0142y swojskie, tradycyjne wyroby, czeka\u0142 na wszystkich wyst\u0119p <strong>Zespo\u0142u \u015apiewaczego \u201eSadowianki\u201d.<\/strong> Tym razem Zesp\u00f3\u0142 przygotowa\u0142 i zaprezentowa\u0142 inscenizacj\u0119 tradycji wiejskiej \u2013 kiszenie kapusty.<\/p>\n<p>Jesieni\u0105 w wiejskiej chacie by\u0142o wiele prac do zrobienia. Babunie przewa\u017cnie zatyka\u0142y na wrzecionie zmi\u0119dlony len i prz\u0119d\u0142y d\u0142ug\u0105 cieniusie\u0144k\u0105 nitk\u0119 nog\u0105 kr\u0119c\u0105c k\u00f3\u0142ko. Kobiety dzia\u0142y na krosnach pi\u0119kne pasiaki, ale tak\u017ce przygotowywano zapasy na d\u0142ug\u0105, mro\u017an\u0105 zim\u0119.<\/p>\n<p>Do wykonywania tych prac w\u0142\u0105czani byli wszyscy domownicy, ka\u017cdy mia\u0142 swoj\u0105 rol\u0119 do odegrania, a jak wiemy rodziny by\u0142y liczne i wielopokoleniowe.<\/p>\n<div id=\"attachment_26910\" style=\"width: 564px\" class=\"wp-caption aligncenter\"><a href=\"http:\/\/info.sadowne.pl\/wp-content\/uploads\/2022\/12\/sad607.jpg\"><img loading=\"lazy\" decoding=\"async\" aria-describedby=\"caption-attachment-26910\" class=\"wp-image-26910 size-full\" src=\"http:\/\/info.sadowne.pl\/wp-content\/uploads\/2022\/12\/sad607.jpg\" alt=\"\" width=\"554\" height=\"372\" srcset=\"https:\/\/info.sadowne.pl\/wp-content\/uploads\/2022\/12\/sad607.jpg 554w, https:\/\/info.sadowne.pl\/wp-content\/uploads\/2022\/12\/sad607-300x201.jpg 300w\" sizes=\"auto, (max-width: 554px) 100vw, 554px\" \/><\/a><p id=\"caption-attachment-26910\" class=\"wp-caption-text\">Tradycje ludowe \u2013 KISZENIE KAPUSTY &#8211; ,,Sadowianki\u201d<\/p><\/div>\n<p><strong> <a href=\"http:\/\/info.sadowne.pl\/wp-content\/uploads\/2022\/12\/sad608.jpg\"><img loading=\"lazy\" decoding=\"async\" class=\"aligncenter size-full wp-image-26911\" src=\"http:\/\/info.sadowne.pl\/wp-content\/uploads\/2022\/12\/sad608.jpg\" alt=\"\" width=\"523\" height=\"351\" srcset=\"https:\/\/info.sadowne.pl\/wp-content\/uploads\/2022\/12\/sad608.jpg 523w, https:\/\/info.sadowne.pl\/wp-content\/uploads\/2022\/12\/sad608-300x201.jpg 300w\" sizes=\"auto, (max-width: 523px) 100vw, 523px\" \/><\/a><\/strong><\/p>\n<p style=\"text-align: center;\">Gospodarz sprawdza, czy wszystko dobrze i w czysto\u015bci przygotowane do kiszenia kapusty, bo:<\/p>\n<h3 style=\"text-align: center;\"><span style=\"color: #0000ff;\">,,Kto czysto\u015bci zaniecha,<\/span><\/h3>\n<h3 style=\"text-align: center;\"><span style=\"color: #0000ff;\">To wtedy tylko \u015bwinkom pociecha\u201d.<\/span><\/h3>\n<p><span style=\"color: #ff0000;\">\u015apiew:\u00a0 &#8212;<\/span>mel.,,Szumia\u0142a leszczyna\u201d\u00a0\u00a0\u00a0\u00a0 <span style=\"color: #ff0000;\">D-dur<\/span><\/p>\n<p>Kto beczk\u0119 szoruje i dobrze wyparzy,<\/p>\n<p>\/To mu si\u0119 na zim\u0119 kapusta udarzy.\/bis<\/p>\n<p>Komu si\u0119 wyparzy\u0107 czasami i nie \u015bni,<\/p>\n<p>\/To b\u0119dzie mia\u0142 beczk\u0119 pe\u0142niusie\u0144k\u0105 ple\u015bni.\/bis<\/p>\n<p>Zasiedli\u015bmy wszyscy tu w tym naszym dworze,<\/p>\n<p>\/B\u0119dziem ci\u0105\u0107 kapust\u0119 ka\u017cdy ostrym no\u017cem.\/bis<\/p>\n<p>A p\u00f3\u017aniej t\u0119 wielk\u0105 beczk\u0119 nape\u0142nimy,<\/p>\n<p>\/Nie b\u0119d\u0105 nam straszne \u017cadne t\u0119gie zimy.\/bis<\/p>\n<p>Dawno temu razem tak sobie \u015bpiewano,<\/p>\n<p>\/Gdy kapust\u0119 w beczkach w domu zakiszano.\/bis<\/p>\n<p>Ki\u015b si\u0119 tutaj a ki\u015b ty ka\u017cda g\u0142owino,<\/p>\n<p>\/B\u0119dziemy gotowa\u0107 kapu\u015bniaczek zim\u0105.\/bis<\/p>\n<p>Niebawem ju\u017c przyjd\u0105 zimowe wieczory,<\/p>\n<p>\/Wtedy skorzystamy z zapas\u00f3w komory.\/bis<\/p>\n<p>T\u0142u\u015bciute\u0144k\u0105 spyrk\u0119 damy do kapusty,<\/p>\n<p>\/By \u017caden \u017co\u0142\u0105dek nie pozosta\u0142 pusty.\/bis<\/p>\n<p>A \u017ceby nam dzisiaj tu si\u0119 nie nudzi\u0142o,<\/p>\n<p>\/Wsp\u00f3lnie po\u015bpiewamy i b\u0119dzie nam mi\u0142o.\/bis<\/p>\n<p><a href=\"http:\/\/info.sadowne.pl\/wp-content\/uploads\/2022\/12\/sad609.jpg\"><img loading=\"lazy\" decoding=\"async\" class=\"aligncenter size-full wp-image-26912\" src=\"http:\/\/info.sadowne.pl\/wp-content\/uploads\/2022\/12\/sad609.jpg\" alt=\"\" width=\"454\" height=\"276\" srcset=\"https:\/\/info.sadowne.pl\/wp-content\/uploads\/2022\/12\/sad609.jpg 454w, https:\/\/info.sadowne.pl\/wp-content\/uploads\/2022\/12\/sad609-300x182.jpg 300w\" sizes=\"auto, (max-width: 454px) 100vw, 454px\" \/><\/a><\/p>\n<p style=\"text-align: center;\">Gospodarz \u2013 <strong>Zbyszek Danaj<\/strong> szatkuje kapust\u0119.<\/p>\n<p><a href=\"http:\/\/info.sadowne.pl\/wp-content\/uploads\/2022\/12\/sad610.jpg\"><img loading=\"lazy\" decoding=\"async\" class=\"aligncenter size-full wp-image-26913\" src=\"http:\/\/info.sadowne.pl\/wp-content\/uploads\/2022\/12\/sad610.jpg\" alt=\"\" width=\"547\" height=\"367\" srcset=\"https:\/\/info.sadowne.pl\/wp-content\/uploads\/2022\/12\/sad610.jpg 547w, https:\/\/info.sadowne.pl\/wp-content\/uploads\/2022\/12\/sad610-300x201.jpg 300w\" sizes=\"auto, (max-width: 547px) 100vw, 547px\" \/><\/a><\/p>\n<p>&nbsp;<\/p>\n<p><span style=\"color: #008000;\">GOSPODARZ:<\/span><\/p>\n<p style=\"text-align: center;\">&#8211; ,,No Hanulka wskakuj do tej becki, to b\u0119dzies dzisiaj ty depta\u0107 kapuste, zamiast grubej Jagny. Troch\u0119 ty, troch\u0119 st\u0119porkiem i ugnieciem!\u201d<\/p>\n<h3 style=\"text-align: center;\"><span style=\"color: #0000ff;\"><strong>Ale to wskakiwanie, jak widzimy,<\/strong><\/span><\/h3>\n<h3 style=\"text-align: center;\"><span style=\"color: #0000ff;\"><strong>wymaga\u0142o pomocy!<\/strong><\/span><\/h3>\n<div id=\"attachment_26914\" style=\"width: 474px\" class=\"wp-caption aligncenter\"><a href=\"http:\/\/info.sadowne.pl\/wp-content\/uploads\/2022\/12\/sad611.jpg\"><img loading=\"lazy\" decoding=\"async\" aria-describedby=\"caption-attachment-26914\" class=\"wp-image-26914 size-full\" src=\"http:\/\/info.sadowne.pl\/wp-content\/uploads\/2022\/12\/sad611.jpg\" alt=\"\" width=\"464\" height=\"312\" srcset=\"https:\/\/info.sadowne.pl\/wp-content\/uploads\/2022\/12\/sad611.jpg 464w, https:\/\/info.sadowne.pl\/wp-content\/uploads\/2022\/12\/sad611-300x202.jpg 300w\" sizes=\"auto, (max-width: 464px) 100vw, 464px\" \/><\/a><p id=\"caption-attachment-26914\" class=\"wp-caption-text\">Jadzia Borowa i Zbyszek Danaj<\/p><\/div>\n<div id=\"attachment_26915\" style=\"width: 566px\" class=\"wp-caption aligncenter\"><a href=\"http:\/\/info.sadowne.pl\/wp-content\/uploads\/2022\/12\/sad612.jpg\"><img loading=\"lazy\" decoding=\"async\" aria-describedby=\"caption-attachment-26915\" class=\"wp-image-26915 size-full\" src=\"http:\/\/info.sadowne.pl\/wp-content\/uploads\/2022\/12\/sad612.jpg\" alt=\"\" width=\"556\" height=\"313\" srcset=\"https:\/\/info.sadowne.pl\/wp-content\/uploads\/2022\/12\/sad612.jpg 556w, https:\/\/info.sadowne.pl\/wp-content\/uploads\/2022\/12\/sad612-300x169.jpg 300w\" sizes=\"auto, (max-width: 556px) 100vw, 556px\" \/><\/a><p id=\"caption-attachment-26915\" class=\"wp-caption-text\">Znale\u017ali si\u0119 te\u017c ch\u0119tni do ta\u0144ca z Hank\u0105 w beczce<\/p><\/div>\n<p><a href=\"http:\/\/info.sadowne.pl\/wp-content\/uploads\/2022\/12\/sad613.jpg\"><img loading=\"lazy\" decoding=\"async\" class=\"aligncenter size-full wp-image-26916\" src=\"http:\/\/info.sadowne.pl\/wp-content\/uploads\/2022\/12\/sad613.jpg\" alt=\"\" width=\"555\" height=\"373\" srcset=\"https:\/\/info.sadowne.pl\/wp-content\/uploads\/2022\/12\/sad613.jpg 555w, https:\/\/info.sadowne.pl\/wp-content\/uploads\/2022\/12\/sad613-300x202.jpg 300w\" sizes=\"auto, (max-width: 555px) 100vw, 555px\" \/><\/a><\/p>\n<p style=\"text-align: center;\">Kieliszeczki teraz wszyscy nape\u0142nimy,<\/p>\n<p style=\"text-align: center;\">\/Kiszon\u0105 kapust\u0119 razem okrasimy.\/bis<\/p>\n<div id=\"attachment_26917\" style=\"width: 543px\" class=\"wp-caption aligncenter\"><a href=\"http:\/\/info.sadowne.pl\/wp-content\/uploads\/2022\/12\/sad614.jpg\"><img loading=\"lazy\" decoding=\"async\" aria-describedby=\"caption-attachment-26917\" class=\"wp-image-26917 size-full\" src=\"http:\/\/info.sadowne.pl\/wp-content\/uploads\/2022\/12\/sad614.jpg\" alt=\"\" width=\"533\" height=\"358\" srcset=\"https:\/\/info.sadowne.pl\/wp-content\/uploads\/2022\/12\/sad614.jpg 533w, https:\/\/info.sadowne.pl\/wp-content\/uploads\/2022\/12\/sad614-300x202.jpg 300w\" sizes=\"auto, (max-width: 533px) 100vw, 533px\" \/><\/a><p id=\"caption-attachment-26917\" class=\"wp-caption-text\">Krysia Wetoszka w monologu: ,,Biedne kobiety\u201d<\/p><\/div>\n<p><a href=\"http:\/\/info.sadowne.pl\/wp-content\/uploads\/2022\/12\/sad615.jpg\"><img loading=\"lazy\" decoding=\"async\" class=\"aligncenter size-full wp-image-26918\" src=\"http:\/\/info.sadowne.pl\/wp-content\/uploads\/2022\/12\/sad615.jpg\" alt=\"\" width=\"539\" height=\"362\" srcset=\"https:\/\/info.sadowne.pl\/wp-content\/uploads\/2022\/12\/sad615.jpg 539w, https:\/\/info.sadowne.pl\/wp-content\/uploads\/2022\/12\/sad615-300x201.jpg 300w\" sizes=\"auto, (max-width: 539px) 100vw, 539px\" \/><\/a><\/p>\n<p style=\"text-align: center;\"><strong>A to gospodyni wiejska ze swoim ciamajdowatym m\u0119\u017cem Franusiem.<\/strong><\/p>\n<p style=\"text-align: center;\"><strong>W tej roli Monika Nozderka i Ala Bahniuk.<\/strong><\/p>\n<p><strong> <a href=\"http:\/\/info.sadowne.pl\/wp-content\/uploads\/2022\/12\/sad616.jpg\"><img loading=\"lazy\" decoding=\"async\" class=\"aligncenter size-full wp-image-26919\" src=\"http:\/\/info.sadowne.pl\/wp-content\/uploads\/2022\/12\/sad616.jpg\" alt=\"\" width=\"585\" height=\"319\" srcset=\"https:\/\/info.sadowne.pl\/wp-content\/uploads\/2022\/12\/sad616.jpg 585w, https:\/\/info.sadowne.pl\/wp-content\/uploads\/2022\/12\/sad616-300x164.jpg 300w\" sizes=\"auto, (max-width: 585px) 100vw, 585px\" \/><\/a><\/strong><\/p>\n<p style=\"text-align: center;\"><strong>PIOSENKA:<\/strong><\/p>\n<p style=\"text-align: center;\"><span style=\"color: #0000ff;\"><strong>,,Kukuryku, kukuryku, kochaj, \u017ce si\u0119 koguciku,<\/strong><\/span><\/p>\n<p style=\"text-align: center;\"><span style=\"color: #0000ff;\"><strong>Bo ci pi\u00f3rka posiwia\u0142y, kurki ci\u0119 nie b\u0119d\u0105 chcia\u0142y\u201d.<\/strong><\/span><\/p>\n<p><strong> <a href=\"http:\/\/info.sadowne.pl\/wp-content\/uploads\/2022\/12\/sad617.jpg\"><img loading=\"lazy\" decoding=\"async\" class=\"aligncenter size-full wp-image-26920\" src=\"http:\/\/info.sadowne.pl\/wp-content\/uploads\/2022\/12\/sad617.jpg\" alt=\"\" width=\"571\" height=\"383\" srcset=\"https:\/\/info.sadowne.pl\/wp-content\/uploads\/2022\/12\/sad617.jpg 571w, https:\/\/info.sadowne.pl\/wp-content\/uploads\/2022\/12\/sad617-300x201.jpg 300w\" sizes=\"auto, (max-width: 571px) 100vw, 571px\" \/><\/a><\/strong><\/p>\n<p style=\"text-align: center;\"><strong>\u00a0<\/strong><strong>Na spotkanie przyby\u0142 w\u00f3jt naszej gminy p. Waldemar Cyran.<\/strong><\/p>\n<p><strong> <a href=\"http:\/\/info.sadowne.pl\/wp-content\/uploads\/2022\/12\/sad618.jpg\"><img loading=\"lazy\" decoding=\"async\" class=\"aligncenter size-full wp-image-26921\" src=\"http:\/\/info.sadowne.pl\/wp-content\/uploads\/2022\/12\/sad618.jpg\" alt=\"\" width=\"537\" height=\"361\" srcset=\"https:\/\/info.sadowne.pl\/wp-content\/uploads\/2022\/12\/sad618.jpg 537w, https:\/\/info.sadowne.pl\/wp-content\/uploads\/2022\/12\/sad618-300x202.jpg 300w\" sizes=\"auto, (max-width: 537px) 100vw, 537px\" \/><\/a><\/strong><\/p>\n<p style=\"text-align: center;\"><strong>Zarz\u0105d Mazowiecko \u2013 Podlaskiego Stowarzyszenia Agroturystycznego <\/strong><strong>podzi\u0119kowa\u0142 zespo\u0142owi za wspania\u0142e, pe\u0142ne humoru przedstawienie starej tradycji kiszenia kapusty.<\/strong><\/p>\n<div id=\"attachment_26922\" style=\"width: 447px\" class=\"wp-caption aligncenter\"><a href=\"http:\/\/info.sadowne.pl\/wp-content\/uploads\/2022\/12\/sad619.jpg\"><img loading=\"lazy\" decoding=\"async\" aria-describedby=\"caption-attachment-26922\" class=\"wp-image-26922 size-full\" src=\"http:\/\/info.sadowne.pl\/wp-content\/uploads\/2022\/12\/sad619.jpg\" alt=\"\" width=\"437\" height=\"419\" srcset=\"https:\/\/info.sadowne.pl\/wp-content\/uploads\/2022\/12\/sad619.jpg 437w, https:\/\/info.sadowne.pl\/wp-content\/uploads\/2022\/12\/sad619-300x288.jpg 300w\" sizes=\"auto, (max-width: 437px) 100vw, 437px\" \/><\/a><p id=\"caption-attachment-26922\" class=\"wp-caption-text\">Basia Wr\u00f3bel i Krysia Wetoszka<\/p><\/div>\n<div id=\"attachment_26923\" style=\"width: 526px\" class=\"wp-caption aligncenter\"><a href=\"http:\/\/info.sadowne.pl\/wp-content\/uploads\/2022\/12\/sad620.jpg\"><img loading=\"lazy\" decoding=\"async\" aria-describedby=\"caption-attachment-26923\" class=\"wp-image-26923 size-full\" src=\"http:\/\/info.sadowne.pl\/wp-content\/uploads\/2022\/12\/sad620.jpg\" alt=\"\" width=\"516\" height=\"359\" srcset=\"https:\/\/info.sadowne.pl\/wp-content\/uploads\/2022\/12\/sad620.jpg 516w, https:\/\/info.sadowne.pl\/wp-content\/uploads\/2022\/12\/sad620-300x209.jpg 300w\" sizes=\"auto, (max-width: 516px) 100vw, 516px\" \/><\/a><p id=\"caption-attachment-26923\" class=\"wp-caption-text\">Andrzej Olton, Basia Wr\u00f3bel, Krysia Wetoszka<\/p><\/div>\n<div id=\"attachment_26924\" style=\"width: 558px\" class=\"wp-caption aligncenter\"><a href=\"http:\/\/info.sadowne.pl\/wp-content\/uploads\/2022\/12\/sad621.jpg\"><img loading=\"lazy\" decoding=\"async\" aria-describedby=\"caption-attachment-26924\" class=\"wp-image-26924 size-full\" src=\"http:\/\/info.sadowne.pl\/wp-content\/uploads\/2022\/12\/sad621.jpg\" alt=\"\" width=\"548\" height=\"275\" srcset=\"https:\/\/info.sadowne.pl\/wp-content\/uploads\/2022\/12\/sad621.jpg 548w, https:\/\/info.sadowne.pl\/wp-content\/uploads\/2022\/12\/sad621-300x151.jpg 300w\" sizes=\"auto, (max-width: 548px) 100vw, 548px\" \/><\/a><p id=\"caption-attachment-26924\" class=\"wp-caption-text\">Basia Wr\u00f3bel, Krysia Wetoszka, Tereska Biernat, Bogusia Danaj, Zbyszek Danaj, Tereska Piwek, Henia Kibart<\/p><\/div>\n<p><strong><a href=\"http:\/\/info.sadowne.pl\/wp-content\/uploads\/2022\/12\/sad622.jpg\"><img loading=\"lazy\" decoding=\"async\" class=\"aligncenter size-full wp-image-26925\" src=\"http:\/\/info.sadowne.pl\/wp-content\/uploads\/2022\/12\/sad622.jpg\" alt=\"\" width=\"574\" height=\"299\" srcset=\"https:\/\/info.sadowne.pl\/wp-content\/uploads\/2022\/12\/sad622.jpg 574w, https:\/\/info.sadowne.pl\/wp-content\/uploads\/2022\/12\/sad622-300x156.jpg 300w\" sizes=\"auto, (max-width: 574px) 100vw, 574px\" \/><\/a><\/strong><\/p>\n<p>Spotkanie nale\u017cy uzna\u0107 za udane, o czym zapewniali jego uczestnicy, deklaruj\u0105c powr\u00f3t w tak przyjazne i go\u015bcinne strony, jakimi jest Gmina Sadowne.<\/p>\n<p><strong> <a href=\"http:\/\/info.sadowne.pl\/wp-content\/uploads\/2022\/12\/sad623.jpg\"><img loading=\"lazy\" decoding=\"async\" class=\"aligncenter size-full wp-image-26926\" src=\"http:\/\/info.sadowne.pl\/wp-content\/uploads\/2022\/12\/sad623.jpg\" alt=\"\" width=\"574\" height=\"326\" srcset=\"https:\/\/info.sadowne.pl\/wp-content\/uploads\/2022\/12\/sad623.jpg 574w, https:\/\/info.sadowne.pl\/wp-content\/uploads\/2022\/12\/sad623-300x170.jpg 300w\" sizes=\"auto, (max-width: 574px) 100vw, 574px\" \/><\/a><\/strong><\/p>\n<p>Weso\u0142e scenki, \u015bpiew i muzyka ludowa, wprawi\u0142y wszystkich w dobry nastr\u00f3j, a spotkanie przerodzi\u0142o si\u0119 we wsp\u00f3ln\u0105 zabaw\u0119 na parkiecie, kt\u00f3ra nie mia\u0142aby ko\u0144ca, gdyby nie konieczno\u015b\u0107 powrotu do swoich domostw.<\/p>\n<h4 style=\"text-align: center;\">I tak to w\u0142a\u015bnie by\u0142o.<\/h4>\n<h4 style=\"text-align: center;\">W beczce wymytej i wysuszonej, deptano lub ubijano kapust\u0119 st\u0119porkiem, wszyscy po kolei, bo si\u0142y trzeba by\u0142o. Gospodyni przesypywa\u0142a j\u0105 sol\u0105, to koprem, to marchewk\u0105, to wrzuca\u0142a z\u0105bek czosnku, to zn\u00f3w s\u00f3l i tak w k\u00f3\u0142ko a\u017c do pe\u0142na. Wreszcie przyk\u0142adano j\u0105 denkiem, a dwa ci\u0119\u017ckie kamienne przypiecz\u0119towa\u0142y i przydusza\u0142y kapust\u0119, \u017ceby z beczki nie wyskoczy\u0142a, kiedy zacznie kisn\u0105\u0107.<\/h4>\n<h4 style=\"text-align: center;\">P\u00f3\u017aniej kis\u0142a sobie dwa tygodnie w cieple a nast\u0119pnie wynoszono j\u0105 do piwnicy. Nikt si\u0119 nie ba\u0142, \u017ce zabraknie do nast\u0119pnych zbior\u00f3w, musia\u0142o wystarczy\u0107 do nowego urodzaju.<\/h4>\n<h4 style=\"text-align: center;\">Tak to pracowano w jesienne wieczory, aby zgromadzi\u0107 zapasy na zim\u0119. Przy pracy, dziewcz\u0119ta \u015bpiewa\u0142y r\u00f3\u017cne piosenki, aby czas wszystkim umili\u0107.<\/h4>\n<h4 style=\"text-align: center;\">Wiadomo m\u0142odzi, jak to m\u0142odzi, te ich \u015bpiewki to takie przekomarzanki-zalecanki.<\/h4>\n<h4 style=\"text-align: center;\">A je\u015bli w domu znale\u017ali si\u0119 kawalerowie, to po sko\u0144czonej robocie, ch\u0119tnie brali panny do ta\u0144ca i ta\u0144cz\u0105c, dokazuj\u0105c umilali sobie czas jesiennych wieczor\u00f3w.<\/h4>\n<h4 style=\"text-align: center;\"><a href=\"http:\/\/info.sadowne.pl\/wp-content\/uploads\/2022\/12\/sad624.jpg\"><img loading=\"lazy\" decoding=\"async\" class=\"alignleft size-full wp-image-26927\" src=\"http:\/\/info.sadowne.pl\/wp-content\/uploads\/2022\/12\/sad624.jpg\" alt=\"\" width=\"103\" height=\"81\" \/><\/a><a href=\"http:\/\/info.sadowne.pl\/wp-content\/uploads\/2022\/12\/sad624.jpg\"><img loading=\"lazy\" decoding=\"async\" class=\"alignleft size-full wp-image-26927\" src=\"http:\/\/info.sadowne.pl\/wp-content\/uploads\/2022\/12\/sad624.jpg\" alt=\"\" width=\"103\" height=\"81\" \/><\/a><a href=\"http:\/\/info.sadowne.pl\/wp-content\/uploads\/2022\/12\/sad624.jpg\"><img loading=\"lazy\" decoding=\"async\" class=\"alignleft size-full wp-image-26927\" src=\"http:\/\/info.sadowne.pl\/wp-content\/uploads\/2022\/12\/sad624.jpg\" alt=\"\" width=\"103\" height=\"81\" \/><\/a><a href=\"http:\/\/info.sadowne.pl\/wp-content\/uploads\/2022\/12\/sad624.jpg\"><img loading=\"lazy\" decoding=\"async\" class=\"alignleft size-full wp-image-26927\" src=\"http:\/\/info.sadowne.pl\/wp-content\/uploads\/2022\/12\/sad624.jpg\" alt=\"\" width=\"103\" height=\"81\" \/><\/a><a href=\"http:\/\/info.sadowne.pl\/wp-content\/uploads\/2022\/12\/sad624.jpg\"><img loading=\"lazy\" decoding=\"async\" class=\"alignleft size-full wp-image-26927\" src=\"http:\/\/info.sadowne.pl\/wp-content\/uploads\/2022\/12\/sad624.jpg\" alt=\"\" width=\"103\" height=\"81\" \/><\/a><\/h4>\n<p>&nbsp;<\/p>\n<p>&nbsp;<\/p>\n<p><strong>\u0179r\u00f3d\u0142o:<\/strong>\u00a0SADOWIANKI, Barbara Wr\u00f3bel, Sadowne 2022<\/p>\n","protected":false},"excerpt":{"rendered":"<p>P\u0141OCK<\/p>\n","protected":false},"author":1,"featured_media":0,"comment_status":"closed","ping_status":"closed","sticky":false,"template":"","format":"standard","meta":{"footnotes":""},"categories":[5,31,1202],"tags":[1218,101,960],"class_list":["post-26879","post","type-post","status-publish","format-standard","hentry","category-newsy","category-historia-gminy","category-zespol-spiewaczy-sadowianki","tag-barbara-wrobel","tag-historia-gminy-sadowne","tag-zespol-spiewaczy-sadowianki"],"views":1888,"_links":{"self":[{"href":"https:\/\/info.sadowne.pl\/index.php?rest_route=\/wp\/v2\/posts\/26879","targetHints":{"allow":["GET"]}}],"collection":[{"href":"https:\/\/info.sadowne.pl\/index.php?rest_route=\/wp\/v2\/posts"}],"about":[{"href":"https:\/\/info.sadowne.pl\/index.php?rest_route=\/wp\/v2\/types\/post"}],"author":[{"embeddable":true,"href":"https:\/\/info.sadowne.pl\/index.php?rest_route=\/wp\/v2\/users\/1"}],"replies":[{"embeddable":true,"href":"https:\/\/info.sadowne.pl\/index.php?rest_route=%2Fwp%2Fv2%2Fcomments&post=26879"}],"version-history":[{"count":3,"href":"https:\/\/info.sadowne.pl\/index.php?rest_route=\/wp\/v2\/posts\/26879\/revisions"}],"predecessor-version":[{"id":26930,"href":"https:\/\/info.sadowne.pl\/index.php?rest_route=\/wp\/v2\/posts\/26879\/revisions\/26930"}],"wp:attachment":[{"href":"https:\/\/info.sadowne.pl\/index.php?rest_route=%2Fwp%2Fv2%2Fmedia&parent=26879"}],"wp:term":[{"taxonomy":"category","embeddable":true,"href":"https:\/\/info.sadowne.pl\/index.php?rest_route=%2Fwp%2Fv2%2Fcategories&post=26879"},{"taxonomy":"post_tag","embeddable":true,"href":"https:\/\/info.sadowne.pl\/index.php?rest_route=%2Fwp%2Fv2%2Ftags&post=26879"}],"curies":[{"name":"wp","href":"https:\/\/api.w.org\/{rel}","templated":true}]}}