{"id":26931,"date":"2022-12-15T14:06:30","date_gmt":"2022-12-15T13:06:30","guid":{"rendered":"http:\/\/info.sadowne.pl\/?p=26931"},"modified":"2022-12-15T14:06:30","modified_gmt":"2022-12-15T13:06:30","slug":"stanislaw-kankowski-zapomniany-zdobywca-berlina","status":"publish","type":"post","link":"https:\/\/info.sadowne.pl\/?p=26931","title":{"rendered":"STANIS\u0141AW KA\u0143KOWSKI \u2013 ZAPOMNIANY ZDOBYWCA BERLINA"},"content":{"rendered":"<p><strong><a href=\"http:\/\/info.sadowne.pl\/wp-content\/uploads\/2022\/12\/Brok105.jpg\" target=\"_blank\" rel=\"noopener\"><img loading=\"lazy\" decoding=\"async\" class=\"alignleft wp-image-26932 size-thumbnail\" src=\"http:\/\/info.sadowne.pl\/wp-content\/uploads\/2022\/12\/Brok105-180x130.jpg\" alt=\"\" width=\"180\" height=\"130\" \/><\/a>Nasz bohater przyszed\u0142 na \u015bwiat 16 marca 1921 r. w Broku jako syn Boles\u0142awa i Anny ze Smoli\u0144skich.<\/strong><!--more--><\/p>\n<p>By\u0142 kolejnym reprezentantem rodu z dawien dawna osiad\u0142ego w miasteczku, a jego przodkowie bywali przed wiekami brokowskimi burmistrzami, rajcami i \u0142awnikami. Ucz\u0119szcza\u0142 do tutejszej szko\u0142y powszechnej i w\u0142a\u015bnie tam pozna\u0142 mi\u0142o\u015b\u0107 swego \u017cycia Ani\u0119. Swoje kie\u0142kuj\u0105ce do r\u00f3wie\u015bnicy uczucia wyra\u017ca\u0142 w spos\u00f3b typowy dla nastolatk\u00f3w, a nosz\u0105cy miano ko\u0144skich zalot\u00f3w:<\/p>\n<p>By\u0142a lekcja religii, siedzia\u0142em z Tadkiem, przed nim Ania, mia\u0142a takie d\u0142ugie i grube warkocze, jeden z nich le\u017ca\u0142 przede mn\u0105 na naszej \u0142awce. Cyrklem przygwo\u017adzi\u0142em go do \u0142awki, akurat ksi\u0105dz zada\u0142 jej pytanie, nie mog\u0142a wsta\u0107 do odpowiedzi. I sta\u0142o si\u0119, dosta\u0142em dw\u00f3j\u0119 z religii i wylecia\u0142em z grona ministrant\u00f3w. A drugim razem na t\u0142usty czwartek wysmarowa\u0142em tablic\u0119 woskiem, Ania mnie oskar\u017cy\u0142a, a by\u0142o to na lekcji historii, znowu mi si\u0119 dosta\u0142o. No i nie wiem, co we mnie wst\u0105pi\u0142o, pewnego razu jak wybieg\u0142a ze szko\u0142y, rzuci\u0142em w ni\u0105 kamieniem.<\/p>\n<p><strong>Wi\u0119cej na stronie <span style=\"color: #0000ff;\"><a style=\"color: #0000ff;\" href=\"https:\/\/madzelan.cba.pl\/stanislaw-kankowski-zapomniany-zdobywca-berlina\/\" target=\"_blank\" rel=\"noopener\">https:\/\/madzelan.cba.pl\/stanislaw-kankowski-zapomniany-zdobywca-berlina\/<\/a><\/span><\/strong><\/p>\n","protected":false},"excerpt":{"rendered":"<p>Nasz bohater przyszed\u0142 na \u015bwiat 16 marca 1921 r. w Broku jako syn Boles\u0142awa i Anny ze Smoli\u0144skich.<\/p>\n","protected":false},"author":1,"featured_media":0,"comment_status":"closed","ping_status":"closed","sticky":false,"template":"","format":"standard","meta":{"footnotes":""},"categories":[5,3436,31],"tags":[3004,2956,3902],"class_list":["post-26931","post","type-post","status-publish","format-standard","hentry","category-newsy","category-opowiesci-historie-legendy-brokowskie-i-nie-tylko","category-historia-gminy","tag-jerzy-madzelan","tag-opowiesci-historie-legendy-brokowskie-i-nie-tylko","tag-stanislaw-kankowski"],"views":2122,"_links":{"self":[{"href":"https:\/\/info.sadowne.pl\/index.php?rest_route=\/wp\/v2\/posts\/26931","targetHints":{"allow":["GET"]}}],"collection":[{"href":"https:\/\/info.sadowne.pl\/index.php?rest_route=\/wp\/v2\/posts"}],"about":[{"href":"https:\/\/info.sadowne.pl\/index.php?rest_route=\/wp\/v2\/types\/post"}],"author":[{"embeddable":true,"href":"https:\/\/info.sadowne.pl\/index.php?rest_route=\/wp\/v2\/users\/1"}],"replies":[{"embeddable":true,"href":"https:\/\/info.sadowne.pl\/index.php?rest_route=%2Fwp%2Fv2%2Fcomments&post=26931"}],"version-history":[{"count":1,"href":"https:\/\/info.sadowne.pl\/index.php?rest_route=\/wp\/v2\/posts\/26931\/revisions"}],"predecessor-version":[{"id":26933,"href":"https:\/\/info.sadowne.pl\/index.php?rest_route=\/wp\/v2\/posts\/26931\/revisions\/26933"}],"wp:attachment":[{"href":"https:\/\/info.sadowne.pl\/index.php?rest_route=%2Fwp%2Fv2%2Fmedia&parent=26931"}],"wp:term":[{"taxonomy":"category","embeddable":true,"href":"https:\/\/info.sadowne.pl\/index.php?rest_route=%2Fwp%2Fv2%2Fcategories&post=26931"},{"taxonomy":"post_tag","embeddable":true,"href":"https:\/\/info.sadowne.pl\/index.php?rest_route=%2Fwp%2Fv2%2Ftags&post=26931"}],"curies":[{"name":"wp","href":"https:\/\/api.w.org\/{rel}","templated":true}]}}