{"id":26935,"date":"2022-12-19T10:17:03","date_gmt":"2022-12-19T09:17:03","guid":{"rendered":"http:\/\/info.sadowne.pl\/?p=26935"},"modified":"2023-12-07T15:42:32","modified_gmt":"2023-12-07T14:42:32","slug":"podzielilismy-sie-oplatkiem","status":"publish","type":"post","link":"https:\/\/info.sadowne.pl\/?p=26935","title":{"rendered":"Podzielili\u015bmy si\u0119 op\u0142atkiem"},"content":{"rendered":"<p><a href=\"http:\/\/info.sadowne.pl\/wp-content\/uploads\/2022\/12\/2022.12.19.1.jpg\" target=\"_blank\" rel=\"noopener\"><img loading=\"lazy\" decoding=\"async\" class=\"alignleft wp-image-26936 size-thumbnail\" src=\"http:\/\/info.sadowne.pl\/wp-content\/uploads\/2022\/12\/2022.12.19.1-180x130.jpg\" alt=\"\" width=\"180\" height=\"130\" \/><\/a><strong>18 grudnia w Sadownem odby\u0142a si\u0119 gminna Wieczerza Wigilijna, kt\u00f3rej organizatorami byli: W\u00f3jt Gminy Sadowne i Samorz\u0105d Wojew\u00f3dztwa Mazowieckiego.<\/strong><!--more--><\/p>\n<p>W niedzielne popo\u0142udnie, w sali OSP Sadowne na Wieczerzy Wigilijnej zebrali si\u0119 mieszka\u0144cy gminy Sadowne, kt\u00f3rzy podj\u0119li zaproszenie W\u00f3jta Gminy Sadowne i Samorz\u0105du Wojew\u00f3dztwa Mazowieckiego. Przyby\u0142ych powita\u0142a prowadz\u0105ca spotkanie p. Ewa Pi\u00f3rkowska \u2013 Dyrektor Gminnego O\u015brodka w Sadownem oraz jego wsp\u00f3\u0142organizatorzy: p. El\u017cbieta Lanc \u2013 cz\u0142onek Zarz\u0105du Wojew\u00f3dztwa Mazowieckiego i p. Waldemar Cyran \u2013 W\u00f3jt Gminy Sadowne.<\/p>\n<p>Wieczerza Wigilijna mia\u0142a te\u017c dodatkowy cel \u2013 rozstrzygni\u0119cie og\u0142oszonego wcze\u015bniej przez Gminny O\u015brodek Kultury w Sadownem konkursu dla K\u00f3\u0142 Gospody\u0144 Wiejskich z gminy Sadowne pn. \u201eNajlepsza potrawa wigilijna oraz aran\u017cacja sto\u0142u wigilijnego 2022 gminy Sadowne\u201d. Konkurs odbywa\u0142 si\u0119 w jednej z\u0142o\u017conej kategorii:<\/p>\n<p>&#8211; tradycyjna Potrawa Wigilijna \u2013 wytrawna \u2013 minimum 2. propozycje (np. zupa i przystawka),<\/p>\n<p>&#8211; tradycyjny Wypiek Bo\u017conarodzeniowy (ciasto),<\/p>\n<p>&#8211; aran\u017cacja Sto\u0142u Wigilijnego (nakrycia dla od 4 do 6 os\u00f3b).<\/p>\n<p>Do konkursu przyst\u0105pi\u0142y KGW z miejscowo\u015bci: Krupi\u0144skie, Morzyczyn W\u0142\u00f3ki, Oci\u0119te, Sojk\u00f3wek i Zarzetka. Do oceny pracy cz\u0142onki\u0144 K\u00f3\u0142 niezw\u0142ocznie przyst\u0105pi\u0142a Komisja Konkursowa w sk\u0142adzie: p. Ewa Pi\u00f3rkowska, ks. Antoni Kunicki, p. Marcin Gr\u0119da i p. Tomasz Szymanik. W mi\u0119dzyczasie w specjalnym repertuarze \u015bwi\u0105tecznym na scenie zaprezentowa\u0142 si\u0119 nasz Zesp\u00f3\u0142 \u015apiewaczy \u201eSadowianki\u201d oraz\u2026 anio\u0142ki. Wyst\u0119p zosta\u0142 nagrodzony gromkimi brawami, publiczno\u015b\u0107 poprosi\u0142a nawet o bis.<\/p>\n<p>Po wyst\u0119pie list z \u017cyczeniami dla mieszka\u0144c\u00f3w gminy Sadowne w imieniu Marsza\u0142ka Wojew\u00f3dztwa Mazowieckiego odczyta\u0142 Jego pe\u0142nomocnik p. Mariusz Rukat, z\u0142o\u017cy\u0142 te\u017c w swoim imieniu \u017cyczenia wszystkim zebranym podobnie, jak zabieraj\u0105cy nast\u0119pnie g\u0142os ks. Antoni Kunicki \u2013 proboszcz Parafii Sadowne.<\/p>\n<p>W ko\u0144cu przyszed\u0142 te\u017c czas na podsumowanie konkursu potraw i aran\u017cacji sto\u0142u wigilijnego. Oto wyniki:<\/p>\n<p>&#8211; I miejsce \u2013 KGW Krupi\u0144skie<\/p>\n<p>&#8211; II miejsce \u2013 KGW Sojk\u00f3wek<\/p>\n<p>&#8211; III miejsce \u2013 KGW Zarzetka<\/p>\n<p>&#8211; wyr\u00f3\u017cnienia \u2013 KGW Morzyczyn W\u0142\u00f3ki i KGW Oci\u0119te.<\/p>\n<p>Organizatorzy wr\u0119czyli zas\u0142u\u017cone nagrody i podsumowali Konkurs, a nast\u0119pnie przekazali wszystkim \u017cyczenia z okazji zbli\u017caj\u0105cych si\u0119 \u015awi\u0105t Bo\u017cego Narodzenia oraz Nowego Roku 2023. W imieniu Samorz\u0105du Powiatu W\u0119growskiego i w\u0142asnym \u017cyczenia przekaza\u0142a r\u00f3wnie\u017c Radna Powiatowa p. Ma\u0142gorzata Zy\u015bk. Przyszed\u0142 te\u017c czas na \u017cyczenia indywidualne i dzielenie si\u0119 op\u0142atkiem oraz biesiadowania przy wsp\u00f3lnym stole wigilijnym. Przy d\u017awi\u0119kach muzyki, prezentowanej na scenie przez zaproszon\u0105 na uroczysto\u015b\u0107 Kapel\u0119 Niwi\u0144scy, wszyscy zasiedli do sto\u0142u z potrawami wigilijnymi \u2013 tymi bior\u0105cymi udzia\u0142 w konkursie i tymi, kt\u00f3re przygotowa\u0142y dla wszystkich z tej okazji Panie z Gminnego O\u015brodka Kultury w Sadownem. Bardzo smaczne i zapewne podobne zostan\u0105 przygotowane na nasze sto\u0142y wigilijne.<\/p>\n<p>Uroczysto\u015b\u0107 \u015bwietnie przygotowana, da\u0142a pocz\u0105tek uroczystym obchodom nadchodz\u0105cych \u015awi\u0105t Bo\u017cego Narodzenia. Pi\u0119kne \u017cyczenia od Organizator\u00f3w \u201eWieczerzy Wigilijnej\u201d, do kt\u00f3rych przy\u0142\u0105cza si\u0119 r\u00f3wnie\u017c Redakcja Portalu Info Sadowne.<\/p>\n<p><strong>Wszystkiego Najlepszego Drodzy Pa\u0144stwo!<\/strong><\/p>\n<p><span style=\"color: #0000ff;\"><a style=\"color: #0000ff;\" href=\"https:\/\/photos.app.goo.gl\/r12PWjdJxg5BXFcn7\" target=\"_blank\" rel=\"noopener\"><strong>Zdj\u0119cia w galerii Google&gt;&gt;&gt;<\/strong><\/a><\/span><\/p>\n<p><strong><span style=\"color: #0000ff;\"><a style=\"color: #0000ff;\" href=\"https:\/\/youtu.be\/Y5yNObKtI5Q\" target=\"_blank\" rel=\"noopener\">Zobacz te\u017c film&gt;&gt;&gt;<\/a><\/span>\u00a0\u00a0\u00a0\u00a0\u00a0\u00a0\u00a0\u00a0\u00a0\u00a0\u00a0\u00a0\u00a0\u00a0 <\/strong><\/p>\n<p><strong>Tekst\/foto:<\/strong> S\u0142awek Chyli\u0144ski<\/p>\n","protected":false},"excerpt":{"rendered":"<p>18 grudnia w Sadownem odby\u0142a si\u0119 gminna Wieczerza Wigilijna, kt\u00f3rej organizatorami byli: W\u00f3jt Gminy Sadowne i Samorz\u0105d Wojew\u00f3dztwa Mazowieckiego.<\/p>\n","protected":false},"author":1,"featured_media":0,"comment_status":"closed","ping_status":"closed","sticky":false,"template":"","format":"standard","meta":{"footnotes":""},"categories":[5,4062,41],"tags":[1030,169,3043,1033,1710,614],"class_list":["post-26935","post","type-post","status-publish","format-standard","hentry","category-newsy","category-kola-gospodyn-wiejskich","category-wiesci-gminne","tag-elzbieta-lanc","tag-gminny-osrodek-kultury-w-sadownem","tag-samorzad-wojewodztwa-mazowieckiego","tag-waldemar-cyran","tag-wieczerza-wigilijna-w-sadownem","tag-wojt-gminy-sadowne"],"views":2689,"_links":{"self":[{"href":"https:\/\/info.sadowne.pl\/index.php?rest_route=\/wp\/v2\/posts\/26935","targetHints":{"allow":["GET"]}}],"collection":[{"href":"https:\/\/info.sadowne.pl\/index.php?rest_route=\/wp\/v2\/posts"}],"about":[{"href":"https:\/\/info.sadowne.pl\/index.php?rest_route=\/wp\/v2\/types\/post"}],"author":[{"embeddable":true,"href":"https:\/\/info.sadowne.pl\/index.php?rest_route=\/wp\/v2\/users\/1"}],"replies":[{"embeddable":true,"href":"https:\/\/info.sadowne.pl\/index.php?rest_route=%2Fwp%2Fv2%2Fcomments&post=26935"}],"version-history":[{"count":3,"href":"https:\/\/info.sadowne.pl\/index.php?rest_route=\/wp\/v2\/posts\/26935\/revisions"}],"predecessor-version":[{"id":26939,"href":"https:\/\/info.sadowne.pl\/index.php?rest_route=\/wp\/v2\/posts\/26935\/revisions\/26939"}],"wp:attachment":[{"href":"https:\/\/info.sadowne.pl\/index.php?rest_route=%2Fwp%2Fv2%2Fmedia&parent=26935"}],"wp:term":[{"taxonomy":"category","embeddable":true,"href":"https:\/\/info.sadowne.pl\/index.php?rest_route=%2Fwp%2Fv2%2Fcategories&post=26935"},{"taxonomy":"post_tag","embeddable":true,"href":"https:\/\/info.sadowne.pl\/index.php?rest_route=%2Fwp%2Fv2%2Ftags&post=26935"}],"curies":[{"name":"wp","href":"https:\/\/api.w.org\/{rel}","templated":true}]}}