{"id":26976,"date":"2022-12-29T14:40:18","date_gmt":"2022-12-29T13:40:18","guid":{"rendered":"http:\/\/info.sadowne.pl\/?p=26976"},"modified":"2022-12-29T14:40:18","modified_gmt":"2022-12-29T13:40:18","slug":"o-szkodliwosci-tancow-w-parnym-andrzejewie","status":"publish","type":"post","link":"https:\/\/info.sadowne.pl\/?p=26976","title":{"rendered":"O szkodliwo\u015bci ta\u0144c\u00f3w w parnym Andrzejewie,"},"content":{"rendered":"<p><strong><a href=\"http:\/\/info.sadowne.pl\/wp-content\/uploads\/2022\/12\/Brok107.jpg\" target=\"_blank\" rel=\"noopener\"><img loading=\"lazy\" decoding=\"async\" class=\"alignleft wp-image-26977 size-thumbnail\" src=\"http:\/\/info.sadowne.pl\/wp-content\/uploads\/2022\/12\/Brok107-180x130.jpg\" alt=\"\" width=\"180\" height=\"130\" \/><\/a>\u2026o w\u00f3jcie z Czy\u017cewa co za kratki trafi\u0142, wyrodnej matce z wioski Przyjmy oraz o Kurpiach \u017ceni\u0105cych si\u0119 z rublami.<\/strong><!--more--><\/p>\n<p>Na pocz\u0105tek, pierwsza na tych \u0142amach tak obszerna korespondencja z Andrzejewa. Miasta powsta\u0142ego g\u0142\u00f3wnie z tej przyczyny, \u017ce klucz brokowski d\u00f3br biskupich by\u0142 nazbyt rozleg\u0142y, wi\u0119c mieszka\u0144cy jego p\u00f3\u0142nocno-wschodnich zak\u0105tk\u00f3w zamiast na targ do Broku je\u017adzili do miast kr\u00f3lewskich Ostrowi i Nura, pomniejszaj\u0105c biskupie dochody. W roku 1528 biskup p\u0142ocki Andrzej Krzycki wyjedna\u0142 wi\u0119c u kr\u00f3la zgod\u0119 na lokacj\u0119 na terenie ko\u015bcielnej wioski Wronie miasta zwanego pocz\u0105tkowo J\u0119drzejowem oraz na urz\u0105dzanie tam targ\u00f3w i jarmark\u00f3w. Okazuje si\u0119, \u017ce miejsce na lokacj\u0119 by\u0142o do\u015b\u0107 nieszcz\u0119\u015bliwie wybrane, bo wilgotne i zdrowiu szkodz\u0105ce. Zanim jednak reumatyzm powykr\u0119ca\u0142 m\u0142odym ludziom stawy, to w dni upalne, a skutkiem wszechobecnej wilgoci parne i rozpalaj\u0105ce zmys\u0142y, m\u0142odzi oddawali si\u0119 ta\u0144com dzikim i cho\u0107 starsi pilnie moralno\u015bci pilnowali, to wiele panien ko\u0144czy\u0142o ta\u0144cowanie z zaokr\u0105glonymi brzuchami, a niejeden kawaler zszed\u0142 z tego \u015bwiata podczas bijatyki \u2013 jak wiadomo nieod\u0142\u0105cznego elementu dobrej zabawy. Grzesznemu procederowi po\u0142o\u017cono wreszcie kres.<\/p>\n<p>Z Czy\u017cewa za\u015b donosz\u0105 o strasznym po\u017carze i wielkiej aferze. W\u00f3jt wraz z kasjerem zdefraudowali pieni\u0105dze \u2013 wiadomo, \u017ce spore, ale jak du\u017ce, to dok\u0142adnie nie wiemy, bo \u015bledztwo z r\u00f3\u017cnych wzgl\u0119d\u00f3w mog\u0142o by\u0107 prowadzone niedbale. W miasteczku nie spos\u00f3b si\u0119 nudzi\u0107, bo na ulicach dochodzi do regularnych potyczek mi\u0119dzy starozakonnymi rzemie\u015blnikami, walcz\u0105cymi o opanowanie rynku da\u0144 koszernych. Ka\u017cdy \u017c\u0105dny wra\u017ce\u0144 obywatel chcia\u0142by mieszka\u0107 w Czy\u017cewie.<\/p>\n<p><strong>Wi\u0119cej na stronie <span style=\"color: #0000ff;\"><a style=\"color: #0000ff;\" href=\"https:\/\/madzelan.cba.pl\/o-szkodliwosci-tancow-w-parnym-andrzejewie-o-wojcie-z-czyzewa-co-za-kratki-trafil-wyrodnej-matce-z-wioski-przyjmy-oraz-o-kurpiach-zeniacych-sie-z-rublami\/\" target=\"_blank\" rel=\"noopener\">https:\/\/madzelan.cba.pl\/o-szkodliwosci-tancow-w-parnym-andrzejewie-o-wojcie-z-czyzewa-co-za-kratki-trafil-wyrodnej-matce-z-wioski-przyjmy-oraz-o-kurpiach-zeniacych-sie-z-rublami\/<\/a><\/span><\/strong><\/p>\n","protected":false},"excerpt":{"rendered":"<p>\u2026o w\u00f3jcie z Czy\u017cewa co za kratki trafi\u0142, wyrodnej matce z wioski Przyjmy oraz o Kurpiach \u017ceni\u0105cych si\u0119 z rublami.<\/p>\n","protected":false},"author":1,"featured_media":0,"comment_status":"closed","ping_status":"closed","sticky":false,"template":"","format":"standard","meta":{"footnotes":""},"categories":[5,3436,31],"tags":[101,3004,2956],"class_list":["post-26976","post","type-post","status-publish","format-standard","hentry","category-newsy","category-opowiesci-historie-legendy-brokowskie-i-nie-tylko","category-historia-gminy","tag-historia-gminy-sadowne","tag-jerzy-madzelan","tag-opowiesci-historie-legendy-brokowskie-i-nie-tylko"],"views":2081,"_links":{"self":[{"href":"https:\/\/info.sadowne.pl\/index.php?rest_route=\/wp\/v2\/posts\/26976","targetHints":{"allow":["GET"]}}],"collection":[{"href":"https:\/\/info.sadowne.pl\/index.php?rest_route=\/wp\/v2\/posts"}],"about":[{"href":"https:\/\/info.sadowne.pl\/index.php?rest_route=\/wp\/v2\/types\/post"}],"author":[{"embeddable":true,"href":"https:\/\/info.sadowne.pl\/index.php?rest_route=\/wp\/v2\/users\/1"}],"replies":[{"embeddable":true,"href":"https:\/\/info.sadowne.pl\/index.php?rest_route=%2Fwp%2Fv2%2Fcomments&post=26976"}],"version-history":[{"count":1,"href":"https:\/\/info.sadowne.pl\/index.php?rest_route=\/wp\/v2\/posts\/26976\/revisions"}],"predecessor-version":[{"id":26978,"href":"https:\/\/info.sadowne.pl\/index.php?rest_route=\/wp\/v2\/posts\/26976\/revisions\/26978"}],"wp:attachment":[{"href":"https:\/\/info.sadowne.pl\/index.php?rest_route=%2Fwp%2Fv2%2Fmedia&parent=26976"}],"wp:term":[{"taxonomy":"category","embeddable":true,"href":"https:\/\/info.sadowne.pl\/index.php?rest_route=%2Fwp%2Fv2%2Fcategories&post=26976"},{"taxonomy":"post_tag","embeddable":true,"href":"https:\/\/info.sadowne.pl\/index.php?rest_route=%2Fwp%2Fv2%2Ftags&post=26976"}],"curies":[{"name":"wp","href":"https:\/\/api.w.org\/{rel}","templated":true}]}}