{"id":26979,"date":"2023-01-01T14:11:30","date_gmt":"2023-01-01T13:11:30","guid":{"rendered":"http:\/\/info.sadowne.pl\/?p=26979"},"modified":"2023-01-01T14:11:30","modified_gmt":"2023-01-01T13:11:30","slug":"memento","status":"publish","type":"post","link":"https:\/\/info.sadowne.pl\/?p=26979","title":{"rendered":"Memento"},"content":{"rendered":"<p><a href=\"http:\/\/info.sadowne.pl\/wp-content\/uploads\/2023\/01\/2023.01.01.1.jpg\" target=\"_blank\" rel=\"noopener\"><img loading=\"lazy\" decoding=\"async\" class=\"alignleft wp-image-26980 size-thumbnail\" src=\"http:\/\/info.sadowne.pl\/wp-content\/uploads\/2023\/01\/2023.01.01.1-180x130.jpg\" alt=\"\" width=\"180\" height=\"130\" srcset=\"https:\/\/info.sadowne.pl\/wp-content\/uploads\/2023\/01\/2023.01.01.1-180x130.jpg 180w, https:\/\/info.sadowne.pl\/wp-content\/uploads\/2023\/01\/2023.01.01.1-300x215.jpg 300w, https:\/\/info.sadowne.pl\/wp-content\/uploads\/2023\/01\/2023.01.01.1-768x549.jpg 768w, https:\/\/info.sadowne.pl\/wp-content\/uploads\/2023\/01\/2023.01.01.1.jpg 786w\" sizes=\"auto, (max-width: 180px) 100vw, 180px\" \/><\/a><\/p>\n<p><strong>Drugi, wybrany wiersz Danuty Kobyli\u0144skiej \u2013 Konik w naszym okienku poetyckim.<\/strong><!--more--><\/p>\n<p>*<\/p>\n<p>*<\/p>\n<p>*<\/p>\n<p>*<\/p>\n<p><strong>\u201eMemento\u201d<\/strong><\/p>\n<p>&nbsp;<\/p>\n<p>\u0141z\u0105<\/p>\n<p>i krwi\u0105<\/p>\n<p>i modlitw\u0105 cich\u0105<\/p>\n<p>jak serca szept ostatni<\/p>\n<p>&nbsp;<\/p>\n<p>zdobywa si\u0119<\/p>\n<p>Wolno\u015b\u0107<\/p>\n<p>Ducha Niezwyci\u0119\u017conego<\/p>\n<p>na skrzyd\u0142ach Or\u0142a<\/p>\n<p>niesion\u0105<\/p>\n<p>w Mi\u0142o\u015bci Przestrzenie<\/p>\n<p>&nbsp;<\/p>\n<p>Europo!<\/p>\n<p>Pochyl si\u0119<\/p>\n<p>pokor\u0105 zap\u0142acz<\/p>\n<p>w swoj\u0105 \u015arod\u0119 Popielcow\u0105<\/p>\n<p>&nbsp;<\/p>\n<p><em>\u00a0 \u00a0 \u00a0 \u00a0 \u00a0 \u00a0 \u00a0 \u00a0 \u00a0 \u00a0 \u00a0 \u00a0 \u00a0 \u00a0 \u00a0 \u00a0 \u00a0 \u00a0 \u00a0(ofiarom tragedii smole\u0144skiej dedykuj\u0119<\/em><\/p>\n<p><em>\u00a0 \u00a0 \u00a0 \u00a0 \u00a0 \u00a0 \u00a0 \u00a0 \u00a0 \u00a0 \u00a0 \u00a0 \u00a0 \u00a0 \u00a0 \u00a0 \u00a0 \u00a0 \u00a0 Zarzetka, 21 kwietnia 2010 r.)<\/em><\/p>\n","protected":false},"excerpt":{"rendered":"<p>Drugi, wybrany wiersz Danuty Kobyli\u0144skiej \u2013 Konik w naszym okienku poetyckim.<\/p>\n","protected":false},"author":1,"featured_media":0,"comment_status":"closed","ping_status":"closed","sticky":false,"template":"","format":"standard","meta":{"footnotes":""},"categories":[5,48,6,108],"tags":[970,3669,2730,3906],"class_list":["post-26979","post","type-post","status-publish","format-standard","hentry","category-newsy","category-kacik-literacki","category-kultura-rozrywka-edukacja","category-okienko-poetyckie","tag-danuta-kobylinska-konik","tag-okienko-poetyckie","tag-poezja","tag-wiersz-memento"],"views":1774,"_links":{"self":[{"href":"https:\/\/info.sadowne.pl\/index.php?rest_route=\/wp\/v2\/posts\/26979","targetHints":{"allow":["GET"]}}],"collection":[{"href":"https:\/\/info.sadowne.pl\/index.php?rest_route=\/wp\/v2\/posts"}],"about":[{"href":"https:\/\/info.sadowne.pl\/index.php?rest_route=\/wp\/v2\/types\/post"}],"author":[{"embeddable":true,"href":"https:\/\/info.sadowne.pl\/index.php?rest_route=\/wp\/v2\/users\/1"}],"replies":[{"embeddable":true,"href":"https:\/\/info.sadowne.pl\/index.php?rest_route=%2Fwp%2Fv2%2Fcomments&post=26979"}],"version-history":[{"count":2,"href":"https:\/\/info.sadowne.pl\/index.php?rest_route=\/wp\/v2\/posts\/26979\/revisions"}],"predecessor-version":[{"id":26982,"href":"https:\/\/info.sadowne.pl\/index.php?rest_route=\/wp\/v2\/posts\/26979\/revisions\/26982"}],"wp:attachment":[{"href":"https:\/\/info.sadowne.pl\/index.php?rest_route=%2Fwp%2Fv2%2Fmedia&parent=26979"}],"wp:term":[{"taxonomy":"category","embeddable":true,"href":"https:\/\/info.sadowne.pl\/index.php?rest_route=%2Fwp%2Fv2%2Fcategories&post=26979"},{"taxonomy":"post_tag","embeddable":true,"href":"https:\/\/info.sadowne.pl\/index.php?rest_route=%2Fwp%2Fv2%2Ftags&post=26979"}],"curies":[{"name":"wp","href":"https:\/\/api.w.org\/{rel}","templated":true}]}}