{"id":26983,"date":"2023-01-02T20:04:10","date_gmt":"2023-01-02T19:04:10","guid":{"rendered":"http:\/\/info.sadowne.pl\/?p=26983"},"modified":"2023-01-02T20:04:10","modified_gmt":"2023-01-02T19:04:10","slug":"kronika-strazacka-01-01-2023","status":"publish","type":"post","link":"https:\/\/info.sadowne.pl\/?p=26983","title":{"rendered":"Kronika stra\u017cacka \u2013 01.01.2023"},"content":{"rendered":"<p><strong><a href=\"http:\/\/info.sadowne.pl\/wp-content\/uploads\/2013\/07\/straz3.jpg\"><img loading=\"lazy\" decoding=\"async\" class=\"alignleft size-thumbnail wp-image-2625\" src=\"http:\/\/info.sadowne.pl\/wp-content\/uploads\/2013\/07\/straz3-180x130.jpg\" alt=\"\" width=\"180\" height=\"130\" \/><\/a>W dniu 1 stycznia 2023 r. o godz. 13.57 do KP PSP w W\u0119growie wp\u0142yn\u0119\u0142o zg\u0142oszenie o wpadni\u0119ciu do studni m\u0119\u017cczyzny w miejscowo\u015bci G\u00f3rki Borze, gm. Korytnica. <\/strong><!--more--><\/p>\n<p>Na miejsce zdarzenia zadysponowano 3 zast\u0119py stra\u017cy po\u017carnej. Stra\u017cacy wydobyli poszkodowanego ze studni o g\u0142\u0119boko\u015bci ok. 8 metr\u00f3w. Nie stwierdzaj\u0105c oznak czynno\u015bci \u017cyciowych stra\u017cacy przyst\u0105pili do resuscytacji kr\u0105\u017ceniowo-oddechowej. Dzia\u0142ania ratownicze przej\u0105\u0142 nast\u0119pnie lekarz pogotowia. Na miejscu by\u0142 te\u017c LPR. Po d\u0142ugiej reanimacji nieprzynosz\u0105cej efektu lekarz stwierdzi\u0142 zgon. Dalsze dzia\u0142ania przej\u0119\u0142a KP policji.<\/p>\n<p>1 stycznia KP PSP w W\u0119growie otrzyma\u0142a zg\u0142oszenie o po\u017carze budynku jednorodzinnego w miejscowo\u015bci Ko\u0142odzi\u0105\u017c Rybie, gm. Sadowne. Na miejsce zadysponowano 6 zast\u0119p\u00f3w stra\u017cy po\u017carnej i 22 stra\u017cak\u00f3w. W chwili przybycia pierwszego zast\u0119pu po\u017carem obj\u0119ty by\u0142 ca\u0142y budynek mieszkalny drewniany. W trakcie gaszenia po\u017caru pomocy przedmedycznej udzielono w\u0142a\u015bcicielowi, kt\u00f3ry pr\u00f3bowa\u0142 gasi\u0107 po\u017car przed przybyciem stra\u017cy i dozna\u0142 poparzenia twarzy. Prawdopodobna przyczyna &#8211; zapr\u00f3szenie ognia.<\/p>\n<p><strong>KP PSP W\u0119gr\u00f3w<\/strong><\/p>\n","protected":false},"excerpt":{"rendered":"<p>W dniu 1 stycznia 2023 r. o godz. 13.57 do KP PSP w W\u0119growie wp\u0142yn\u0119\u0142o zg\u0142oszenie o wpadni\u0119ciu do studni m\u0119\u017cczyzny w miejscowo\u015bci G\u00f3rki Borze, gm. Korytnica.<\/p>\n","protected":false},"author":1,"featured_media":0,"comment_status":"closed","ping_status":"closed","sticky":false,"template":"","format":"standard","meta":{"footnotes":""},"categories":[5,4,267],"tags":[491,643],"class_list":["post-26983","post","type-post","status-publish","format-standard","hentry","category-newsy","category-policja-straz-pozarna-pogotowie-ratunkowe","category-straz-pozarna-policja-straz-pozarna-pogotowie-ratunkowe","tag-komenda-powiatowa-panstwowej-strazy-pozarnej-w-wegrowie","tag-kronika-strazacka"],"views":1726,"_links":{"self":[{"href":"https:\/\/info.sadowne.pl\/index.php?rest_route=\/wp\/v2\/posts\/26983","targetHints":{"allow":["GET"]}}],"collection":[{"href":"https:\/\/info.sadowne.pl\/index.php?rest_route=\/wp\/v2\/posts"}],"about":[{"href":"https:\/\/info.sadowne.pl\/index.php?rest_route=\/wp\/v2\/types\/post"}],"author":[{"embeddable":true,"href":"https:\/\/info.sadowne.pl\/index.php?rest_route=\/wp\/v2\/users\/1"}],"replies":[{"embeddable":true,"href":"https:\/\/info.sadowne.pl\/index.php?rest_route=%2Fwp%2Fv2%2Fcomments&post=26983"}],"version-history":[{"count":1,"href":"https:\/\/info.sadowne.pl\/index.php?rest_route=\/wp\/v2\/posts\/26983\/revisions"}],"predecessor-version":[{"id":26984,"href":"https:\/\/info.sadowne.pl\/index.php?rest_route=\/wp\/v2\/posts\/26983\/revisions\/26984"}],"wp:attachment":[{"href":"https:\/\/info.sadowne.pl\/index.php?rest_route=%2Fwp%2Fv2%2Fmedia&parent=26983"}],"wp:term":[{"taxonomy":"category","embeddable":true,"href":"https:\/\/info.sadowne.pl\/index.php?rest_route=%2Fwp%2Fv2%2Fcategories&post=26983"},{"taxonomy":"post_tag","embeddable":true,"href":"https:\/\/info.sadowne.pl\/index.php?rest_route=%2Fwp%2Fv2%2Ftags&post=26983"}],"curies":[{"name":"wp","href":"https:\/\/api.w.org\/{rel}","templated":true}]}}