{"id":26986,"date":"2023-01-05T19:22:58","date_gmt":"2023-01-05T18:22:58","guid":{"rendered":"http:\/\/info.sadowne.pl\/?p=26986"},"modified":"2023-01-05T19:22:58","modified_gmt":"2023-01-05T18:22:58","slug":"masowe-niemieckie-egzekucje-w-mekalinach","status":"publish","type":"post","link":"https:\/\/info.sadowne.pl\/?p=26986","title":{"rendered":"MASOWE NIEMIECKIE EGZEKUCJE W M\u0118KALINACH,"},"content":{"rendered":"<p><strong><a href=\"http:\/\/info.sadowne.pl\/wp-content\/uploads\/2022\/07\/Brok88.jpg\" target=\"_blank\" rel=\"noopener\"><img loading=\"lazy\" decoding=\"async\" class=\"alignleft wp-image-26208 size-thumbnail\" src=\"http:\/\/info.sadowne.pl\/wp-content\/uploads\/2022\/07\/Brok88-180x130.jpg\" alt=\"\" width=\"180\" height=\"130\" \/><\/a>BOJANACH, UGNIEWIE (1943-1944).<\/strong><!--more--><\/p>\n<p>Czytelnicy odnajd\u0105 poni\u017cej kolejne materia\u0142y pochodz\u0105ce z ksi\u0105\u017cki\u00a0Jadwigi Sadowskiej i Aliny Wierzbickiej\u00a0<em>Wojna 1939-1945 we wspomnieniach mieszka\u0144c\u00f3w Ostrowi Mazowieckiej i okolic<\/em>, wydanej w roku 2019 przez\u00a0Miejsk\u0105 Bibliotek\u0119 Publiczn\u0105 im. Marii D\u0105browskiej w Ostrowi Mazowieckiej.<\/p>\n<p>Dzisiaj wspomnienia o jednych z najtragiczniejszych wydarze\u0144, jakie mia\u0142y miejsce w czasie okupacji niemieckiej w naszej okolicy, czyli o masowych mordach dokonanych na jej mieszka\u0144cach.<\/p>\n<p><strong>Wi\u0119cej na stronie <span style=\"color: #0000ff;\"><a style=\"color: #0000ff;\" href=\"https:\/\/madzelan.cba.pl\/masowe-niemieckie-egzekucje-w-mekalinach-bojanach-ugniewie-1943-1944\/\" target=\"_blank\" rel=\"noopener\">https:\/\/madzelan.cba.pl\/masowe-niemieckie-egzekucje-w-mekalinach-bojanach-ugniewie-1943-1944\/<\/a><\/span><\/strong><\/p>\n","protected":false},"excerpt":{"rendered":"<p>BOJANACH, UGNIEWIE (1943-1944).<\/p>\n","protected":false},"author":1,"featured_media":0,"comment_status":"closed","ping_status":"closed","sticky":false,"template":"","format":"standard","meta":{"footnotes":""},"categories":[5,3436,31],"tags":[3004,2956,3809],"class_list":["post-26986","post","type-post","status-publish","format-standard","hentry","category-newsy","category-opowiesci-historie-legendy-brokowskie-i-nie-tylko","category-historia-gminy","tag-jerzy-madzelan","tag-opowiesci-historie-legendy-brokowskie-i-nie-tylko","tag-wojna-1939-1945-we-wspomnieniach-mieszkancow-ostrowi-mazowieckiej-i-okolic"],"views":1686,"_links":{"self":[{"href":"https:\/\/info.sadowne.pl\/index.php?rest_route=\/wp\/v2\/posts\/26986","targetHints":{"allow":["GET"]}}],"collection":[{"href":"https:\/\/info.sadowne.pl\/index.php?rest_route=\/wp\/v2\/posts"}],"about":[{"href":"https:\/\/info.sadowne.pl\/index.php?rest_route=\/wp\/v2\/types\/post"}],"author":[{"embeddable":true,"href":"https:\/\/info.sadowne.pl\/index.php?rest_route=\/wp\/v2\/users\/1"}],"replies":[{"embeddable":true,"href":"https:\/\/info.sadowne.pl\/index.php?rest_route=%2Fwp%2Fv2%2Fcomments&post=26986"}],"version-history":[{"count":2,"href":"https:\/\/info.sadowne.pl\/index.php?rest_route=\/wp\/v2\/posts\/26986\/revisions"}],"predecessor-version":[{"id":26988,"href":"https:\/\/info.sadowne.pl\/index.php?rest_route=\/wp\/v2\/posts\/26986\/revisions\/26988"}],"wp:attachment":[{"href":"https:\/\/info.sadowne.pl\/index.php?rest_route=%2Fwp%2Fv2%2Fmedia&parent=26986"}],"wp:term":[{"taxonomy":"category","embeddable":true,"href":"https:\/\/info.sadowne.pl\/index.php?rest_route=%2Fwp%2Fv2%2Fcategories&post=26986"},{"taxonomy":"post_tag","embeddable":true,"href":"https:\/\/info.sadowne.pl\/index.php?rest_route=%2Fwp%2Fv2%2Ftags&post=26986"}],"curies":[{"name":"wp","href":"https:\/\/api.w.org\/{rel}","templated":true}]}}