{"id":26999,"date":"2023-01-14T17:04:23","date_gmt":"2023-01-14T16:04:23","guid":{"rendered":"http:\/\/info.sadowne.pl\/?p=26999"},"modified":"2023-01-15T10:58:10","modified_gmt":"2023-01-15T09:58:10","slug":"sadowianki-smaki-sadownego","status":"publish","type":"post","link":"https:\/\/info.sadowne.pl\/?p=26999","title":{"rendered":"Sadowianki &#8211; Smaki Sadownego"},"content":{"rendered":"<p style=\"text-align: center;\"><strong><a href=\"http:\/\/info.sadowne.pl\/wp-content\/uploads\/2023\/01\/sad625.jpg\"><img loading=\"lazy\" decoding=\"async\" class=\"alignleft size-thumbnail wp-image-27001\" src=\"http:\/\/info.sadowne.pl\/wp-content\/uploads\/2023\/01\/sad625-180x130.jpg\" alt=\"\" width=\"180\" height=\"130\" \/><\/a>Konkurs &#8222;Nasze kulinarne dziedzictwo &#8211; Smaki Sadownego&#8221;.<\/strong><!--more--><\/p>\n<p style=\"text-align: center;\"><strong>22 kwietnia 2018 roku w Sadownem odby\u0142 si\u0119 Fina\u0142 Konkursu Kulinarnego <\/strong><strong>pod nazw\u0105: <\/strong><\/p>\n<p style=\"text-align: center;\"><strong><span style=\"color: #008000;\">\u201eNasze Kulinarne Dziedzictwo \u2013 Smaki Sadownego\u201d<\/span>.<\/strong><\/p>\n<p style=\"text-align: center;\"><strong><a href=\"http:\/\/info.sadowne.pl\/wp-content\/uploads\/2023\/01\/sad625.jpg\"><img loading=\"lazy\" decoding=\"async\" class=\"aligncenter size-full wp-image-27001\" src=\"http:\/\/info.sadowne.pl\/wp-content\/uploads\/2023\/01\/sad625.jpg\" alt=\"\" width=\"609\" height=\"209\" srcset=\"https:\/\/info.sadowne.pl\/wp-content\/uploads\/2023\/01\/sad625.jpg 609w, https:\/\/info.sadowne.pl\/wp-content\/uploads\/2023\/01\/sad625-300x103.jpg 300w\" sizes=\"auto, (max-width: 609px) 100vw, 609px\" \/><\/a>\u00a0<\/strong><\/p>\n<p><strong>G\u0142\u00f3wnymi Organizatorami Konkursu byli:<\/strong><\/p>\n<p>Urz\u0105d Gminy Sadowne, Gminny O\u015brodek Kultury w Sadownem, Zesp\u00f3\u0142 Szk\u00f3\u0142 Ponadgimnazjalnych oraz Og\u00f3lnopolskie Stowarzyszenie Szef\u00f3w Kuchni i Cukierni.<\/p>\n<p><strong>Wydarzenie to patronatem obj\u0119li:<\/strong>\u00a0W\u00f3jt Gminy Sadowne, Urz\u0105d Marsza\u0142kowski Wojew\u00f3dztwa Mazowieckiego, Starostwo Powiatowe w W\u0119growie i Lokalna Grupa Dzia\u0142ania \u201eB\u0105d\u017amy Razem\u201d.<\/p>\n<p style=\"text-align: center;\"><strong>W trakcie zliczania punkt\u00f3w przez Jury Zesp\u00f3\u0142 \u015apiewaczy <\/strong><span style=\"color: #008000;\"><strong>\u201eSadowianki\u201d<\/strong><\/span><strong> zabawia\u0142 publiczno\u015b\u0107. Oczywi\u015bcie zgodnie z tematem kulinarnym przedstawili\u015bmy inscenizacj\u0119 tradycji ludowych \u2013<\/strong><\/p>\n<h2 style=\"text-align: center;\"><span style=\"color: #008080;\"><strong>&#8212;<\/strong><strong>,,<\/strong><strong>Kiszenie kapusty\u201d&#8212;<\/strong><\/span><\/h2>\n<div id=\"attachment_27002\" style=\"width: 567px\" class=\"wp-caption aligncenter\"><a href=\"http:\/\/info.sadowne.pl\/wp-content\/uploads\/2023\/01\/sad626.jpg\"><img loading=\"lazy\" decoding=\"async\" aria-describedby=\"caption-attachment-27002\" class=\"wp-image-27002 size-full\" src=\"http:\/\/info.sadowne.pl\/wp-content\/uploads\/2023\/01\/sad626.jpg\" alt=\"\" width=\"557\" height=\"446\" srcset=\"https:\/\/info.sadowne.pl\/wp-content\/uploads\/2023\/01\/sad626.jpg 557w, https:\/\/info.sadowne.pl\/wp-content\/uploads\/2023\/01\/sad626-300x240.jpg 300w\" sizes=\"auto, (max-width: 557px) 100vw, 557px\" \/><\/a><p id=\"caption-attachment-27002\" class=\"wp-caption-text\">p. Jaros\u0142aw U\u015bci\u0144ski, p. Zbigniew \u0141\u0119gowski, p. Waldemar Cyran<\/p><\/div>\n<p>&nbsp;<\/p>\n<p><strong>Rang\u0119 Konkursu podnie\u015bli przybyli go\u015bcie:<\/strong><\/p>\n<p><strong>p. Jaros\u0142aw U\u015bci\u0144ski<\/strong> \u2013 Prezes Og\u00f3lnopolskiego Stowarzyszenia Szef\u00f3w Kuchni i Cukierni w Warszawie oraz w\u0142a\u015bciciel restauracji dachu Centrum Olimpijskiego \u201eMoonsfer\u201d,<\/p>\n<p><strong>p. Zbigniew \u0141\u0119gowski<\/strong> \u2013 szef kuchni Hotelu Double Tree by Hilton Hotel &amp; Cenference Centre Warsaw,<\/p>\n<p><strong>p. Waldemar Cyran<\/strong> \u2013 W\u00f3jt Gminy Sadowne, a tak\u017ce dyrektorzy i kierownicy jednostek organizacyjnych samorz\u0105du terytorialnego, dyrektorzy szk\u00f3\u0142 i przedszkoli Gminy Sadowne, radni oraz so\u0142tysi i oczywi\u015bcie \u2013 liczni mieszka\u0144cy naszej Gminy.<\/p>\n<div id=\"attachment_27003\" style=\"width: 596px\" class=\"wp-caption aligncenter\"><a href=\"http:\/\/info.sadowne.pl\/wp-content\/uploads\/2023\/01\/sad627.jpg\"><img loading=\"lazy\" decoding=\"async\" aria-describedby=\"caption-attachment-27003\" class=\"wp-image-27003 size-full\" src=\"http:\/\/info.sadowne.pl\/wp-content\/uploads\/2023\/01\/sad627.jpg\" alt=\"\" width=\"586\" height=\"392\" srcset=\"https:\/\/info.sadowne.pl\/wp-content\/uploads\/2023\/01\/sad627.jpg 586w, https:\/\/info.sadowne.pl\/wp-content\/uploads\/2023\/01\/sad627-300x201.jpg 300w\" sizes=\"auto, (max-width: 586px) 100vw, 586px\" \/><\/a><p id=\"caption-attachment-27003\" class=\"wp-caption-text\">Marysia Szymanik, Andrzej Olton, Basia Wr\u00f3bel, Krysia Wetoszka, Jadzia Borowa, Tereska Piwek<\/p><\/div>\n<div id=\"attachment_27004\" style=\"width: 596px\" class=\"wp-caption aligncenter\"><a href=\"http:\/\/info.sadowne.pl\/wp-content\/uploads\/2023\/01\/sad628.jpg\"><img loading=\"lazy\" decoding=\"async\" aria-describedby=\"caption-attachment-27004\" class=\"wp-image-27004 size-full\" src=\"http:\/\/info.sadowne.pl\/wp-content\/uploads\/2023\/01\/sad628.jpg\" alt=\"\" width=\"586\" height=\"392\" srcset=\"https:\/\/info.sadowne.pl\/wp-content\/uploads\/2023\/01\/sad628.jpg 586w, https:\/\/info.sadowne.pl\/wp-content\/uploads\/2023\/01\/sad628-300x201.jpg 300w\" sizes=\"auto, (max-width: 586px) 100vw, 586px\" \/><\/a><p id=\"caption-attachment-27004\" class=\"wp-caption-text\">Najwa\u017cniejsze jest ,,okraszenie\u201d kapusty!<\/p><\/div>\n<div id=\"attachment_27005\" style=\"width: 501px\" class=\"wp-caption aligncenter\"><a href=\"http:\/\/info.sadowne.pl\/wp-content\/uploads\/2023\/01\/sad629.jpg\"><img loading=\"lazy\" decoding=\"async\" aria-describedby=\"caption-attachment-27005\" class=\"wp-image-27005 size-full\" src=\"http:\/\/info.sadowne.pl\/wp-content\/uploads\/2023\/01\/sad629.jpg\" alt=\"\" width=\"491\" height=\"463\" srcset=\"https:\/\/info.sadowne.pl\/wp-content\/uploads\/2023\/01\/sad629.jpg 491w, https:\/\/info.sadowne.pl\/wp-content\/uploads\/2023\/01\/sad629-300x283.jpg 300w\" sizes=\"auto, (max-width: 491px) 100vw, 491px\" \/><\/a><p id=\"caption-attachment-27005\" class=\"wp-caption-text\">Andrzej Olton, Krysia Wetoszka, Basia Wr\u00f3bel<\/p><\/div>\n<div id=\"attachment_27006\" style=\"width: 519px\" class=\"wp-caption aligncenter\"><a href=\"http:\/\/info.sadowne.pl\/wp-content\/uploads\/2023\/01\/sad630.jpg\"><img loading=\"lazy\" decoding=\"async\" aria-describedby=\"caption-attachment-27006\" class=\"wp-image-27006 size-full\" src=\"http:\/\/info.sadowne.pl\/wp-content\/uploads\/2023\/01\/sad630.jpg\" alt=\"\" width=\"509\" height=\"341\" srcset=\"https:\/\/info.sadowne.pl\/wp-content\/uploads\/2023\/01\/sad630.jpg 509w, https:\/\/info.sadowne.pl\/wp-content\/uploads\/2023\/01\/sad630-300x201.jpg 300w\" sizes=\"auto, (max-width: 509px) 100vw, 509px\" \/><\/a><p id=\"caption-attachment-27006\" class=\"wp-caption-text\">Hanka do beczki! Pomagaj\u0105 p. Tomasz Szymanik i p. Piotr Olkowski<\/p><\/div>\n<div id=\"attachment_27007\" style=\"width: 589px\" class=\"wp-caption aligncenter\"><a href=\"http:\/\/info.sadowne.pl\/wp-content\/uploads\/2023\/01\/sad631.jpg\"><img loading=\"lazy\" decoding=\"async\" aria-describedby=\"caption-attachment-27007\" class=\"wp-image-27007 size-full\" src=\"http:\/\/info.sadowne.pl\/wp-content\/uploads\/2023\/01\/sad631.jpg\" alt=\"\" width=\"579\" height=\"298\" srcset=\"https:\/\/info.sadowne.pl\/wp-content\/uploads\/2023\/01\/sad631.jpg 579w, https:\/\/info.sadowne.pl\/wp-content\/uploads\/2023\/01\/sad631-300x154.jpg 300w\" sizes=\"auto, (max-width: 579px) 100vw, 579px\" \/><\/a><p id=\"caption-attachment-27007\" class=\"wp-caption-text\">SKECZ &#8211; Rozmowa dw\u00f3ch s\u0105siadek \u2013 Ela D\u0119bkowska i Marysia Szymanik<\/p><\/div>\n<div id=\"attachment_27008\" style=\"width: 619px\" class=\"wp-caption aligncenter\"><a href=\"http:\/\/info.sadowne.pl\/wp-content\/uploads\/2023\/01\/sad632.jpg\"><img loading=\"lazy\" decoding=\"async\" aria-describedby=\"caption-attachment-27008\" class=\"wp-image-27008 size-full\" src=\"http:\/\/info.sadowne.pl\/wp-content\/uploads\/2023\/01\/sad632.jpg\" alt=\"\" width=\"609\" height=\"407\" srcset=\"https:\/\/info.sadowne.pl\/wp-content\/uploads\/2023\/01\/sad632.jpg 609w, https:\/\/info.sadowne.pl\/wp-content\/uploads\/2023\/01\/sad632-300x200.jpg 300w\" sizes=\"auto, (max-width: 609px) 100vw, 609px\" \/><\/a><p id=\"caption-attachment-27008\" class=\"wp-caption-text\">Andrzej Olton, Hania D\u0119bkowska, Krysia Wetoszka, Basia Wr\u00f3bel, Zbyszek Danaj, Tereska Piwek<\/p><\/div>\n<p><strong> <a href=\"http:\/\/info.sadowne.pl\/wp-content\/uploads\/2023\/01\/sad633.jpg\"><img loading=\"lazy\" decoding=\"async\" class=\"aligncenter size-full wp-image-27009\" src=\"http:\/\/info.sadowne.pl\/wp-content\/uploads\/2023\/01\/sad633.jpg\" alt=\"\" width=\"564\" height=\"232\" srcset=\"https:\/\/info.sadowne.pl\/wp-content\/uploads\/2023\/01\/sad633.jpg 564w, https:\/\/info.sadowne.pl\/wp-content\/uploads\/2023\/01\/sad633-300x123.jpg 300w\" sizes=\"auto, (max-width: 564px) 100vw, 564px\" \/><\/a><\/strong><\/p>\n<p><strong> <a href=\"http:\/\/info.sadowne.pl\/wp-content\/uploads\/2023\/01\/sad634.jpg\"><img loading=\"lazy\" decoding=\"async\" class=\"aligncenter size-full wp-image-27010\" src=\"http:\/\/info.sadowne.pl\/wp-content\/uploads\/2023\/01\/sad634.jpg\" alt=\"\" width=\"559\" height=\"236\" srcset=\"https:\/\/info.sadowne.pl\/wp-content\/uploads\/2023\/01\/sad634.jpg 559w, https:\/\/info.sadowne.pl\/wp-content\/uploads\/2023\/01\/sad634-300x127.jpg 300w\" sizes=\"auto, (max-width: 559px) 100vw, 559px\" \/><\/a><\/strong><\/p>\n<p style=\"text-align: center;\"><strong>\u00a0<\/strong><strong>SADOWIANKI zach\u0119ci\u0142y widowni\u0119 do wsp\u00f3lnego pl\u0105sania.<\/strong><\/p>\n<p><strong> <a href=\"http:\/\/info.sadowne.pl\/wp-content\/uploads\/2023\/01\/sad635.jpg\"><img loading=\"lazy\" decoding=\"async\" class=\"aligncenter size-full wp-image-27011\" src=\"http:\/\/info.sadowne.pl\/wp-content\/uploads\/2023\/01\/sad635.jpg\" alt=\"\" width=\"568\" height=\"232\" srcset=\"https:\/\/info.sadowne.pl\/wp-content\/uploads\/2023\/01\/sad635.jpg 568w, https:\/\/info.sadowne.pl\/wp-content\/uploads\/2023\/01\/sad635-300x123.jpg 300w\" sizes=\"auto, (max-width: 568px) 100vw, 568px\" \/><\/a><\/strong><\/p>\n<p style=\"text-align: center;\"><strong>\u00a0<\/strong><strong>Pi\u0119knym uk\u0142onem po\u017cegnali\u015bmy nasz\u0105 publiczno\u015b\u0107.<\/strong><\/p>\n<div id=\"attachment_27012\" style=\"width: 530px\" class=\"wp-caption aligncenter\"><a href=\"http:\/\/info.sadowne.pl\/wp-content\/uploads\/2023\/01\/sad636.jpg\"><img loading=\"lazy\" decoding=\"async\" aria-describedby=\"caption-attachment-27012\" class=\"wp-image-27012 size-full\" src=\"http:\/\/info.sadowne.pl\/wp-content\/uploads\/2023\/01\/sad636.jpg\" alt=\"\" width=\"520\" height=\"338\" srcset=\"https:\/\/info.sadowne.pl\/wp-content\/uploads\/2023\/01\/sad636.jpg 520w, https:\/\/info.sadowne.pl\/wp-content\/uploads\/2023\/01\/sad636-300x195.jpg 300w\" sizes=\"auto, (max-width: 520px) 100vw, 520px\" \/><\/a><p id=\"caption-attachment-27012\" class=\"wp-caption-text\">Zbyszek Danaj, Krysia Witoszka, Basia Wr\u00f3bel, Ela D\u0119bkowska, Henia Kibart<\/p><\/div>\n<p style=\"text-align: center;\"><strong>G\u0142\u00f3wnym celem Konkursu by\u0142o wykorzystanie potencja\u0142u kulinarnego regionu oraz kultywowanie tradycji kulinarnych Gminy Sadowne.<\/strong><\/p>\n<p style=\"text-align: center;\">Po og\u0142oszeniu wynik\u00f3w Organizatorzy wr\u0119czyli wszystkim finalistom Dyplomy za udzia\u0142 w Konkursie \u2013 podzi\u0119kowania otrzyma\u0142y r\u00f3wnie\u017c osoby wspieraj\u0105ce Organizator\u00f3w imprezy. Nagrod\u0119 g\u0142\u00f3wn\u0105 Konkursu \u2013 1\u00a0000 z\u0142. i \u201eCertyfikat Smaku Sadownego\u201d z r\u0105k W\u00f3jta Gminy Sadowne odebra\u0142a p. Bo\u017cena Oni\u015bk, pozostali za\u015b uczestnicy otrzymali \u201eKarty podarunkowe\u201d o warto\u015bci 200 z\u0142.<\/p>\n<p style=\"text-align: center;\"><strong>Nasz wspania\u0142y kolega p. S\u0142awek Chyli\u0144ski, prowadz\u0105cy stron\u0119 <\/strong><strong>Info Sadowne, zosta\u0142 nagrodzony w tym konkursie za <\/strong><strong>\u201eSmalec w\u0142asny\u201d.<\/strong><\/p>\n<p style=\"text-align: center;\"><strong>Gratulujemy!<\/strong><\/p>\n<p><strong>\u0179r\u00f3d\u0142o:<\/strong>\u00a0SADOWIANKI, Barbara Wr\u00f3bel, Sadowne 2022<\/p>\n<p>&nbsp;<\/p>\n","protected":false},"excerpt":{"rendered":"<p>Konkurs &#8222;Nasze kulinarne dziedzictwo &#8211; Smaki Sadownego&#8221;.<\/p>\n","protected":false},"author":1,"featured_media":0,"comment_status":"closed","ping_status":"closed","sticky":false,"template":"","format":"standard","meta":{"footnotes":""},"categories":[5,31,1202],"tags":[1218,101,960],"class_list":["post-26999","post","type-post","status-publish","format-standard","hentry","category-newsy","category-historia-gminy","category-zespol-spiewaczy-sadowianki","tag-barbara-wrobel","tag-historia-gminy-sadowne","tag-zespol-spiewaczy-sadowianki"],"views":1987,"_links":{"self":[{"href":"https:\/\/info.sadowne.pl\/index.php?rest_route=\/wp\/v2\/posts\/26999","targetHints":{"allow":["GET"]}}],"collection":[{"href":"https:\/\/info.sadowne.pl\/index.php?rest_route=\/wp\/v2\/posts"}],"about":[{"href":"https:\/\/info.sadowne.pl\/index.php?rest_route=\/wp\/v2\/types\/post"}],"author":[{"embeddable":true,"href":"https:\/\/info.sadowne.pl\/index.php?rest_route=\/wp\/v2\/users\/1"}],"replies":[{"embeddable":true,"href":"https:\/\/info.sadowne.pl\/index.php?rest_route=%2Fwp%2Fv2%2Fcomments&post=26999"}],"version-history":[{"count":4,"href":"https:\/\/info.sadowne.pl\/index.php?rest_route=\/wp\/v2\/posts\/26999\/revisions"}],"predecessor-version":[{"id":27019,"href":"https:\/\/info.sadowne.pl\/index.php?rest_route=\/wp\/v2\/posts\/26999\/revisions\/27019"}],"wp:attachment":[{"href":"https:\/\/info.sadowne.pl\/index.php?rest_route=%2Fwp%2Fv2%2Fmedia&parent=26999"}],"wp:term":[{"taxonomy":"category","embeddable":true,"href":"https:\/\/info.sadowne.pl\/index.php?rest_route=%2Fwp%2Fv2%2Fcategories&post=26999"},{"taxonomy":"post_tag","embeddable":true,"href":"https:\/\/info.sadowne.pl\/index.php?rest_route=%2Fwp%2Fv2%2Ftags&post=26999"}],"curies":[{"name":"wp","href":"https:\/\/api.w.org\/{rel}","templated":true}]}}