{"id":27036,"date":"2023-01-20T16:58:05","date_gmt":"2023-01-20T15:58:05","guid":{"rendered":"http:\/\/info.sadowne.pl\/?p=27036"},"modified":"2023-01-20T17:03:02","modified_gmt":"2023-01-20T16:03:02","slug":"sadowianki-lipiec-sierpien-2018","status":"publish","type":"post","link":"https:\/\/info.sadowne.pl\/?p=27036","title":{"rendered":"Sadowianki &#8211; lipiec-sierpie\u0144 2018"},"content":{"rendered":"<p><strong><a href=\"http:\/\/info.sadowne.pl\/wp-content\/uploads\/2023\/01\/sad639.jpg\"><img loading=\"lazy\" decoding=\"async\" class=\"alignleft size-thumbnail wp-image-27038\" src=\"http:\/\/info.sadowne.pl\/wp-content\/uploads\/2023\/01\/sad639-180x130.jpg\" alt=\"\" width=\"180\" height=\"130\" \/><\/a>W\u0118GR\u00d3W &#8211; <\/strong><strong>Rynek Mariacki.<\/strong><!--more--><\/p>\n<p style=\"text-align: left;\"><span style=\"color: #008000;\"><strong>5 lipca 2018 roku<\/strong><\/span><\/p>\n<p><strong><a href=\"http:\/\/info.sadowne.pl\/wp-content\/uploads\/2023\/01\/sad638.jpg\"><img loading=\"lazy\" decoding=\"async\" class=\"aligncenter size-full wp-image-27039\" src=\"http:\/\/info.sadowne.pl\/wp-content\/uploads\/2023\/01\/sad638.jpg\" alt=\"\" width=\"500\" height=\"184\" srcset=\"https:\/\/info.sadowne.pl\/wp-content\/uploads\/2023\/01\/sad638.jpg 500w, https:\/\/info.sadowne.pl\/wp-content\/uploads\/2023\/01\/sad638-300x110.jpg 300w\" sizes=\"auto, (max-width: 500px) 100vw, 500px\" \/><\/a>\u00a0\u00a0\u00a0\u00a0\u00a0\u00a0\u00a0\u00a0 <\/strong><\/p>\n<p>Doroczny, pi\u0105ty ju\u017c Turniej Smak\u00f3w Wielkiego Go\u015bci\u0144ca Litewskiego o Kielich Wojciecha Wiel\u0105dko, by\u0142 prawdziw\u0105 eksplozj\u0105 smak\u00f3w.<\/p>\n<p>W jednym miejscu, na rynku w W\u0119growie, mo\u017cna by\u0142o znale\u017a\u0107 wystawc\u00f3w z kuchni\u0105 regionaln\u0105 i produktami ekologicznymi z ca\u0142ego szlaku \u2013 z Mazowsza, Podlasia i Wile\u0144szczyzny. Bo Wielki Go\u015bciniec Litewski to kraina wielu kultur, a wi\u0119c i r\u00f3\u017cnorodnych kuchni, w tym kuchni prawos\u0142awia oraz tatarskiej.<\/p>\n<p>Jak co roku kuratork\u0105 kulinarn\u0105 by\u0142a <strong>p. Joanna Jakubiuk<\/strong> &#8211; urodzona i dzia\u0142aj\u0105ca na Wielkim Go\u015bci\u0144cu Litewskim &#8211; Pierogowa Kr\u00f3lowa Podlasia, liderka Slow Food Podlasie.<\/p>\n<p>Wielki w\u0119growski rynek, to i wielkie mo\u017cliwo\u015bci. Tak, wi\u0119c pod ustawion\u0105 scen\u0105, przy muzyce ludowej bawili si\u0119 widzowie oraz sami uczestnicy. Na zako\u0144czenie zesp\u00f3\u0142 <strong>Soko\u0142owianie z Soko\u0142owa Podlaskiego<\/strong> poprowadzi\u0142 WIELKIEGO WSP\u00d3LNEGO POLONEZA &#8211; Ogi\u0144skiego, krajana &#8211; jak rynek d\u0142ugi i szeroki!!!<\/p>\n<h2 style=\"text-align: center;\"><span style=\"color: #008000;\"><strong>,,SADOWIANKI\u201d-<\/strong><\/span><\/h2>\n<h2 style=\"text-align: center;\"><span style=\"color: #008000;\">te\u017c tam by\u0142y, \u015bpiewa\u0142y, ta\u0144czy\u0142y i przyjemnie si\u0119 bawi\u0142y!<\/span><\/h2>\n<h2 style=\"text-align: center;\"><strong>BROK<\/strong><\/h2>\n<h3 style=\"text-align: center;\"><strong>\u00a0<\/strong><span style=\"color: #008000;\"><em>Dni Broku i Puszczy Bia\u0142ej.<\/em><\/span><\/h3>\n<p><strong>Dzie\u0144 7 lipca 2018<\/strong> w mie\u015bcie i gminie Brok up\u0142yn\u0105\u0142 pod znakiem \u015bwi\u0119towania jubileuszowych, bo ju\u017c 40 raz, Dni Broku i Puszczy Bia\u0142ej. Program wype\u0142niony by\u0142 licznymi atrakcjami, na kt\u00f3re zaprosi\u0142 Burmistrz Miasta i Gminy Brok p. Marek M\u0142y\u0144ski.<\/p>\n<p>Z ca\u0142\u0105 pewno\u015bci\u0105 mo\u017cna stwierdzi\u0107, \u017ce ka\u017cdy, niezale\u017cnie od wieku m\u00f3g\u0142 znale\u017a\u0107 w nim co\u015b ciekawego dla siebie. Na licznie przyby\u0142ych nad rzek\u0119 Bug mieszka\u0144c\u00f3w i wczasowicz\u00f3w czeka\u0142o wiele atrakcji i pi\u0119kna s\u0142oneczna pogoda, kt\u00f3ra sprzyja\u0142a wsp\u00f3lnej zabawie i wypoczynkowi na \u015bwie\u017cym powietrzu.<\/p>\n<p>Dwudniowa impreza rekreacyjno-sportowa rozpocz\u0119\u0142a si\u0119 w sobot\u0119 7 lipca od wyst\u0119p\u00f3w artystycznych dzieci i m\u0142odzie\u017cy z Zespo\u0142u Publicznych Plac\u00f3wek O\u015bwiatowych w Broku.<\/p>\n<p>Drugiego dnia tradycyjnie na scenie odby\u0142 si\u0119 przegl\u0105d muzyki ludowej i biesiadnej z udzia\u0142em zespo\u0142\u00f3w z s\u0105siednich miast i gmin.<\/p>\n<p>By\u0142y to zespo\u0142y: Zapominajki, Cyganeria, <strong>Sadowianki,<\/strong> Ma\u0142kinianka, Retro Band, Bez Wianka, Oberek, Cantilena oraz brokowska Jarz\u0119bina.<\/p>\n<p>Znane utwory ludowe \u015bpiewali nie tylko wykonawcy, ale te\u017c publiczno\u015b\u0107, kt\u00f3rej wyst\u0119py przypad\u0142y do gustu.<\/p>\n<div id=\"attachment_27038\" style=\"width: 619px\" class=\"wp-caption aligncenter\"><a href=\"http:\/\/info.sadowne.pl\/wp-content\/uploads\/2023\/01\/sad639.jpg\"><img loading=\"lazy\" decoding=\"async\" aria-describedby=\"caption-attachment-27038\" class=\"wp-image-27038 size-full\" src=\"http:\/\/info.sadowne.pl\/wp-content\/uploads\/2023\/01\/sad639.jpg\" alt=\"\" width=\"609\" height=\"297\" srcset=\"https:\/\/info.sadowne.pl\/wp-content\/uploads\/2023\/01\/sad639.jpg 609w, https:\/\/info.sadowne.pl\/wp-content\/uploads\/2023\/01\/sad639-300x146.jpg 300w\" sizes=\"auto, (max-width: 609px) 100vw, 609px\" \/><\/a><p id=\"caption-attachment-27038\" class=\"wp-caption-text\">SADOWIANKI w Broku lipiec 2018<\/p><\/div>\n<h2 style=\"text-align: center;\"><strong>SADOWNE<\/strong><\/h2>\n<h2 style=\"text-align: center;\"><strong>15 SIERPNIA 2018<\/strong><\/h2>\n<p><strong> <a href=\"http:\/\/info.sadowne.pl\/wp-content\/uploads\/2023\/01\/sad640.jpg\"><img loading=\"lazy\" decoding=\"async\" class=\"aligncenter size-full wp-image-27040\" src=\"http:\/\/info.sadowne.pl\/wp-content\/uploads\/2023\/01\/sad640.jpg\" alt=\"\" width=\"512\" height=\"37\" srcset=\"https:\/\/info.sadowne.pl\/wp-content\/uploads\/2023\/01\/sad640.jpg 512w, https:\/\/info.sadowne.pl\/wp-content\/uploads\/2023\/01\/sad640-300x22.jpg 300w\" sizes=\"auto, (max-width: 512px) 100vw, 512px\" \/><\/a><\/strong><\/p>\n<h3 style=\"text-align: center;\"><strong>Has\u0142o przewodnie tegorocznych Do\u017cynek to:<\/strong><\/h3>\n<h3 style=\"text-align: center;\"><strong><span style=\"color: #008000;\">\u201eDzi\u0119kuj i \u015bwi\u0119tuj z nami!\u201d\u00a0\u00a0\u00a0\u00a0<\/span>\u00a0\u00a0 <\/strong><\/h3>\n<p style=\"text-align: center;\"><strong>Gospodarzem tych Do\u017cynek by\u0142o so\u0142ectwo P\u0142atkownica.<\/strong><\/p>\n<p><strong> <a href=\"http:\/\/info.sadowne.pl\/wp-content\/uploads\/2023\/01\/sad641.jpg\"><img loading=\"lazy\" decoding=\"async\" class=\"aligncenter size-full wp-image-27041\" src=\"http:\/\/info.sadowne.pl\/wp-content\/uploads\/2023\/01\/sad641.jpg\" alt=\"\" width=\"564\" height=\"349\" srcset=\"https:\/\/info.sadowne.pl\/wp-content\/uploads\/2023\/01\/sad641.jpg 564w, https:\/\/info.sadowne.pl\/wp-content\/uploads\/2023\/01\/sad641-300x186.jpg 300w\" sizes=\"auto, (max-width: 564px) 100vw, 564px\" \/><\/a><\/strong><\/p>\n<p style=\"text-align: center;\"><strong>Starostowie Do\u017cynek<\/strong><\/p>\n<p style=\"text-align: center;\"><strong>\u2013 Pa\u0144stwo Hanna i Tomasz Szymanikowie z P\u0142atkownicy.<\/strong><strong>\u00a0<\/strong><\/p>\n<p>Uroczysto\u015bci do\u017cynkowe rozpocz\u0119\u0142y si\u0119 msz\u0105 \u015bw. w miejscowym ko\u015bciele parafialnym, celebrowan\u0105 przez ks. Stanis\u0142awa Wojciechowskiego w intencji uczestnik\u00f3w Do\u017cynek, a honorowe miejsce w naszej \u015bwi\u0105tyni zaj\u0119\u0142y wie\u0144ce do\u017cynkowe, wykonane przez poszczeg\u00f3lne so\u0142ectwa, wraz z asystami. Wprowadzili je do ko\u015bcio\u0142a <strong>Starostowie Do\u017cynek \u2013 <\/strong><strong>Pa\u0144stwo Hanna i Tomasz Szymanikowie z P\u0142atkownicy.<\/strong><\/p>\n<p><a href=\"http:\/\/info.sadowne.pl\/wp-content\/uploads\/2023\/01\/sad642.jpg\"><img loading=\"lazy\" decoding=\"async\" class=\"aligncenter size-full wp-image-27042\" src=\"http:\/\/info.sadowne.pl\/wp-content\/uploads\/2023\/01\/sad642.jpg\" alt=\"\" width=\"553\" height=\"318\" srcset=\"https:\/\/info.sadowne.pl\/wp-content\/uploads\/2023\/01\/sad642.jpg 553w, https:\/\/info.sadowne.pl\/wp-content\/uploads\/2023\/01\/sad642-300x173.jpg 300w\" sizes=\"auto, (max-width: 553px) 100vw, 553px\" \/><\/a><\/p>\n<p><a href=\"http:\/\/info.sadowne.pl\/wp-content\/uploads\/2023\/01\/sad643.jpg\"><img loading=\"lazy\" decoding=\"async\" class=\"aligncenter size-full wp-image-27043\" src=\"http:\/\/info.sadowne.pl\/wp-content\/uploads\/2023\/01\/sad643.jpg\" alt=\"\" width=\"548\" height=\"331\" srcset=\"https:\/\/info.sadowne.pl\/wp-content\/uploads\/2023\/01\/sad643.jpg 548w, https:\/\/info.sadowne.pl\/wp-content\/uploads\/2023\/01\/sad643-300x181.jpg 300w\" sizes=\"auto, (max-width: 548px) 100vw, 548px\" \/><\/a><\/p>\n<p>Po mszy korow\u00f3d uczestnik\u00f3w Do\u017cynek Gminno \u2013 Parafialnych przemaszerowa\u0142 na Plac Ko\u015bcielny, gdzie kontynuowano ju\u017c bardziej \u015bwieckie uroczysto\u015bci, kt\u00f3re poprowadzi\u0142 Zast\u0119pca W\u00f3jta Gminy Sadowne <strong>p.<\/strong> <strong>Marcin Gr\u0119da.<\/strong><\/p>\n<p><a href=\"http:\/\/info.sadowne.pl\/wp-content\/uploads\/2023\/01\/sad644.jpg\"><img loading=\"lazy\" decoding=\"async\" class=\"aligncenter size-full wp-image-27044\" src=\"http:\/\/info.sadowne.pl\/wp-content\/uploads\/2023\/01\/sad644.jpg\" alt=\"\" width=\"511\" height=\"336\" srcset=\"https:\/\/info.sadowne.pl\/wp-content\/uploads\/2023\/01\/sad644.jpg 511w, https:\/\/info.sadowne.pl\/wp-content\/uploads\/2023\/01\/sad644-300x197.jpg 300w\" sizes=\"auto, (max-width: 511px) 100vw, 511px\" \/><\/a><\/p>\n<p>Po oficjalnym powitaniu, publiczno\u015b\u0107 mia\u0142a okazj\u0119 podzieli\u0107 si\u0119 symbolicznie z W\u00f3jtem Gminy Sadowne p. Waldemarem Cyranem, jego ma\u0142\u017conk\u0105 oraz Starostami Do\u017cynek chlebem upieczonym z tegorocznych zbior\u00f3w zb\u00f3\u017c.<\/p>\n<div id=\"attachment_27045\" style=\"width: 524px\" class=\"wp-caption aligncenter\"><a href=\"http:\/\/info.sadowne.pl\/wp-content\/uploads\/2023\/01\/sad645.jpg\"><img loading=\"lazy\" decoding=\"async\" aria-describedby=\"caption-attachment-27045\" class=\"wp-image-27045 size-full\" src=\"http:\/\/info.sadowne.pl\/wp-content\/uploads\/2023\/01\/sad645.jpg\" alt=\"\" width=\"514\" height=\"245\" srcset=\"https:\/\/info.sadowne.pl\/wp-content\/uploads\/2023\/01\/sad645.jpg 514w, https:\/\/info.sadowne.pl\/wp-content\/uploads\/2023\/01\/sad645-300x143.jpg 300w\" sizes=\"auto, (max-width: 514px) 100vw, 514px\" \/><\/a><p id=\"caption-attachment-27045\" class=\"wp-caption-text\">W\u00f3jt Gminy p. Waldemar Cyran z ma\u0142\u017conk\u0105 p. Katarzyn\u0105<\/p><\/div>\n<p><a href=\"http:\/\/info.sadowne.pl\/wp-content\/uploads\/2023\/01\/sad646.jpg\"><img loading=\"lazy\" decoding=\"async\" class=\"aligncenter size-full wp-image-27046\" src=\"http:\/\/info.sadowne.pl\/wp-content\/uploads\/2023\/01\/sad646.jpg\" alt=\"\" width=\"547\" height=\"315\" srcset=\"https:\/\/info.sadowne.pl\/wp-content\/uploads\/2023\/01\/sad646.jpg 547w, https:\/\/info.sadowne.pl\/wp-content\/uploads\/2023\/01\/sad646-300x173.jpg 300w\" sizes=\"auto, (max-width: 547px) 100vw, 547px\" \/><\/a><\/p>\n<p style=\"text-align: center;\"><strong>Zesp\u00f3\u0142 \u015apiewaczy \u201eSadowianki\u201d. <\/strong><\/p>\n<p><strong> <a href=\"http:\/\/info.sadowne.pl\/wp-content\/uploads\/2023\/01\/sad647.jpg\"><img loading=\"lazy\" decoding=\"async\" class=\"aligncenter size-full wp-image-27047\" src=\"http:\/\/info.sadowne.pl\/wp-content\/uploads\/2023\/01\/sad647.jpg\" alt=\"\" width=\"545\" height=\"234\" srcset=\"https:\/\/info.sadowne.pl\/wp-content\/uploads\/2023\/01\/sad647.jpg 545w, https:\/\/info.sadowne.pl\/wp-content\/uploads\/2023\/01\/sad647-300x129.jpg 300w\" sizes=\"auto, (max-width: 545px) 100vw, 545px\" \/><\/a><\/strong><\/p>\n<p>Powo\u0142ana przez Organizator\u00f3w Komisja Konkursowa w sk\u0142adzie: pp.: <strong>Marcin Gr\u0119da, Ewa Pi\u00f3rkowska, Danuta Chyli\u0144ska i ks. Bartosz Ojdana,<\/strong> oceni\u0142a wie\u0144ce do\u017cynkowe. Przedstawiciele laureat\u00f3w Konkursu oraz jego uczestnik\u00f3w odebrali statuetki i dyplomy z r\u0105k p. <strong>Marsza\u0142ek Wojew\u00f3dztwa Mazowieckiego El\u017cbiety Lanc, proboszcza parafii Sadowne ks. Stanis\u0142awa Wojciechowskiego i W\u00f3jta Gminy Sadowne p. Waldemara Cyrana.<\/strong><\/p>\n<p><a href=\"http:\/\/info.sadowne.pl\/wp-content\/uploads\/2023\/01\/sad648.jpg\"><img loading=\"lazy\" decoding=\"async\" class=\"aligncenter size-full wp-image-27048\" src=\"http:\/\/info.sadowne.pl\/wp-content\/uploads\/2023\/01\/sad648.jpg\" alt=\"\" width=\"569\" height=\"429\" srcset=\"https:\/\/info.sadowne.pl\/wp-content\/uploads\/2023\/01\/sad648.jpg 569w, https:\/\/info.sadowne.pl\/wp-content\/uploads\/2023\/01\/sad648-300x226.jpg 300w\" sizes=\"auto, (max-width: 569px) 100vw, 569px\" \/><\/a><\/p>\n<p style=\"text-align: center;\"><strong>Specjalne podzi\u0119kowanie za swoj\u0105 dzia\u0142alno\u015b\u0107 otrzyma\u0142 te\u017c <\/strong><strong>Zesp\u00f3\u0142 \u015apiewaczy \u201eSadowianki\u201d.<\/strong><\/p>\n<p><strong><a href=\"http:\/\/info.sadowne.pl\/wp-content\/uploads\/2023\/01\/sad649.jpg\"><img loading=\"lazy\" decoding=\"async\" class=\"aligncenter size-full wp-image-27049\" src=\"http:\/\/info.sadowne.pl\/wp-content\/uploads\/2023\/01\/sad649.jpg\" alt=\"\" width=\"605\" height=\"387\" srcset=\"https:\/\/info.sadowne.pl\/wp-content\/uploads\/2023\/01\/sad649.jpg 605w, https:\/\/info.sadowne.pl\/wp-content\/uploads\/2023\/01\/sad649-300x192.jpg 300w\" sizes=\"auto, (max-width: 605px) 100vw, 605px\" \/><\/a>\u00a0<\/strong><\/p>\n<p><a href=\"http:\/\/info.sadowne.pl\/wp-content\/uploads\/2023\/01\/sad650.jpg\"><img loading=\"lazy\" decoding=\"async\" class=\"aligncenter size-full wp-image-27050\" src=\"http:\/\/info.sadowne.pl\/wp-content\/uploads\/2023\/01\/sad650.jpg\" alt=\"\" width=\"609\" height=\"407\" srcset=\"https:\/\/info.sadowne.pl\/wp-content\/uploads\/2023\/01\/sad650.jpg 609w, https:\/\/info.sadowne.pl\/wp-content\/uploads\/2023\/01\/sad650-300x200.jpg 300w\" sizes=\"auto, (max-width: 609px) 100vw, 609px\" \/><\/a><\/p>\n<p>Warto te\u017c podkre\u015bli\u0107, \u017ce tegoroczne Do\u017cynki sta\u0142y si\u0119 jednym z element\u00f3w obchod\u00f3w Roku Niepodleg\u0142o\u015bci w Gminie Sadowne. Setna rocznica odzyskania przez Polsk\u0119 niepodleg\u0142o\u015bci to te\u017c szczeg\u00f3lna okazja do zwr\u00f3cenia uwagi i wyr\u00f3\u017cnienia patriotycznego wysi\u0142ku wsi polskiej, a tak\u017ce wyra\u017cenia uznanie dla pe\u0142nej po\u015bwi\u0119cenia bie\u017c\u0105cej pracy naszych rolnik\u00f3w i podkre\u015blenia ich silnego przywi\u0105zanie do tradycji oraz najbardziej fundamentalnych warto\u015bci.<\/p>\n<p><a href=\"http:\/\/info.sadowne.pl\/wp-content\/uploads\/2023\/01\/sad651.jpg\"><img loading=\"lazy\" decoding=\"async\" class=\"aligncenter size-full wp-image-27051\" src=\"http:\/\/info.sadowne.pl\/wp-content\/uploads\/2023\/01\/sad651.jpg\" alt=\"\" width=\"411\" height=\"204\" srcset=\"https:\/\/info.sadowne.pl\/wp-content\/uploads\/2023\/01\/sad651.jpg 411w, https:\/\/info.sadowne.pl\/wp-content\/uploads\/2023\/01\/sad651-300x149.jpg 300w\" sizes=\"auto, (max-width: 411px) 100vw, 411px\" \/><\/a><\/p>\n<p><strong>\u0179r\u00f3d\u0142o:<\/strong>\u00a0SADOWIANKI, Barbara Wr\u00f3bel, Sadowne 2022<\/p>\n<p>&nbsp;<\/p>\n<p>&nbsp;<\/p>\n","protected":false},"excerpt":{"rendered":"<p>W\u0118GR\u00d3W &#8211; Rynek Mariacki.<\/p>\n","protected":false},"author":1,"featured_media":0,"comment_status":"closed","ping_status":"closed","sticky":false,"template":"","format":"standard","meta":{"footnotes":""},"categories":[5,31,1202],"tags":[101,960],"class_list":["post-27036","post","type-post","status-publish","format-standard","hentry","category-newsy","category-historia-gminy","category-zespol-spiewaczy-sadowianki","tag-historia-gminy-sadowne","tag-zespol-spiewaczy-sadowianki"],"views":1725,"_links":{"self":[{"href":"https:\/\/info.sadowne.pl\/index.php?rest_route=\/wp\/v2\/posts\/27036","targetHints":{"allow":["GET"]}}],"collection":[{"href":"https:\/\/info.sadowne.pl\/index.php?rest_route=\/wp\/v2\/posts"}],"about":[{"href":"https:\/\/info.sadowne.pl\/index.php?rest_route=\/wp\/v2\/types\/post"}],"author":[{"embeddable":true,"href":"https:\/\/info.sadowne.pl\/index.php?rest_route=\/wp\/v2\/users\/1"}],"replies":[{"embeddable":true,"href":"https:\/\/info.sadowne.pl\/index.php?rest_route=%2Fwp%2Fv2%2Fcomments&post=27036"}],"version-history":[{"count":2,"href":"https:\/\/info.sadowne.pl\/index.php?rest_route=\/wp\/v2\/posts\/27036\/revisions"}],"predecessor-version":[{"id":27053,"href":"https:\/\/info.sadowne.pl\/index.php?rest_route=\/wp\/v2\/posts\/27036\/revisions\/27053"}],"wp:attachment":[{"href":"https:\/\/info.sadowne.pl\/index.php?rest_route=%2Fwp%2Fv2%2Fmedia&parent=27036"}],"wp:term":[{"taxonomy":"category","embeddable":true,"href":"https:\/\/info.sadowne.pl\/index.php?rest_route=%2Fwp%2Fv2%2Fcategories&post=27036"},{"taxonomy":"post_tag","embeddable":true,"href":"https:\/\/info.sadowne.pl\/index.php?rest_route=%2Fwp%2Fv2%2Ftags&post=27036"}],"curies":[{"name":"wp","href":"https:\/\/api.w.org\/{rel}","templated":true}]}}