{"id":27066,"date":"2023-01-28T21:20:34","date_gmt":"2023-01-28T20:20:34","guid":{"rendered":"http:\/\/info.sadowne.pl\/?p=27066"},"modified":"2023-01-28T21:20:34","modified_gmt":"2023-01-28T20:20:34","slug":"tego-potoku-trzeba-mi-bylo","status":"publish","type":"post","link":"https:\/\/info.sadowne.pl\/?p=27066","title":{"rendered":"&#8222;Tego potoku trzeba mi by\u0142o&#8221;"},"content":{"rendered":"<p><a href=\"http:\/\/info.sadowne.pl\/wp-content\/uploads\/2023\/01\/2023.01.27.1.jpg\" target=\"_blank\" rel=\"noopener\"><img loading=\"lazy\" decoding=\"async\" class=\"alignleft wp-image-27067 size-thumbnail\" src=\"http:\/\/info.sadowne.pl\/wp-content\/uploads\/2023\/01\/2023.01.27.1-180x130.jpg\" alt=\"\" width=\"180\" height=\"130\" \/><\/a><\/p>\n<p><strong>Danuta Kobyli\u0144ska \u2013 Konik po raz czwarty w okienku poetyckim.<\/strong><!--more--><\/p>\n<p style=\"text-align: center;\">*<\/p>\n<p style=\"text-align: center;\">*<\/p>\n<p style=\"text-align: center;\">*<\/p>\n<p style=\"text-align: center;\">*<\/p>\n<p style=\"text-align: center;\">*<\/p>\n<p style=\"text-align: center;\"><strong>Tego potoku trzeba mi by\u0142o<\/strong><\/p>\n<p style=\"text-align: center;\">Tego potoku<\/p>\n<p style=\"text-align: center;\">trzeba mi by\u0142o<\/p>\n<p style=\"text-align: center;\">\n<p style=\"text-align: center;\">i smaku<\/p>\n<p style=\"text-align: center;\">bieszczadzkiej wody<\/p>\n<p style=\"text-align: center;\">\n<p style=\"text-align: center;\">Skrzyde\u0142 Anio\u0142a<\/p>\n<p style=\"text-align: center;\">B\u0142\u0119kitnego<\/p>\n<p style=\"text-align: center;\">\n<p style=\"text-align: center;\">I ciszy<\/p>\n<p style=\"text-align: center;\">w ziele\u0144 zanurzonej<\/p>\n<p style=\"text-align: center;\">\n<p style=\"text-align: center;\">Chcia\u0142am<\/p>\n<p style=\"text-align: center;\">pomieszka\u0107 z Anio\u0142ami<\/p>\n<p style=\"text-align: center;\">\n<p style=\"text-align: center;\">I bieszczadzkimi &#8211; zielonymi<\/p>\n<p style=\"text-align: center;\">I s\u0142onecznymi \u2013 z\u0142oconymi<\/p>\n<p style=\"text-align: center;\">\n<p style=\"text-align: center;\">W cieniu ich skrzyde\u0142<\/p>\n<p style=\"text-align: center;\">w biel si\u0119 ubra\u0107<\/p>\n<p style=\"text-align: center;\">\n<p style=\"text-align: center;\">Zb\u0142\u0119kitnie\u0107<\/p>\n<p style=\"text-align: center;\">I rozja\u015bni\u0107<\/p>\n<p style=\"text-align: center;\">\n<p style=\"text-align: center;\">S\u0142owika \u015bpiew<\/p>\n<p style=\"text-align: center;\">w sercu zamkn\u0105\u0107<\/p>\n<p style=\"text-align: center;\">\n<p style=\"text-align: center;\">A oczy<\/p>\n<p style=\"text-align: center;\">na dobro\u0107 otworzy\u0107<\/p>\n<p style=\"text-align: center;\">\n<p style=\"text-align: center;\">Bosko\u015bci\u0105 tchn\u0105\u0107<\/p>\n<p style=\"text-align: center;\">mi\u0142o\u015bci\u0105 zap\u0142on\u0105\u0107<\/p>\n<p style=\"text-align: center;\">\n<p style=\"text-align: center;\">na dzi\u015b<\/p>\n<p style=\"text-align: center;\">na jutro<\/p>\n<p style=\"text-align: center;\">na zawsze<\/p>\n<p style=\"text-align: center;\">\n<p>\u00a0\u00a0\u00a0\u00a0\u00a0\u00a0\u00a0\u00a0\u00a0\u00a0\u00a0\u00a0\u00a0\u00a0\u00a0\u00a0\u00a0\u00a0\u00a0\u00a0\u00a0\u00a0\u00a0 (<em>Bieszczady, na szlaku do \u0141opienki, <\/em><em>25 maja 2017 r.)<\/em><\/p>\n<p><em>\u00a0<\/em><\/p>\n<p><strong>Foto:<\/strong> Wies\u0142aw Maliszewski<\/p>\n","protected":false},"excerpt":{"rendered":"<p>Danuta Kobyli\u0144ska \u2013 Konik po raz czwarty w okienku poetyckim.<\/p>\n","protected":false},"author":1,"featured_media":0,"comment_status":"closed","ping_status":"closed","sticky":false,"template":"","format":"standard","meta":{"footnotes":""},"categories":[5,48,6,108],"tags":[970,3669,2730,3911],"class_list":["post-27066","post","type-post","status-publish","format-standard","hentry","category-newsy","category-kacik-literacki","category-kultura-rozrywka-edukacja","category-okienko-poetyckie","tag-danuta-kobylinska-konik","tag-okienko-poetyckie","tag-poezja","tag-wiersz-tego-potoku-trzeba-mi-bylo"],"views":1817,"_links":{"self":[{"href":"https:\/\/info.sadowne.pl\/index.php?rest_route=\/wp\/v2\/posts\/27066","targetHints":{"allow":["GET"]}}],"collection":[{"href":"https:\/\/info.sadowne.pl\/index.php?rest_route=\/wp\/v2\/posts"}],"about":[{"href":"https:\/\/info.sadowne.pl\/index.php?rest_route=\/wp\/v2\/types\/post"}],"author":[{"embeddable":true,"href":"https:\/\/info.sadowne.pl\/index.php?rest_route=\/wp\/v2\/users\/1"}],"replies":[{"embeddable":true,"href":"https:\/\/info.sadowne.pl\/index.php?rest_route=%2Fwp%2Fv2%2Fcomments&post=27066"}],"version-history":[{"count":4,"href":"https:\/\/info.sadowne.pl\/index.php?rest_route=\/wp\/v2\/posts\/27066\/revisions"}],"predecessor-version":[{"id":27071,"href":"https:\/\/info.sadowne.pl\/index.php?rest_route=\/wp\/v2\/posts\/27066\/revisions\/27071"}],"wp:attachment":[{"href":"https:\/\/info.sadowne.pl\/index.php?rest_route=%2Fwp%2Fv2%2Fmedia&parent=27066"}],"wp:term":[{"taxonomy":"category","embeddable":true,"href":"https:\/\/info.sadowne.pl\/index.php?rest_route=%2Fwp%2Fv2%2Fcategories&post=27066"},{"taxonomy":"post_tag","embeddable":true,"href":"https:\/\/info.sadowne.pl\/index.php?rest_route=%2Fwp%2Fv2%2Ftags&post=27066"}],"curies":[{"name":"wp","href":"https:\/\/api.w.org\/{rel}","templated":true}]}}