{"id":27077,"date":"2023-01-29T20:06:19","date_gmt":"2023-01-29T19:06:19","guid":{"rendered":"http:\/\/info.sadowne.pl\/?p=27077"},"modified":"2023-01-29T20:06:19","modified_gmt":"2023-01-29T19:06:19","slug":"sadowianki-grygrow-malkinia-sadowne","status":"publish","type":"post","link":"https:\/\/info.sadowne.pl\/?p=27077","title":{"rendered":"Sadowianki \u2013 Grygr\u00f3w, Ma\u0142kinia, Sadowne"},"content":{"rendered":"<p><strong><a href=\"http:\/\/info.sadowne.pl\/wp-content\/uploads\/2023\/01\/sad654.jpg\"><img loading=\"lazy\" decoding=\"async\" class=\"alignleft size-thumbnail wp-image-27082\" src=\"http:\/\/info.sadowne.pl\/wp-content\/uploads\/2023\/01\/sad654-180x130.jpg\" alt=\"\" width=\"180\" height=\"130\" \/><\/a>GRYGR\u00d3W.<\/strong><!--more--><\/p>\n<h3 style=\"text-align: center;\"><em><span style=\"color: #ff0000;\"><strong>100 lecie OSP \u2013 18 sierpnia 2018 roku<\/strong><\/span><\/em><\/h3>\n<p><strong> <a href=\"http:\/\/info.sadowne.pl\/wp-content\/uploads\/2023\/01\/sad652a.jpg\"><img loading=\"lazy\" decoding=\"async\" class=\"aligncenter size-full wp-image-27080\" src=\"http:\/\/info.sadowne.pl\/wp-content\/uploads\/2023\/01\/sad652a.jpg\" alt=\"\" width=\"598\" height=\"495\" srcset=\"https:\/\/info.sadowne.pl\/wp-content\/uploads\/2023\/01\/sad652a.jpg 598w, https:\/\/info.sadowne.pl\/wp-content\/uploads\/2023\/01\/sad652a-300x248.jpg 300w\" sizes=\"auto, (max-width: 598px) 100vw, 598px\" \/><\/a><\/strong><\/p>\n<p><strong>Ochotnicza Stra\u017c Po\u017carna w Grygrowie w gminie Stoczek ma ju\u017c 100 lat. W\u0142a\u015bnie 18 sierpnia druhowie \u015bwi\u0119towali jubileusz swojej jednostki.<\/strong><\/p>\n<p>Uroczysto\u015bci rozpocz\u0119\u0142y si\u0119 msz\u0105 \u015bwi\u0119t\u0105 w kaplicy w Hucie Gruszczyno, kt\u00f3rej przewodniczy\u0142\u00a0<strong>ks. Kazimierz Siekierko<\/strong>. Po mszy zebrani na czele z pocztami sztandarowymi i Miejsk\u0105 Orkiestr\u0105 D\u0119ta z Soko\u0142owa Podlaskiego przeszli przed remiz\u0119 w Hucie Gruszczyno (to jest siedziba OSP Grygr\u00f3w), gdzie odby\u0142a si\u0119 dalsza cz\u0119\u015b\u0107 uroczysto\u015bci.<\/p>\n<p>Na tak wyj\u0105tkowy jubileusz przyby\u0142o wielu go\u015bci, m.in. cz\u0142onek zarz\u0105du wojew\u00f3dztwa\u00a0mazowieckiego p. <strong>El\u017cbieta Lanc<\/strong>, starosta w\u0119growski p.\u00a0<strong>Krzysztof Fedorczyk<\/strong>\u00a0wraz z radnymi powiatowymi, komendant powiatowy PSP w W\u0119growie\u00a0p. <strong>Jaros\u0142aw Soszy\u0144ski<\/strong>, komendant Komisariatu Policji w \u0141ochowie\u00a0p. <strong>Marcin Sylwestrzak<\/strong>, wiceprezes zarz\u0105du wojew\u00f3dzkiego ZOSP RP\u00a0p. <strong>Andrzej Wyszogrodzki<\/strong>, prezes zarz\u0105du powiatowego ZOSP p.\u00a0<strong>Ryszard Gajewski<\/strong>, proboszcz parafii w Starejwsi\u00a0<strong>ks. Marek Sidoruk<\/strong>\u00a0oraz proboszcz parafii w Bielsku Podlaskim\u00a0<strong>ks. Kazimierz Siekierko<\/strong>\u00a0(przed laty by\u0142 proboszczem w Starejwsi). W\u0142adze gminy Stoczek reprezentowali: w\u00f3jt\u00a0p. <strong>Mieczys\u0142aw W\u00f3jcik<\/strong>, wice w\u00f3jt p.\u00a0<strong>Sylwia Tryc\u00a0<\/strong>oraz przewodnicz\u0105cy Rady Gminy\u00a0p. <strong>Zbigniew K\u0142usek<\/strong>\u00a0wraz z radnymi<\/p>\n<p>Prezesem OSP Grygr\u00f3w\u00a0jest druh <strong>Tadeusz Cichocki.<\/strong><\/p>\n<p><a href=\"http:\/\/info.sadowne.pl\/wp-content\/uploads\/2023\/01\/sad653.jpg\"><img loading=\"lazy\" decoding=\"async\" class=\"aligncenter size-full wp-image-27081\" src=\"http:\/\/info.sadowne.pl\/wp-content\/uploads\/2023\/01\/sad653.jpg\" alt=\"\" width=\"600\" height=\"388\" srcset=\"https:\/\/info.sadowne.pl\/wp-content\/uploads\/2023\/01\/sad653.jpg 600w, https:\/\/info.sadowne.pl\/wp-content\/uploads\/2023\/01\/sad653-300x194.jpg 300w\" sizes=\"auto, (max-width: 600px) 100vw, 600px\" \/><\/a><\/p>\n<p style=\"text-align: center;\"><strong>Starosta w\u0119growski p. Krzysztof Fedorczyk.<\/strong><\/p>\n<p><strong> <a href=\"http:\/\/info.sadowne.pl\/wp-content\/uploads\/2023\/01\/sad654.jpg\"><img loading=\"lazy\" decoding=\"async\" class=\"aligncenter size-full wp-image-27082\" src=\"http:\/\/info.sadowne.pl\/wp-content\/uploads\/2023\/01\/sad654.jpg\" alt=\"\" width=\"546\" height=\"313\" srcset=\"https:\/\/info.sadowne.pl\/wp-content\/uploads\/2023\/01\/sad654.jpg 546w, https:\/\/info.sadowne.pl\/wp-content\/uploads\/2023\/01\/sad654-300x172.jpg 300w\" sizes=\"auto, (max-width: 546px) 100vw, 546px\" \/><\/a><\/strong><\/p>\n<p><strong>\u00a0<\/strong><strong>Zesp\u00f3\u0142 ,,SADOWIANKI\u201d<\/strong> reprezentowa\u0142a delegacja w osobach: <strong>Bogusia Danaj, Tereska Piwek, Marysia Szymanik i Ela D\u0119bkowska.<\/strong><\/p>\n<h3 style=\"text-align: center;\"><strong>MA\u0141KINIA<\/strong><\/h3>\n<h3 style=\"text-align: center;\"><span style=\"color: #008000;\"><em><strong>Do\u017cynki Gminne \u2013 2 wrze\u015bnia 2018 roku<\/strong><\/em><\/span><\/h3>\n<p>Na stadionie gminnym w Ma\u0142kini G\u00f3rnej rolnicy wraz z w\u0142adzami gminy, zaproszonymi go\u015b\u0107mi i mieszka\u0144cami gminy \u015bwi\u0119towali zako\u0144czenie \u017cniw. Tradycyjnie obchody do\u017cynkowe rozpocz\u0119\u0142a prezentacja wie\u0144c\u00f3w wykonanych przez so\u0142ectwa i dzia\u0142aj\u0105ce w gminie stowarzyszenia. W przygotowanych na do\u017cynki wie\u0144cach przewa\u017ca\u0142y motywy ro\u015blinne oraz symbole religijne i patriotyczne.<\/p>\n<p><a href=\"http:\/\/info.sadowne.pl\/wp-content\/uploads\/2023\/01\/sad655.jpg\"><img loading=\"lazy\" decoding=\"async\" class=\"aligncenter size-full wp-image-27083\" src=\"http:\/\/info.sadowne.pl\/wp-content\/uploads\/2023\/01\/sad655.jpg\" alt=\"\" width=\"559\" height=\"191\" srcset=\"https:\/\/info.sadowne.pl\/wp-content\/uploads\/2023\/01\/sad655.jpg 559w, https:\/\/info.sadowne.pl\/wp-content\/uploads\/2023\/01\/sad655-300x103.jpg 300w\" sizes=\"auto, (max-width: 559px) 100vw, 559px\" \/><\/a><\/p>\n<p><a href=\"http:\/\/info.sadowne.pl\/wp-content\/uploads\/2023\/01\/sad656.jpg\"><img loading=\"lazy\" decoding=\"async\" class=\"aligncenter size-full wp-image-27084\" src=\"http:\/\/info.sadowne.pl\/wp-content\/uploads\/2023\/01\/sad656.jpg\" alt=\"\" width=\"596\" height=\"312\" srcset=\"https:\/\/info.sadowne.pl\/wp-content\/uploads\/2023\/01\/sad656.jpg 596w, https:\/\/info.sadowne.pl\/wp-content\/uploads\/2023\/01\/sad656-300x157.jpg 300w\" sizes=\"auto, (max-width: 596px) 100vw, 596px\" \/><\/a><\/p>\n<p><strong>Zesp\u00f3\u0142 \u201eSadowianki<\/strong>\u201d zaprezentowa\u0142 obrz\u0119d do\u017cynkowy, w trakcie, kt\u00f3rego chlebem z tegorocznego ziarna pani w\u00f3jt Bo\u017cena Kordek podzieli\u0142a si\u0119 z uczestnikami do\u017cynek.<\/p>\n<h3 style=\"text-align: center;\"><strong>SADOWNE <\/strong><\/h3>\n<h3 style=\"text-align: center;\"><em><span style=\"color: #008080;\"><strong>8 wrze<\/strong><strong>\u015b<\/strong><strong>nia 2018 rok \u2013 <\/strong><\/span><\/em><\/h3>\n<h3 style=\"text-align: center;\"><em><span style=\"color: #008080;\"><strong>Do<\/strong><strong>\u017c<\/strong><strong>ynki Diecezjalno &#8211; Powiatowe<\/strong><\/span><\/em><\/h3>\n<p><strong> <a href=\"http:\/\/info.sadowne.pl\/wp-content\/uploads\/2023\/01\/sad657.jpg\"><img loading=\"lazy\" decoding=\"async\" class=\"alignleft wp-image-27085 size-thumbnail\" src=\"http:\/\/info.sadowne.pl\/wp-content\/uploads\/2023\/01\/sad657-180x130.jpg\" alt=\"\" width=\"180\" height=\"130\" srcset=\"https:\/\/info.sadowne.pl\/wp-content\/uploads\/2023\/01\/sad657-180x130.jpg 180w, https:\/\/info.sadowne.pl\/wp-content\/uploads\/2023\/01\/sad657-300x218.jpg 300w, https:\/\/info.sadowne.pl\/wp-content\/uploads\/2023\/01\/sad657.jpg 360w\" sizes=\"auto, (max-width: 180px) 100vw, 180px\" \/><\/a><\/strong><\/p>\n<p><strong>\u00a0<\/strong><\/p>\n<p>&nbsp;<\/p>\n<p>&nbsp;<\/p>\n<p>&nbsp;<\/p>\n<p><a href=\"http:\/\/info.sadowne.pl\/wp-content\/uploads\/2023\/01\/sad658.jpg\"><img loading=\"lazy\" decoding=\"async\" class=\"aligncenter size-full wp-image-27086\" src=\"http:\/\/info.sadowne.pl\/wp-content\/uploads\/2023\/01\/sad658.jpg\" alt=\"\" width=\"598\" height=\"399\" srcset=\"https:\/\/info.sadowne.pl\/wp-content\/uploads\/2023\/01\/sad658.jpg 598w, https:\/\/info.sadowne.pl\/wp-content\/uploads\/2023\/01\/sad658-300x200.jpg 300w\" sizes=\"auto, (max-width: 598px) 100vw, 598px\" \/><\/a><\/p>\n<p><strong><em>Informacje uzyskane z Info Sadowne:<\/em><\/strong><\/p>\n<p>8 wrze\u015bnia w Sadownem na nowym placu targowym zgromadzi\u0142y si\u0119<\/p>\n<p>liczne delegacje z parafii Diecezji Drohiczy\u0144skiej.<\/p>\n<p>Delegacje przywioz\u0142y ze sob\u0105 wie\u0144ce do\u017cynkowe, wykonane z p\u0142od\u00f3w rolnych, nawi\u0105zuj\u0105ce do 100. rocznicy odzyskania przez Polsk\u0119 niepodleg\u0142o\u015bci.<\/p>\n<p style=\"text-align: center;\">W pi\u0119knej scenerii do\u017cynkowej, przy asy\u015bcie licznych poczt\u00f3w sztandarowych, odby\u0142a si\u0119 tu g\u0142\u00f3wna cz\u0119\u015b\u0107 uroczysto\u015bci \u2013 msza \u015bw. sprawowana pod przewodnictwem<\/p>\n<p style=\"text-align: center;\"><strong>ks.<\/strong> <strong>bpa Tadeusza Pikusa.<\/strong><\/p>\n<p><a href=\"http:\/\/info.sadowne.pl\/wp-content\/uploads\/2023\/01\/sad659.jpg\"><img loading=\"lazy\" decoding=\"async\" class=\"aligncenter size-full wp-image-27087\" src=\"http:\/\/info.sadowne.pl\/wp-content\/uploads\/2023\/01\/sad659.jpg\" alt=\"\" width=\"600\" height=\"383\" srcset=\"https:\/\/info.sadowne.pl\/wp-content\/uploads\/2023\/01\/sad659.jpg 600w, https:\/\/info.sadowne.pl\/wp-content\/uploads\/2023\/01\/sad659-300x192.jpg 300w\" sizes=\"auto, (max-width: 600px) 100vw, 600px\" \/><\/a><\/p>\n<p style=\"text-align: center;\"><strong>Ks. bp Tadeusz Pikus<\/strong><\/p>\n<p><a href=\"http:\/\/info.sadowne.pl\/wp-content\/uploads\/2023\/01\/sad660.jpg\"><img loading=\"lazy\" decoding=\"async\" class=\"aligncenter size-full wp-image-27088\" src=\"http:\/\/info.sadowne.pl\/wp-content\/uploads\/2023\/01\/sad660.jpg\" alt=\"\" width=\"601\" height=\"310\" srcset=\"https:\/\/info.sadowne.pl\/wp-content\/uploads\/2023\/01\/sad660.jpg 601w, https:\/\/info.sadowne.pl\/wp-content\/uploads\/2023\/01\/sad660-300x155.jpg 300w\" sizes=\"auto, (max-width: 601px) 100vw, 601px\" \/><\/a><\/p>\n<p style=\"text-align: center;\"><strong>P. El\u017cbieta Lanc, p. Tadeusz Roma\u0144czuk, p. Waldemar Kraska, <\/strong><\/p>\n<p style=\"text-align: center;\"><strong>p. <\/strong><strong>Krystyna Paw\u0142owicz, p. Marek Renik, p. Anna Kaszuba.<\/strong><\/p>\n<p style=\"text-align: left;\">Tu\u017c przed ni\u0105 duchowie\u0144stwo i wiernych powita\u0142 proboszcz sadowie\u0144skiej parafii <strong>ks. Stanis\u0142aw Wojciechowski<\/strong>, a W\u00f3jt Gminy Sadowne <strong>p. Waldemara Cyran<\/strong> \u2013 przedstawicieli w\u0142adz pa\u0144stwowych i samorz\u0105dowych, m.in.: wiceministra rolnictwa\u00a0<strong>p. Tadeusza Roma\u0144czuka<\/strong>, senatora\u00a0RP <strong>p. Waldemara Krask\u0119<\/strong>, pos\u0142\u00f3w:\u00a0<strong>p. Krystyn\u0119 Paw\u0142owicz\u00a0<\/strong>i <strong>p. Marka Sawickiego<\/strong>, wicemarsza\u0142ek wojew\u00f3dztwa mazowieckiego<strong>\u00a0<\/strong><strong>p. Janin\u0119 Ew\u0119 Orze\u0142owsk\u0105<\/strong>,\u00a0 cz\u0142onka zarz\u0105du wojew\u00f3dztwa\u00a0mazowieckiego <strong>p. El\u017cbiet\u0119 Lanc<\/strong>, starost\u0119 w\u0119growskego\u00a0<strong>p. Krzysztofa Fedorczyka,\u00a0<\/strong>wicestarost\u0119\u00a0<strong>p. Halina Uli\u0144sk\u0105<\/strong>, burmistrz\u00f3w, w\u00f3jt\u00f3w z Diecezji Drohiczy\u0144skiej, a tak\u017ce radnych i so\u0142tys\u00f3w powiatu w\u0119growskiego. Zast\u0119pca W\u00f3jta Gminy Sadowne <strong>p. Marcin Gr\u0119da<\/strong> odczyta\u0142 list Prezydenta RP <strong>p. Andrzeja Dudy<\/strong>, kt\u00f3ry obj\u0105\u0142 uroczysto\u015bci sadowie\u0144skie patronatem honorowym, a <strong>p. Marek Renik<\/strong>, kierownik Delegatury Mazowieckiego Urz\u0119du Wojew\u00f3dzkiego w Siedlcach \u2013 list od p. senator RP <strong>Marii Koc.<\/strong><\/p>\n<div id=\"attachment_27089\" style=\"width: 611px\" class=\"wp-caption aligncenter\"><a href=\"http:\/\/info.sadowne.pl\/wp-content\/uploads\/2023\/01\/sad661.jpg\"><img loading=\"lazy\" decoding=\"async\" aria-describedby=\"caption-attachment-27089\" class=\"wp-image-27089 size-full\" src=\"http:\/\/info.sadowne.pl\/wp-content\/uploads\/2023\/01\/sad661.jpg\" alt=\"\" width=\"601\" height=\"401\" srcset=\"https:\/\/info.sadowne.pl\/wp-content\/uploads\/2023\/01\/sad661.jpg 601w, https:\/\/info.sadowne.pl\/wp-content\/uploads\/2023\/01\/sad661-300x200.jpg 300w\" sizes=\"auto, (max-width: 601px) 100vw, 601px\" \/><\/a><p id=\"caption-attachment-27089\" class=\"wp-caption-text\">W oczekiwaniu na rozpocz\u0119cie mszy \u015bw.<\/p><\/div>\n<div id=\"attachment_27090\" style=\"width: 608px\" class=\"wp-caption aligncenter\"><a href=\"http:\/\/info.sadowne.pl\/wp-content\/uploads\/2023\/01\/sad662.jpg\"><img loading=\"lazy\" decoding=\"async\" aria-describedby=\"caption-attachment-27090\" class=\"wp-image-27090 size-full\" src=\"http:\/\/info.sadowne.pl\/wp-content\/uploads\/2023\/01\/sad662.jpg\" alt=\"\" width=\"598\" height=\"316\" srcset=\"https:\/\/info.sadowne.pl\/wp-content\/uploads\/2023\/01\/sad662.jpg 598w, https:\/\/info.sadowne.pl\/wp-content\/uploads\/2023\/01\/sad662-300x159.jpg 300w\" sizes=\"auto, (max-width: 598px) 100vw, 598px\" \/><\/a><p id=\"caption-attachment-27090\" class=\"wp-caption-text\">Wej\u015bcie procesji<\/p><\/div>\n<p><strong> <a href=\"http:\/\/info.sadowne.pl\/wp-content\/uploads\/2023\/01\/sad663.jpg\"><img loading=\"lazy\" decoding=\"async\" class=\"aligncenter size-full wp-image-27091\" src=\"http:\/\/info.sadowne.pl\/wp-content\/uploads\/2023\/01\/sad663.jpg\" alt=\"\" width=\"598\" height=\"399\" srcset=\"https:\/\/info.sadowne.pl\/wp-content\/uploads\/2023\/01\/sad663.jpg 598w, https:\/\/info.sadowne.pl\/wp-content\/uploads\/2023\/01\/sad663-300x200.jpg 300w\" sizes=\"auto, (max-width: 598px) 100vw, 598px\" \/><\/a><\/strong><\/p>\n<p style=\"text-align: center;\"><strong>Starostowie do\u017cynek: Hanna i Tomasz Szymanikowie z P\u0142atkownicy.<\/strong><\/p>\n<p>O godz. 11.00 rozpocz\u0119\u0142a si\u0119 uroczysta msza \u015bw., podczas kt\u00f3rej \u2013 na pro\u015bb\u0119 <strong>starost\u00f3w do\u017cynek: Hanny i Tomasza Szymanik\u00f3w<\/strong> z P\u0142atkownicy \u2013 odby\u0142o si\u0119 b\u0142ogos\u0142awie\u0144stwo wie\u0144c\u00f3w i ziarna siewnego przez ks. Biskupa. Podczas po\u015bwi\u0119cenia delegacje przechodzi\u0142y procesyjnie przed o\u0142tarzem i ustawia\u0142y si\u0119 wok\u00f3\u0142 placu celebry.<\/p>\n<p>Homilia ks. bpa to nawi\u0105zywa\u0142a do obchodzonego tego dnia \u015bwi\u0119ta\u00a0Narodzenia Naj\u015bwi\u0119tszej Maryi Panny oraz 100 rocznicy odzyskania przez Polsk\u0119 niepodleg\u0142o\u015bci, a tak\u017ce obja\u015bnia\u0142a znaczenie w obecnych czasach prawdziwego patriotyzmu. Jak stwierdzi\u0142, \u201eopr\u00f3cz wi\u0119zi z ziemi\u0105 ojczyst\u0105, z domem rodzinnym, z tradycj\u0105, patriotyzm to dobrze rozumiana duma i rado\u015b\u0107 bycia Polakiem, troska o pi\u0119kno j\u0119zyka ojczystego, przywi\u0105zanie do warto\u015bci wypracowanych przez poprzednie pokolenia\u201d.<\/p>\n<p>Opraw\u0119 muzyczn\u0105 w czasie mszy \u015bwi\u0119tej przygotowa\u0142 pod kierunkiem dyrygenta <strong>p. Mieczys\u0142awa Osiadacza<\/strong> ch\u00f3r <strong>\u201eBelcanto\u201d<\/strong> i organista naszej parafii <strong>p. Marcin Bocian<\/strong>.<\/p>\n<div id=\"attachment_27092\" style=\"width: 613px\" class=\"wp-caption aligncenter\"><a href=\"http:\/\/info.sadowne.pl\/wp-content\/uploads\/2023\/01\/sad664.jpg\"><img loading=\"lazy\" decoding=\"async\" aria-describedby=\"caption-attachment-27092\" class=\"wp-image-27092 size-full\" src=\"http:\/\/info.sadowne.pl\/wp-content\/uploads\/2023\/01\/sad664.jpg\" alt=\"\" width=\"603\" height=\"403\" srcset=\"https:\/\/info.sadowne.pl\/wp-content\/uploads\/2023\/01\/sad664.jpg 603w, https:\/\/info.sadowne.pl\/wp-content\/uploads\/2023\/01\/sad664-300x200.jpg 300w\" sizes=\"auto, (max-width: 603px) 100vw, 603px\" \/><\/a><p id=\"caption-attachment-27092\" class=\"wp-caption-text\">Zesp\u00f3\u0142 Sadowianki podczas mszy \u015bw.<\/p><\/div>\n<p>Odby\u0142a si\u0119 te\u017c procesja z darami dla Diecezji oraz b\u0142ogos\u0142awie\u0144stwo ziarna siewnego i chleb\u00f3w, kt\u00f3rymi p\u00f3\u017aniej podzielili si\u0119 uczestnicy uroczysto\u015bci.<\/p>\n<p><a href=\"http:\/\/info.sadowne.pl\/wp-content\/uploads\/2023\/01\/sad665.jpg\"><img loading=\"lazy\" decoding=\"async\" class=\"aligncenter size-full wp-image-27093\" src=\"http:\/\/info.sadowne.pl\/wp-content\/uploads\/2023\/01\/sad665.jpg\" alt=\"\" width=\"601\" height=\"402\" srcset=\"https:\/\/info.sadowne.pl\/wp-content\/uploads\/2023\/01\/sad665.jpg 601w, https:\/\/info.sadowne.pl\/wp-content\/uploads\/2023\/01\/sad665-300x201.jpg 300w\" sizes=\"auto, (max-width: 601px) 100vw, 601px\" \/><\/a><\/p>\n<p style=\"text-align: center;\"><strong>Nasz zesp\u00f3\u0142 Sadowianki przygotowa\u0142 dary ofiarne dla Diecezji.<\/strong><\/p>\n<p><strong> <a href=\"http:\/\/info.sadowne.pl\/wp-content\/uploads\/2023\/01\/sad666.jpg\"><img loading=\"lazy\" decoding=\"async\" class=\"aligncenter size-full wp-image-27094\" src=\"http:\/\/info.sadowne.pl\/wp-content\/uploads\/2023\/01\/sad666.jpg\" alt=\"\" width=\"479\" height=\"602\" srcset=\"https:\/\/info.sadowne.pl\/wp-content\/uploads\/2023\/01\/sad666.jpg 479w, https:\/\/info.sadowne.pl\/wp-content\/uploads\/2023\/01\/sad666-239x300.jpg 239w\" sizes=\"auto, (max-width: 479px) 100vw, 479px\" \/><\/a><\/strong><\/p>\n<p style=\"text-align: left;\">Wr\u0119czyli je <strong>Marysia Szymanik i Zbyszek Danaj. <\/strong>Po mszy \u015bw. rozpocz\u0119\u0142a si\u0119 cz\u0119\u015b\u0107 artystyczna, kt\u00f3r\u0105 poprowadzi\u0142a <strong>p.<\/strong> <strong>Sylwia Lewandowska.<\/strong><\/p>\n<p>&nbsp;<\/p>\n<div id=\"attachment_27095\" style=\"width: 614px\" class=\"wp-caption aligncenter\"><a href=\"http:\/\/info.sadowne.pl\/wp-content\/uploads\/2023\/01\/sad667.jpg\"><img loading=\"lazy\" decoding=\"async\" aria-describedby=\"caption-attachment-27095\" class=\"wp-image-27095 size-full\" src=\"http:\/\/info.sadowne.pl\/wp-content\/uploads\/2023\/01\/sad667.jpg\" alt=\"\" width=\"604\" height=\"404\" srcset=\"https:\/\/info.sadowne.pl\/wp-content\/uploads\/2023\/01\/sad667.jpg 604w, https:\/\/info.sadowne.pl\/wp-content\/uploads\/2023\/01\/sad667-300x201.jpg 300w\" sizes=\"auto, (max-width: 604px) 100vw, 604px\" \/><\/a><p id=\"caption-attachment-27095\" class=\"wp-caption-text\">Zesp\u00f3\u0142 \u015apiewaczy \u201eSadowianki\u201d<\/p><\/div>\n<p><a href=\"http:\/\/info.sadowne.pl\/wp-content\/uploads\/2023\/01\/sad668.jpg\"><img loading=\"lazy\" decoding=\"async\" class=\"aligncenter size-full wp-image-27096\" src=\"http:\/\/info.sadowne.pl\/wp-content\/uploads\/2023\/01\/sad668.jpg\" alt=\"\" width=\"600\" height=\"412\" srcset=\"https:\/\/info.sadowne.pl\/wp-content\/uploads\/2023\/01\/sad668.jpg 600w, https:\/\/info.sadowne.pl\/wp-content\/uploads\/2023\/01\/sad668-300x206.jpg 300w\" sizes=\"auto, (max-width: 600px) 100vw, 600px\" \/><\/a><\/p>\n<p>W czasie wsp\u00f3lnego biesiadowania mogli\u015bmy zobaczy\u0107 i pos\u0142ucha\u0107 Zespo\u0142u Ludowego <strong>\u201eW\u0119growianie\u201d<\/strong>, <strong>p. El\u017cbiety S\u00f3wki<\/strong> prezentuj\u0105cej swoje wiersze, w ta\u0144cach podlaskich i polonezie <strong>Grup\u0119 Taneczn\u0105 \u201eSadowne\u201d<\/strong> z Zespo\u0142u Szk\u00f3\u0142 Ponadgimnazjalnych w Sadownem, prowadzon\u0105 przez pa\u0144stwa Miros\u0142aw\u0119 i Marka Renik\u00f3w, <strong>Zesp\u00f3\u0142 \u015apiewaczy \u201eSadowianki<\/strong>\u201d i <strong>Zesp\u00f3\u0142 Taneczny \u201eCyganeria\u201d<\/strong> dzia\u0142aj\u0105cy przy MDK w Ostrowi Mazowieckiej.<\/p>\n<p><a href=\"http:\/\/info.sadowne.pl\/wp-content\/uploads\/2023\/01\/sad669.jpg\"><img loading=\"lazy\" decoding=\"async\" class=\"aligncenter size-full wp-image-27097\" src=\"http:\/\/info.sadowne.pl\/wp-content\/uploads\/2023\/01\/sad669.jpg\" alt=\"\" width=\"597\" height=\"399\" srcset=\"https:\/\/info.sadowne.pl\/wp-content\/uploads\/2023\/01\/sad669.jpg 597w, https:\/\/info.sadowne.pl\/wp-content\/uploads\/2023\/01\/sad669-300x201.jpg 300w\" sizes=\"auto, (max-width: 597px) 100vw, 597px\" \/><\/a><\/p>\n<p style=\"text-align: center;\"><strong>A to widok ca\u0142o\u015bciowy na przepi\u0119knie przygotowany <\/strong><strong>i przystrojony o\u0142tarz.<\/strong><\/p>\n<p><strong>\u0179r\u00f3d\u0142o:<\/strong>\u00a0SADOWIANKI, Barbara Wr\u00f3bel, Sadowne 2022<\/p>\n<p>&nbsp;<\/p>\n","protected":false},"excerpt":{"rendered":"<p>GRYGR\u00d3W.<\/p>\n","protected":false},"author":1,"featured_media":0,"comment_status":"closed","ping_status":"closed","sticky":false,"template":"","format":"standard","meta":{"footnotes":""},"categories":[5,31,1202],"tags":[1218,101,960],"class_list":["post-27077","post","type-post","status-publish","format-standard","hentry","category-newsy","category-historia-gminy","category-zespol-spiewaczy-sadowianki","tag-barbara-wrobel","tag-historia-gminy-sadowne","tag-zespol-spiewaczy-sadowianki"],"views":1790,"_links":{"self":[{"href":"https:\/\/info.sadowne.pl\/index.php?rest_route=\/wp\/v2\/posts\/27077","targetHints":{"allow":["GET"]}}],"collection":[{"href":"https:\/\/info.sadowne.pl\/index.php?rest_route=\/wp\/v2\/posts"}],"about":[{"href":"https:\/\/info.sadowne.pl\/index.php?rest_route=\/wp\/v2\/types\/post"}],"author":[{"embeddable":true,"href":"https:\/\/info.sadowne.pl\/index.php?rest_route=\/wp\/v2\/users\/1"}],"replies":[{"embeddable":true,"href":"https:\/\/info.sadowne.pl\/index.php?rest_route=%2Fwp%2Fv2%2Fcomments&post=27077"}],"version-history":[{"count":2,"href":"https:\/\/info.sadowne.pl\/index.php?rest_route=\/wp\/v2\/posts\/27077\/revisions"}],"predecessor-version":[{"id":27098,"href":"https:\/\/info.sadowne.pl\/index.php?rest_route=\/wp\/v2\/posts\/27077\/revisions\/27098"}],"wp:attachment":[{"href":"https:\/\/info.sadowne.pl\/index.php?rest_route=%2Fwp%2Fv2%2Fmedia&parent=27077"}],"wp:term":[{"taxonomy":"category","embeddable":true,"href":"https:\/\/info.sadowne.pl\/index.php?rest_route=%2Fwp%2Fv2%2Fcategories&post=27077"},{"taxonomy":"post_tag","embeddable":true,"href":"https:\/\/info.sadowne.pl\/index.php?rest_route=%2Fwp%2Fv2%2Ftags&post=27077"}],"curies":[{"name":"wp","href":"https:\/\/api.w.org\/{rel}","templated":true}]}}