{"id":27099,"date":"2023-01-30T14:21:40","date_gmt":"2023-01-30T13:21:40","guid":{"rendered":"http:\/\/info.sadowne.pl\/?p=27099"},"modified":"2023-01-30T14:21:40","modified_gmt":"2023-01-30T13:21:40","slug":"kronika-strazacka-23-29-stycznia-2023","status":"publish","type":"post","link":"https:\/\/info.sadowne.pl\/?p=27099","title":{"rendered":"Kronika stra\u017cacka 23 \u2013 29 stycznia 2023"},"content":{"rendered":"<p><strong><a href=\"http:\/\/info.sadowne.pl\/wp-content\/uploads\/2013\/07\/straz3.jpg\"><img loading=\"lazy\" decoding=\"async\" class=\"alignleft size-thumbnail wp-image-2625\" src=\"http:\/\/info.sadowne.pl\/wp-content\/uploads\/2013\/07\/straz3-180x130.jpg\" alt=\"\" width=\"180\" height=\"130\" \/><\/a>W<\/strong> <strong>okresie<\/strong><strong> 23 &#8211; 29.01.2023 <\/strong><strong>na<\/strong> <strong>terenie<\/strong> <strong>powiatu<\/strong> <strong>w\u0119growskiego<\/strong> <strong>zanotowano: <\/strong><strong>12 <\/strong><strong>zdarze\u0144,<\/strong> <strong>przy<\/strong> <strong>kt\u00f3rych<\/strong> <strong>interweniowa\u0142y<\/strong> <strong>jednostki<\/strong> <strong>ochrony<\/strong> <strong>przeciwpo\u017carowej, w tym:<\/strong><strong> 5 po\u017car\u00f3w i 7 miejscowych zagro\u017ce\u0144.<\/strong><!--more--><\/p>\n<p><strong>23.01.2023 \u2013 W\u0119gr\u00f3w \u2013 Pomoc<\/strong><\/p>\n<p>Po dotarciu na miejsce, stra\u017cacy stwierdzili, \u017ce w budynku mieszkalnym, parterowym, drewnianym starsza kobieta wzywa pomocy, na miejscu dwie osoby z MOPS, po chwili doje\u017cd\u017ca ZRM i Policja. Dzia\u0142ania zast\u0119pu polega\u0142y na zabezpieczeniu miejsca zdarzenia oraz przy u\u017cyciu podr\u0119cznego sprz\u0119tu burz\u0105cego zosta\u0142o otwarte okno, po czym ratownik wszed\u0142 do \u015brodka i otworzy\u0142 drzwi. Na tym dzia\u0142ania zako\u0144czono i zast\u0119p powr\u00f3ci\u0142 do bazy.<\/p>\n<p>W DZIA\u0141ANIACH RATOWNICZYCH UDZIA\u0141 BRA\u0141O: 1 zast\u0119p, 4 ratownik\u00f3w.<\/p>\n<p><strong>25.01.2023 <\/strong>\u2013 <strong>Stoczek \u2013 Po\u017car tartaku<\/strong><\/p>\n<p>Do SKKP PSP w W\u0119growie wp\u0142yn\u0119\u0142y formatki o po\u017carze tartaku w Gaj\u00f3wce Wschodniej ko\u0142o Stoczka. Na miejsce zadysponowane zosta\u0142y 2 zast\u0119py JRG PSP W\u0119gr\u00f3w oraz pobliskie OSP. Po przybyciu pierwszych zast\u0119p\u00f3w z OSP Stoczek, stra\u017cacy stwierdzili, \u017ce pali si\u0119 cz\u0119\u015b\u0107 parterowego, murowano-drewnianego budynku produkcyjnego w tartaku (znajdowa\u0142o si\u0119 tam drewno i trociny oraz maszyny i urz\u0105dzenia u\u017cywane do produkcji, pali\u0142o si\u0119 w oko\u0142o po\u0142owie budynku), w pobli\u017cu znajdowa\u0142y si\u0119 inne budynki oraz sk\u0142adowana na placu trocina. Dzia\u0142ania zast\u0119p\u00f3w OSP polega\u0142y na zabezpieczeniu miejsca zdarzenia, podaniu 3 pr\u0105d\u00f3w wody w natarciu na po\u017car od strony suszarni oraz 1 pr\u0105du wody w obronie cz\u0119\u015bci tartaku nieobj\u0119tej po\u017carem. Przed przyjazdem stra\u017cy po\u017carnej mieszka\u0144cy sami ewakuowali cz\u0119\u015b\u0107 urz\u0105dze\u0144. Na miejsce po\u017caru zosta\u0142o zadysponowane Pogotowie Energetyczne w celu od\u0142\u0105czenia pr\u0105du w przy\u0142\u0105czu energetycznym oraz przechodz\u0105cej obok linii \u015bredniego napi\u0119cia, kt\u00f3ra stanowi\u0142a zagro\u017cenie podczas podawania pr\u0105d\u00f3w ga\u015bniczych. Nast\u0119pne przybywaj\u0105ce zast\u0119py OSP poda\u0142y kolejne pr\u0105dy wody w natarciu. Nast\u0119pnie przeprowadzono prace rozbi\u00f3rkowe nadpalonych element\u00f3w konstrukcyjnych budynku oraz usuni\u0119to z dachu cz\u0119\u015b\u0107 pokrycia &#8211; blachy. Dzia\u0142ania te doprowadzi\u0142y do ca\u0142kowitego ugaszenia po\u017caru. Budynek oddymiono i dok\u0142adnie sprawdzono kamer\u0105 termowizyjn\u0105 czy nie pozosta\u0142y zarzewia ognia. Miejsce zdarzenia zosta\u0142o przekazane pisemnie protoko\u0142em w\u0142a\u015bcicielowi. Na tym dzia\u0142ania zako\u0144czono i zast\u0119py powr\u00f3ci\u0142y do bazy.<\/p>\n<p>W DZIA\u0141ANIACH RATOWNICZYCH UDZIA\u0141 BRA\u0141O: 10 zast\u0119p\u00f3w, 51 ratownik\u00f3w.<\/p>\n<p><strong>KP PSP W\u0119gr\u00f3w<\/strong><\/p>\n<p><strong>\u00a0<\/strong><\/p>\n","protected":false},"excerpt":{"rendered":"<p>W okresie 23 &#8211; 29.01.2023 na terenie powiatu w\u0119growskiego zanotowano: 12 zdarze\u0144, przy kt\u00f3rych interweniowa\u0142y jednostki ochrony przeciwpo\u017carowej, w tym: 5 po\u017car\u00f3w i 7 miejscowych zagro\u017ce\u0144.<\/p>\n","protected":false},"author":1,"featured_media":0,"comment_status":"closed","ping_status":"closed","sticky":false,"template":"","format":"standard","meta":{"footnotes":""},"categories":[5,4,267],"tags":[491,643],"class_list":["post-27099","post","type-post","status-publish","format-standard","hentry","category-newsy","category-policja-straz-pozarna-pogotowie-ratunkowe","category-straz-pozarna-policja-straz-pozarna-pogotowie-ratunkowe","tag-komenda-powiatowa-panstwowej-strazy-pozarnej-w-wegrowie","tag-kronika-strazacka"],"views":1836,"_links":{"self":[{"href":"https:\/\/info.sadowne.pl\/index.php?rest_route=\/wp\/v2\/posts\/27099","targetHints":{"allow":["GET"]}}],"collection":[{"href":"https:\/\/info.sadowne.pl\/index.php?rest_route=\/wp\/v2\/posts"}],"about":[{"href":"https:\/\/info.sadowne.pl\/index.php?rest_route=\/wp\/v2\/types\/post"}],"author":[{"embeddable":true,"href":"https:\/\/info.sadowne.pl\/index.php?rest_route=\/wp\/v2\/users\/1"}],"replies":[{"embeddable":true,"href":"https:\/\/info.sadowne.pl\/index.php?rest_route=%2Fwp%2Fv2%2Fcomments&post=27099"}],"version-history":[{"count":1,"href":"https:\/\/info.sadowne.pl\/index.php?rest_route=\/wp\/v2\/posts\/27099\/revisions"}],"predecessor-version":[{"id":27100,"href":"https:\/\/info.sadowne.pl\/index.php?rest_route=\/wp\/v2\/posts\/27099\/revisions\/27100"}],"wp:attachment":[{"href":"https:\/\/info.sadowne.pl\/index.php?rest_route=%2Fwp%2Fv2%2Fmedia&parent=27099"}],"wp:term":[{"taxonomy":"category","embeddable":true,"href":"https:\/\/info.sadowne.pl\/index.php?rest_route=%2Fwp%2Fv2%2Fcategories&post=27099"},{"taxonomy":"post_tag","embeddable":true,"href":"https:\/\/info.sadowne.pl\/index.php?rest_route=%2Fwp%2Fv2%2Ftags&post=27099"}],"curies":[{"name":"wp","href":"https:\/\/api.w.org\/{rel}","templated":true}]}}