{"id":27105,"date":"2023-02-02T15:57:15","date_gmt":"2023-02-02T14:57:15","guid":{"rendered":"http:\/\/info.sadowne.pl\/?p=27105"},"modified":"2023-02-02T15:57:15","modified_gmt":"2023-02-02T14:57:15","slug":"o-tragedii-w-orle","status":"publish","type":"post","link":"https:\/\/info.sadowne.pl\/?p=27105","title":{"rendered":"O tragedii w Orle,"},"content":{"rendered":"<p><strong><a href=\"http:\/\/info.sadowne.pl\/wp-content\/uploads\/2023\/02\/Brok111.png\" target=\"_blank\" rel=\"noopener\"><img loading=\"lazy\" decoding=\"async\" class=\"alignleft wp-image-27106 size-thumbnail\" src=\"http:\/\/info.sadowne.pl\/wp-content\/uploads\/2023\/02\/Brok111-180x130.png\" alt=\"\" width=\"180\" height=\"130\" \/><\/a>\u2026o pod\u0142ym dziadzie cmentarnym z Ceranowa, o \u017co\u0142dackim gwa\u0142cie w Komorowie i wrednych snyszkach.<\/strong><!--more--><\/p>\n<p>Na pocz\u0105tek przestroga typu \u2013 pi\u0142e\u015b, nie p\u0142ywaj, czyli informacja o tym, jak to dw\u00f3ch znajduj\u0105cych si\u0119 pod wp\u0142ywem ostrowskich mieszczan, nam\u00f3wi\u0142o napotkanego m\u0142odzieniaszka do wsp\u00f3lnej i zarazem jego ostatniej k\u0105pieli w Broczysku.<\/p>\n<p>Dalej obszerna relacja korespondenta z Ceranowa, o mieszkaj\u0105cych tam dobrych ludziach starszych i znacznie gorszych m\u0142odszych, a tak\u017ce o z\u0142ym dziadzie cmentarnym, kt\u00f3ry na swych \u0142otrostwach zbi\u0142 fortunk\u0119 i wielu innych interesuj\u0105cych sprawach.<\/p>\n<p>Jerzy Polanicz, kt\u00f3rego prasowe doniesienia ju\u017c wielokrotnie go\u015bci\u0142y na tych \u0142amach, informuje, i\u017c Ostr\u00f3w opuszcza naczelnik powiatu Aleksander Aleksandrowicz Spirydonow. Naczelnik zas\u0142u\u017cy\u0142 si\u0119 dla miasta m.in. tym, \u017ce by\u0142 inicjatorem budowy cerkwi pod wezwaniem \u015bw. Miko\u0142aja. Wyzieraj\u0105cy ze s\u0142\u00f3w pana Polanicza \u017cal zdaje si\u0119 nieszczery, a s\u0142owa o licznych naczelnika przyjacio\u0142ach, wielbicielach i innych oddanych mu dusz\u0105 i cia\u0142em urz\u0119dnikach zakrawaj\u0105 wr\u0119cz na kpin\u0119. W dalszej cz\u0119\u015bci swego listu ostrowski korespondent donosi o brutalnym gwa\u0142cie, jakiego \u017co\u0142dacy z komorowskich koszar dokonali na biedaczce mieszkaj\u0105cej wraz z nieszcz\u0119snym m\u0119\u017cem w miejscowych slumsach.<\/p>\n<p><strong>Wi\u0119cej na stronie <span style=\"color: #0000ff;\"><a style=\"color: #0000ff;\" href=\"https:\/\/madzelan.cba.pl\/o-tragedii-w-orle-o-podlym-dziadzie-cmentarnym-z-ceranowa-o-zoldackim-gwalcie-w-komorowie-i-wrednych-snyszkach\/\" target=\"_blank\" rel=\"noopener\">https:\/\/madzelan.cba.pl\/o-tragedii-w-orle-o-podlym-dziadzie-cmentarnym-z-ceranowa-o-zoldackim-gwalcie-w-komorowie-i-wrednych-snyszkach\/<\/a><\/span><\/strong><\/p>\n","protected":false},"excerpt":{"rendered":"<p>\u2026o pod\u0142ym dziadzie cmentarnym z Ceranowa, o \u017co\u0142dackim gwa\u0142cie w Komorowie i wrednych snyszkach.<\/p>\n","protected":false},"author":1,"featured_media":0,"comment_status":"closed","ping_status":"closed","sticky":false,"template":"","format":"standard","meta":{"footnotes":""},"categories":[5,3436,31],"tags":[3004,2956],"class_list":["post-27105","post","type-post","status-publish","format-standard","hentry","category-newsy","category-opowiesci-historie-legendy-brokowskie-i-nie-tylko","category-historia-gminy","tag-jerzy-madzelan","tag-opowiesci-historie-legendy-brokowskie-i-nie-tylko"],"views":1671,"_links":{"self":[{"href":"https:\/\/info.sadowne.pl\/index.php?rest_route=\/wp\/v2\/posts\/27105","targetHints":{"allow":["GET"]}}],"collection":[{"href":"https:\/\/info.sadowne.pl\/index.php?rest_route=\/wp\/v2\/posts"}],"about":[{"href":"https:\/\/info.sadowne.pl\/index.php?rest_route=\/wp\/v2\/types\/post"}],"author":[{"embeddable":true,"href":"https:\/\/info.sadowne.pl\/index.php?rest_route=\/wp\/v2\/users\/1"}],"replies":[{"embeddable":true,"href":"https:\/\/info.sadowne.pl\/index.php?rest_route=%2Fwp%2Fv2%2Fcomments&post=27105"}],"version-history":[{"count":1,"href":"https:\/\/info.sadowne.pl\/index.php?rest_route=\/wp\/v2\/posts\/27105\/revisions"}],"predecessor-version":[{"id":27107,"href":"https:\/\/info.sadowne.pl\/index.php?rest_route=\/wp\/v2\/posts\/27105\/revisions\/27107"}],"wp:attachment":[{"href":"https:\/\/info.sadowne.pl\/index.php?rest_route=%2Fwp%2Fv2%2Fmedia&parent=27105"}],"wp:term":[{"taxonomy":"category","embeddable":true,"href":"https:\/\/info.sadowne.pl\/index.php?rest_route=%2Fwp%2Fv2%2Fcategories&post=27105"},{"taxonomy":"post_tag","embeddable":true,"href":"https:\/\/info.sadowne.pl\/index.php?rest_route=%2Fwp%2Fv2%2Ftags&post=27105"}],"curies":[{"name":"wp","href":"https:\/\/api.w.org\/{rel}","templated":true}]}}