{"id":27125,"date":"2023-02-09T19:24:19","date_gmt":"2023-02-09T18:24:19","guid":{"rendered":"http:\/\/info.sadowne.pl\/?p=27125"},"modified":"2023-02-09T19:24:19","modified_gmt":"2023-02-09T18:24:19","slug":"lotnicy-wrzesnia-1939","status":"publish","type":"post","link":"https:\/\/info.sadowne.pl\/?p=27125","title":{"rendered":"LOTNICY WRZE\u015aNIA 1939"},"content":{"rendered":"<p><strong><a href=\"http:\/\/info.sadowne.pl\/wp-content\/uploads\/2023\/02\/Brok112.jpg\" target=\"_blank\" rel=\"noopener\"><img loading=\"lazy\" decoding=\"async\" class=\"alignleft wp-image-27126 size-thumbnail\" src=\"http:\/\/info.sadowne.pl\/wp-content\/uploads\/2023\/02\/Brok112-180x130.jpg\" alt=\"\" width=\"180\" height=\"130\" \/><\/a>\u2013 KPT. JAN BALI\u0143SKI Z GRABOWNICY, KPR. ALEKSANDER STEPNOWSKI Z RZ\u0104\u015aNIKA.<\/strong><!--more--><\/p>\n<p>Prawie ka\u017cdy ch\u0142opak marzy\u0142 w dwudziestoleciu mi\u0119dzywojennym o lataniu, a je\u017celi nawet marzenia mia\u0142 inne, to do\u0142\u0105cza\u0142 do grona mi\u0142o\u015bnik\u00f3w aeronautyki, gdy tylko trafi\u0142 do wojska, a s\u0142u\u017cb\u0119 odbywa\u0142 w jednostce piechociarskiej. Nie by\u0142o mocnych \u2013 po przemaszerowaniu kilkudziesi\u0119ciu kilometr\u00f3w, a szczeg\u00f3lnie z podstaw\u0105 mo\u017adzierza na grzbiecie, ka\u017cdy odda\u0142by wszystko, byle tylko m\u00f3c przemierza\u0107 przestrzenie w aeroplanie. Zaskakuj\u0105ce, jak wielu m\u0142odzie\u0144com z okolicy, kt\u00f3rej zamo\u017cno\u015b\u0107 nie sprzyja\u0142a przecie\u017c realizacji marze\u0144, zmaterializowa\u0142o si\u0119 to bujanie w ob\u0142okach. Wspominano ju\u017c na tych \u0142amach o tych, kt\u00f3rzy r\u00f3\u017cnymi drogami dotarli na Wyspy Brytyjskie. Nadszed\u0142 czas na przybli\u017cenie postaci lotnik\u00f3w, kt\u00f3rym nie dane by\u0142o bi\u0107 wroga startuj\u0105c z ziemi Albionu, gdy\u017c polegli ju\u017c w pierwszych dniach kampanii wrze\u015bniowej.<\/p>\n<p>Zaczn\u0119 od Jana Bali\u0144skiego, kt\u00f3ry przyszed\u0142 na \u015bwiat 6 sierpnia 1909 roku w Grabownicy Starej, jako syn J\u00f3zefa i Franciszki primo voto \u017bubrowskiej z domu Hieronimek. By\u0142 najm\u0142odszym z pi\u0119ciorga dzieci. Trzech jego braci zmar\u0142o we wczesnym dzieci\u0144stwie, co w tamtych czasach nie by\u0142o niestety niczym niezwyk\u0142ym. Ze starszym bratem Stanis\u0142awem (1905-1963) oraz z przyrodnim rodze\u0144stwem (z pierwszego ma\u0142\u017ce\u0144stwa matki z Janem \u017bubrowskim, zmar\u0142ym w 1897 r.), z Aleksandrem (ur. w 1887), J\u00f3zefem (ur. w 1890), Aniel\u0105 (ur. w 1893) i Helen\u0105 (ur. w 1896) do ko\u0144ca \u017cycia utrzymywa\u0142 dobre, rodzinne stosunki. Dom, w kt\u00f3rym sp\u0119dzi\u0142 dzieci\u0144stwo, sta\u0142 do ko\u0144ca lat dziewi\u0119\u0107dziesi\u0105tych ubieg\u0142ego wieku \u201epo prawej stronie drogi, w miejscu do\u015b\u0107 urokliwym, na niewielkim wzniesieniu, przez mieszka\u0144c\u00f3w Grabownicy nazywanym \u00bbg\u00f3rk\u0105\u00ab. Niedaleko od tego miejsca, przez tak zwan\u0105 \u00bbparow\u0119\u00ab przep\u0142ywa niewielka rzeczka zwana Strug\u0105, kt\u00f3ra wp\u0142ywa do Strugi w\u0142a\u015bciwej (oficjalnie znanej jako Grzyb\u00f3wka), a ta z kolei do Broczyska w Kaczkowie\u201d.<\/p>\n<p><strong>Wi\u0119cej na stronie <span style=\"color: #0000ff;\"><a style=\"color: #0000ff;\" href=\"https:\/\/madzelan.cba.pl\/lotnicy-wrzesnia-1939-kpt-jan-balinski-z-grabownicy-kpr-aleksander-stepnowski-z-rzasnika\/\" target=\"_blank\" rel=\"noopener\">https:\/\/madzelan.cba.pl\/lotnicy-wrzesnia-1939-kpt-jan-balinski-z-grabownicy-kpr-aleksander-stepnowski-z-rzasnika\/<\/a><\/span><\/strong><\/p>\n","protected":false},"excerpt":{"rendered":"<p>\u2013 KPT. JAN BALI\u0143SKI Z GRABOWNICY, KPR. ALEKSANDER STEPNOWSKI Z RZ\u0104\u015aNIKA.<\/p>\n","protected":false},"author":1,"featured_media":0,"comment_status":"closed","ping_status":"closed","sticky":false,"template":"","format":"standard","meta":{"footnotes":""},"categories":[5,3436,31],"tags":[3004,3921,2956],"class_list":["post-27125","post","type-post","status-publish","format-standard","hentry","category-newsy","category-opowiesci-historie-legendy-brokowskie-i-nie-tylko","category-historia-gminy","tag-jerzy-madzelan","tag-lotnicy-wrzesnia-1939","tag-opowiesci-historie-legendy-brokowskie-i-nie-tylko"],"views":1656,"_links":{"self":[{"href":"https:\/\/info.sadowne.pl\/index.php?rest_route=\/wp\/v2\/posts\/27125","targetHints":{"allow":["GET"]}}],"collection":[{"href":"https:\/\/info.sadowne.pl\/index.php?rest_route=\/wp\/v2\/posts"}],"about":[{"href":"https:\/\/info.sadowne.pl\/index.php?rest_route=\/wp\/v2\/types\/post"}],"author":[{"embeddable":true,"href":"https:\/\/info.sadowne.pl\/index.php?rest_route=\/wp\/v2\/users\/1"}],"replies":[{"embeddable":true,"href":"https:\/\/info.sadowne.pl\/index.php?rest_route=%2Fwp%2Fv2%2Fcomments&post=27125"}],"version-history":[{"count":1,"href":"https:\/\/info.sadowne.pl\/index.php?rest_route=\/wp\/v2\/posts\/27125\/revisions"}],"predecessor-version":[{"id":27127,"href":"https:\/\/info.sadowne.pl\/index.php?rest_route=\/wp\/v2\/posts\/27125\/revisions\/27127"}],"wp:attachment":[{"href":"https:\/\/info.sadowne.pl\/index.php?rest_route=%2Fwp%2Fv2%2Fmedia&parent=27125"}],"wp:term":[{"taxonomy":"category","embeddable":true,"href":"https:\/\/info.sadowne.pl\/index.php?rest_route=%2Fwp%2Fv2%2Fcategories&post=27125"},{"taxonomy":"post_tag","embeddable":true,"href":"https:\/\/info.sadowne.pl\/index.php?rest_route=%2Fwp%2Fv2%2Ftags&post=27125"}],"curies":[{"name":"wp","href":"https:\/\/api.w.org\/{rel}","templated":true}]}}