{"id":27128,"date":"2023-02-10T18:20:47","date_gmt":"2023-02-10T17:20:47","guid":{"rendered":"http:\/\/info.sadowne.pl\/?p=27128"},"modified":"2023-02-13T16:08:08","modified_gmt":"2023-02-13T15:08:08","slug":"noworoczny-turniej-w-pilke-reczna","status":"publish","type":"post","link":"https:\/\/info.sadowne.pl\/?p=27128","title":{"rendered":"NOWOROCZNY TURNIEJ&#8230;"},"content":{"rendered":"<p><a href=\"http:\/\/info.sadowne.pl\/wp-content\/uploads\/2023\/02\/2023.02.10.2.jpg\" target=\"_blank\" rel=\"noopener\"><img loading=\"lazy\" decoding=\"async\" class=\"alignleft wp-image-27129 size-thumbnail\" src=\"http:\/\/info.sadowne.pl\/wp-content\/uploads\/2023\/02\/2023.02.10.2-180x130.jpg\" alt=\"\" width=\"180\" height=\"130\" \/><\/a>W PI\u0141K\u0118 R\u0118CZN\u0104 O PUCHAR MARSZA\u0141KA WOJEW\u00d3DZTWA MAZOWIECKIEGO ORAZ W\u00d3JTA GMINY SADOWNE.<!--more--><\/p>\n<p>W dniu 8 lutego 2023 r. odby\u0142o si\u0119 w naszej szkole podsumowanie Noworocznego Turnieju w Pi\u0142k\u0119 R\u0119czn\u0105 o puchar Marsza\u0142ka Wojew\u00f3dztwa Mazowieckiego oraz W\u00f3jta Gminy Sadowne. Rozgrywki rozpocz\u0119\u0142y si\u0119 11 stycznia, klasy prowadzi\u0142y rywalizacj\u0119 w dw\u00f3ch kategoriach wiekowych:<\/p>\n<p>I kategoria \u2013 kl. IV \u2013 VI (dziewcz\u0119ta i ch\u0142opcy)<\/p>\n<p>II kategoria \u2013 kl. VII \u2013 VIII (dziewcz\u0119ta i ch\u0142opcy)<\/p>\n<p><strong>Wyniki przedstawiaj\u0105 si\u0119 nast\u0119puj\u0105co:<\/strong><\/p>\n<p><strong>Dziewcz\u0119ta klasy IV \u2013 VI:<\/strong><\/p>\n<p>I miejsce \u2013 klasa VIA<\/p>\n<p>II miejsce \u2013 klasa VA<\/p>\n<p>III miejsce \u2013 klasa VB<\/p>\n<p>IV miejsce \u2013 klasa VIB<\/p>\n<p>V miejsce \u2013 klasa IVA<\/p>\n<p>VI miejsce \u2013 klasa IVB<\/p>\n<p><strong>Ch\u0142opcy klasy IV \u2013 VI:<\/strong><\/p>\n<p>I miejsce \u2013 klasa VIA<\/p>\n<p>II miejsce \u2013 klasa VIB<\/p>\n<p>III miejsce \u2013 klasa VB<\/p>\n<p>IV miejsce \u2013 klasa IVB<\/p>\n<p>V miejsce \u2013 klasa VA<\/p>\n<p>VI miejsce \u2013 klasa IVA<\/p>\n<p><strong>Dziewcz\u0119ta klasy VII \u2013 VIII:<\/strong><\/p>\n<p>I miejsce \u2013 klasa VIIA<\/p>\n<p>II miejsce \u2013 klasa VIIIB<\/p>\n<p>III miejsce \u2013 klasa VIIIA<\/p>\n<p><strong>Ch\u0142opcy\u00a0 klasy VII \u2013 VIII:<\/strong><\/p>\n<p>I miejsce \u2013 klasa VIIIB<\/p>\n<p>II miejsce \u2013 klasa VIIA<\/p>\n<p>III miejsce \u2013 klasa VIIIA<\/p>\n<p>Opr\u00f3cz rozgrywek mi\u0119dzyklasowych przez ca\u0142y turniej prowadzony by\u0142 ranking na najlepsz\u0105 i najlepszego zawodnika w wy\u017cej wymienionych kategoriach. W kategorii I dziewcz\u0105t wygra\u0142a Zofia Cyran, a w kategorii ch\u0142opc\u00f3w Damian Ga\u0142\u0105zka. Natomiast w kategorii II dziewcz\u0105t najlepsz\u0105 zawodniczk\u0105 okaza\u0142a si\u0119 Julia Ruci\u0144ska, a w\u015br\u00f3d ch\u0142opc\u00f3w zwyci\u0119\u017cy\u0142 Adam Ga\u0142\u0105zka. Dzi\u0119kujemy wszystkim zawodnikom za wzi\u0119cie udzia\u0142u w turnieju, a zwyci\u0119zcom gratulujemy!<\/p>\n<p>Serdeczne podzi\u0119kowania sk\u0142adamy przede wszystkim Urz\u0119dowi Marsza\u0142kowskiemu Wojew\u00f3dztwa Mazowieckiego p. Adamowi Struzikowi oraz p. El\u017cbiecie Lanc za obj\u0119cie naszego turnieju honorowym patronatem, za puchary i nagrody oraz wsparcie szko\u0142y podstawowej w postaci sprz\u0119tu sportowego.<\/p>\n<p>Panu Waldemarowi Cyranowi, W\u00f3jtowi Gminy Sadowne za zakup medali i statuetek dla uczni\u00f3w, p. dyrektor Ma\u0142gorzacie Koro\u015b za pomoc w organizacji turnieju oraz ksi\u0119dzu Piotrowi P\u0119dzichowi za sprawne s\u0119dziowanie.<\/p>\n<p><strong>Nauczyciele wychowania fizycznego<\/strong><\/p>\n<p><strong>Aldona Ga\u0142ecka<\/strong><\/p>\n<p><strong>Andrzej Giers<\/strong><\/p>\n<p><strong>Zdj\u0119cia na stronie <span style=\"color: #0000ff;\"><a style=\"color: #0000ff;\" href=\"https:\/\/spsadowne.pl\/noworoczny-turniej-w-pilke-reczna-o-puchar-marszalka-wojewodztwa-mazowieckiego-oraz-wojta-gminy-sadowne\/\" target=\"_blank\" rel=\"noopener\">https:\/\/spsadowne.pl\/noworoczny-turniej-w-pilke-reczna-o-puchar-marszalka-wojewodztwa-mazowieckiego-oraz-wojta-gminy-sadowne\/<\/a><\/span><\/strong><\/p>\n<p>&nbsp;<\/p>\n","protected":false},"excerpt":{"rendered":"<p>W PI\u0141K\u0118 R\u0118CZN\u0104 O PUCHAR MARSZA\u0141KA WOJEW\u00d3DZTWA MAZOWIECKIEGO ORAZ W\u00d3JTA GMINY SADOWNE.<\/p>\n","protected":false},"author":1,"featured_media":0,"comment_status":"closed","ping_status":"closed","sticky":false,"template":"","format":"standard","meta":{"footnotes":""},"categories":[5,1752,84],"tags":[3922,16],"class_list":["post-27128","post","type-post","status-publish","format-standard","hentry","category-newsy","category-edukacja","category-szkola-podstawowa-im-cz-wycecha","tag-noworoczny-turniej-w-pilke-reczna-o-puchar-marszalka-wojewodztwa-mazowieckiego-oraz-wojta-gminy-sadowne","tag-szkola-podstawowa-w-sadownem"],"views":1933,"_links":{"self":[{"href":"https:\/\/info.sadowne.pl\/index.php?rest_route=\/wp\/v2\/posts\/27128","targetHints":{"allow":["GET"]}}],"collection":[{"href":"https:\/\/info.sadowne.pl\/index.php?rest_route=\/wp\/v2\/posts"}],"about":[{"href":"https:\/\/info.sadowne.pl\/index.php?rest_route=\/wp\/v2\/types\/post"}],"author":[{"embeddable":true,"href":"https:\/\/info.sadowne.pl\/index.php?rest_route=\/wp\/v2\/users\/1"}],"replies":[{"embeddable":true,"href":"https:\/\/info.sadowne.pl\/index.php?rest_route=%2Fwp%2Fv2%2Fcomments&post=27128"}],"version-history":[{"count":2,"href":"https:\/\/info.sadowne.pl\/index.php?rest_route=\/wp\/v2\/posts\/27128\/revisions"}],"predecessor-version":[{"id":27143,"href":"https:\/\/info.sadowne.pl\/index.php?rest_route=\/wp\/v2\/posts\/27128\/revisions\/27143"}],"wp:attachment":[{"href":"https:\/\/info.sadowne.pl\/index.php?rest_route=%2Fwp%2Fv2%2Fmedia&parent=27128"}],"wp:term":[{"taxonomy":"category","embeddable":true,"href":"https:\/\/info.sadowne.pl\/index.php?rest_route=%2Fwp%2Fv2%2Fcategories&post=27128"},{"taxonomy":"post_tag","embeddable":true,"href":"https:\/\/info.sadowne.pl\/index.php?rest_route=%2Fwp%2Fv2%2Ftags&post=27128"}],"curies":[{"name":"wp","href":"https:\/\/api.w.org\/{rel}","templated":true}]}}