{"id":27149,"date":"2023-02-16T22:16:14","date_gmt":"2023-02-16T21:16:14","guid":{"rendered":"http:\/\/info.sadowne.pl\/?p=27149"},"modified":"2023-02-17T01:02:26","modified_gmt":"2023-02-17T00:02:26","slug":"bal-karnawalowy-2023","status":"publish","type":"post","link":"https:\/\/info.sadowne.pl\/?p=27149","title":{"rendered":"Bal Karnawa\u0142owy 2023"},"content":{"rendered":"<p><a href=\"http:\/\/info.sadowne.pl\/wp-content\/uploads\/2023\/02\/2023.02.16.2.jpg\" target=\"_blank\" rel=\"noopener\"><img loading=\"lazy\" decoding=\"async\" class=\"alignleft wp-image-27150 size-thumbnail\" src=\"http:\/\/info.sadowne.pl\/wp-content\/uploads\/2023\/02\/2023.02.16.2-180x130.jpg\" alt=\"\" width=\"180\" height=\"130\" \/><\/a><strong>16 lutego w Sali OSP Sadowne, w ramach ferii zimowych, odby\u0142 si\u0119 Bal Karnawa\u0142owy dla dzieci.<\/strong><!--more--><\/p>\n<p>Jego Organizatorami i jednocze\u015bnie Sponsorami byli: W\u00f3jt Gminy Sadowne, Gminna Komisja Rozwi\u0105zywania Problem\u00f3w Alkoholowych w Sadownem, Gminny O\u015brodek Kultury w Sadownem i Stowarzyszenie na Rzecz Rozwoju Gminy Sadowne.<\/p>\n<p>Bal Karnawa\u0142owy dla dzieci w Sadownem to zazwyczaj podsumowanie ferii zimowych. Tym razem zaplanowano go jednak w pierwszym tygodniu ferii. Dzieci oczywi\u015bcie nie mia\u0142y nic przeciwko temu i bal cieszy\u0142 si\u0119 du\u017cym powodzeniem. Na zabaw\u0119 przybyli najm\u0142odsi z terenu gminy Sadowne, w tym r\u00f3wnie\u017c przedszkolaki z Sadownego, a tak\u017ce dzieci spoza naszej gminy, odwiedzaj\u0105ce tu w czasie ferii swoich najbli\u017cszych. Wielu uczestnik\u00f3w zaprezentowa\u0142o na parkiecie swoje niepowtarzalne stroje karnawa\u0142owe.<\/p>\n<p>Organizatorzy i Sponsorzy balu stan\u0119li na wysoko\u015bci zadania i przygotowali szereg atrakcji. Uroczyste spotkanie z dzie\u0107mi rozpocz\u0119\u0142a p. Monika Pajka z Akademii Kreatywno\u015bci \u201eBajka\u201d, kt\u00f3ra postara\u0142a si\u0119 nast\u0119pnie o roz\u0142adowanie emocji naszych milusi\u0144skich w ta\u0144cu, grach i zabawach. O opraw\u0119 muzyczn\u0105 zadba\u0142 DJ Fifek.<\/p>\n<p>Ale to nie wszystko. Dzi\u0119ki wcze\u015bniej wymienionym Organizatorom i Sponsorom dzieci zosta\u0142y obdarowane s\u0142odko\u015bciami \u2013 p\u0105czkami, napojami i wat\u0105 cukrow\u0105. Pocz\u0119stunek przebieg\u0142 sprawnie przy du\u017cym zaanga\u017cowaniu Pa\u0144 z Gminnego O\u015brodka Kultury w Sadownem, dzi\u0119ki kt\u00f3rym dzieci dumnie paradowa\u0142y z wybranymi przez siebie namalowanymi na twarzach ozdobami.<\/p>\n<p>W imieniu dzieci dzi\u0119kujemy i czekamy na kolejne feryjne niespodzianki.<\/p>\n<p><span style=\"color: #0000ff;\"><a style=\"color: #0000ff;\" href=\"https:\/\/photos.app.goo.gl\/euDyCASecVGHKmHLA\" target=\"_blank\" rel=\"noopener\"><strong>Zdj\u0119cia w galerii Google&gt;&gt;&gt;<\/strong><\/a><\/span><\/p>\n<p><span style=\"color: #0000ff;\"><a style=\"color: #0000ff;\" href=\"https:\/\/youtu.be\/BcuWU6mJYqc\" target=\"_blank\" rel=\"noopener\"><strong>Zobacz te\u017c film&gt;&gt;&gt;<\/strong><\/a><\/span><\/p>\n<p><strong>Tekst\/foto:<\/strong> S\u0142awek Chyli\u0144ski<\/p>\n","protected":false},"excerpt":{"rendered":"<p>16 lutego w Sali OSP Sadowne, w ramach ferii zimowych, odby\u0142 si\u0119 Bal Karnawa\u0142owy dla dzieci.<\/p>\n","protected":false},"author":1,"featured_media":0,"comment_status":"closed","ping_status":"closed","sticky":false,"template":"","format":"standard","meta":{"footnotes":""},"categories":[5,91,6],"tags":[2347,125,169,3088],"class_list":["post-27149","post","type-post","status-publish","format-standard","hentry","category-newsy","category-gminny-osrodek-kultury","category-kultura-rozrywka-edukacja","tag-bal-karnawalowy-dla-dzieci-w-sadownem","tag-gminna-komisja-rozwiazywania-problemow-alkoholowych-w-sadownem","tag-gminny-osrodek-kultury-w-sadownem","tag-stowarzyszenie-na-rzecz-rozwoju-gminy-sadowne"],"views":2235,"_links":{"self":[{"href":"https:\/\/info.sadowne.pl\/index.php?rest_route=\/wp\/v2\/posts\/27149","targetHints":{"allow":["GET"]}}],"collection":[{"href":"https:\/\/info.sadowne.pl\/index.php?rest_route=\/wp\/v2\/posts"}],"about":[{"href":"https:\/\/info.sadowne.pl\/index.php?rest_route=\/wp\/v2\/types\/post"}],"author":[{"embeddable":true,"href":"https:\/\/info.sadowne.pl\/index.php?rest_route=\/wp\/v2\/users\/1"}],"replies":[{"embeddable":true,"href":"https:\/\/info.sadowne.pl\/index.php?rest_route=%2Fwp%2Fv2%2Fcomments&post=27149"}],"version-history":[{"count":3,"href":"https:\/\/info.sadowne.pl\/index.php?rest_route=\/wp\/v2\/posts\/27149\/revisions"}],"predecessor-version":[{"id":27154,"href":"https:\/\/info.sadowne.pl\/index.php?rest_route=\/wp\/v2\/posts\/27149\/revisions\/27154"}],"wp:attachment":[{"href":"https:\/\/info.sadowne.pl\/index.php?rest_route=%2Fwp%2Fv2%2Fmedia&parent=27149"}],"wp:term":[{"taxonomy":"category","embeddable":true,"href":"https:\/\/info.sadowne.pl\/index.php?rest_route=%2Fwp%2Fv2%2Fcategories&post=27149"},{"taxonomy":"post_tag","embeddable":true,"href":"https:\/\/info.sadowne.pl\/index.php?rest_route=%2Fwp%2Fv2%2Ftags&post=27149"}],"curies":[{"name":"wp","href":"https:\/\/api.w.org\/{rel}","templated":true}]}}