{"id":27155,"date":"2023-02-17T18:00:40","date_gmt":"2023-02-17T17:00:40","guid":{"rendered":"http:\/\/info.sadowne.pl\/?p=27155"},"modified":"2023-02-17T18:00:40","modified_gmt":"2023-02-17T17:00:40","slug":"sadowianki-warsztaty-kiszenia-kapusty","status":"publish","type":"post","link":"https:\/\/info.sadowne.pl\/?p=27155","title":{"rendered":"Sadowianki &#8211; warsztaty kiszenia kapusty"},"content":{"rendered":"<p><strong><a href=\"http:\/\/info.sadowne.pl\/wp-content\/uploads\/2023\/02\/sad671.jpg\"><img loading=\"lazy\" decoding=\"async\" class=\"alignleft size-thumbnail wp-image-27157\" src=\"http:\/\/info.sadowne.pl\/wp-content\/uploads\/2023\/02\/sad671-180x130.jpg\" alt=\"\" width=\"180\" height=\"130\" \/><\/a>KRUPI\u0143SKIE &#8211; <\/strong><strong>16 listopada 2018 rok.<\/strong><!--more--><\/p>\n<h2 style=\"text-align: center;\"><span style=\"color: #008000;\"><em><strong>Kr\u00f3lowa\u00a0 kiszonek jest\u00a0 tylko\u00a0 jedna.<\/strong><\/em><\/span><\/h2>\n<p style=\"text-align: center;\">16 listopada 2018 we wsi Krupi\u0144skie odby\u0142y si\u0119 warsztaty kiszenia kapusty w ramach projektu:<\/p>\n<p style=\"text-align: center;\"><strong>,,Kr\u00f3lowa kiszonek kapusta\u201d<\/strong><\/p>\n<p style=\"text-align: center;\">realizowanego przez fundacj\u0119 <strong><span style=\"color: #0000ff;\">,,AKOMODACJA\u201d<\/span>.<\/strong><\/p>\n<p>Wszystkich przyby\u0142ych na to wydarzenie powita\u0142a p. Barbara Laska \u2013 so\u0142tys wsi Krupi\u0144skie oraz p. Tamara Szewczuk z fundacji ,,Akomodacja\u201d<\/p>\n<div id=\"attachment_27156\" style=\"width: 278px\" class=\"wp-caption aligncenter\"><a href=\"http:\/\/info.sadowne.pl\/wp-content\/uploads\/2023\/02\/sad670.jpg\"><img loading=\"lazy\" decoding=\"async\" aria-describedby=\"caption-attachment-27156\" class=\"wp-image-27156 size-full\" src=\"http:\/\/info.sadowne.pl\/wp-content\/uploads\/2023\/02\/sad670.jpg\" alt=\"\" width=\"268\" height=\"394\" srcset=\"https:\/\/info.sadowne.pl\/wp-content\/uploads\/2023\/02\/sad670.jpg 268w, https:\/\/info.sadowne.pl\/wp-content\/uploads\/2023\/02\/sad670-204x300.jpg 204w\" sizes=\"auto, (max-width: 268px) 100vw, 268px\" \/><\/a><p id=\"caption-attachment-27156\" class=\"wp-caption-text\">p. Barbara Laska \u2013 so\u0142tys wsi Krupi\u0144skie<\/p><\/div>\n<p>Swoj\u0105 obecno\u015bci\u0105 imprez\u0119 zaszczyci\u0142 nasz Zesp\u00f3\u0142 \u015apiewaczy ,,Sadowianki\u201d, kt\u00f3ry przygotowa\u0142 i zaprezentowa\u0142 inscenizacj\u0119 tradycji wiejskiej \u2013 kiszenie kapusty.<\/p>\n<p>&nbsp;<\/p>\n<p><a href=\"http:\/\/info.sadowne.pl\/wp-content\/uploads\/2023\/02\/sad671a.jpg\"><img loading=\"lazy\" decoding=\"async\" class=\"aligncenter size-full wp-image-27160\" src=\"http:\/\/info.sadowne.pl\/wp-content\/uploads\/2023\/02\/sad671a.jpg\" alt=\"\" width=\"604\" height=\"467\" srcset=\"https:\/\/info.sadowne.pl\/wp-content\/uploads\/2023\/02\/sad671a.jpg 604w, https:\/\/info.sadowne.pl\/wp-content\/uploads\/2023\/02\/sad671a-300x232.jpg 300w\" sizes=\"auto, (max-width: 604px) 100vw, 604px\" \/><\/a><\/p>\n<p>&nbsp;<\/p>\n<div id=\"attachment_27161\" style=\"width: 604px\" class=\"wp-caption aligncenter\"><a href=\"http:\/\/info.sadowne.pl\/wp-content\/uploads\/2023\/02\/sad672a.jpg\"><img loading=\"lazy\" decoding=\"async\" aria-describedby=\"caption-attachment-27161\" class=\"wp-image-27161 size-full\" src=\"http:\/\/info.sadowne.pl\/wp-content\/uploads\/2023\/02\/sad672a.jpg\" alt=\"\" width=\"594\" height=\"599\" srcset=\"https:\/\/info.sadowne.pl\/wp-content\/uploads\/2023\/02\/sad672a.jpg 594w, https:\/\/info.sadowne.pl\/wp-content\/uploads\/2023\/02\/sad672a-297x300.jpg 297w\" sizes=\"auto, (max-width: 594px) 100vw, 594px\" \/><\/a><p id=\"caption-attachment-27161\" class=\"wp-caption-text\">Ala Bahniuk, Basia Wr\u00f3bel, Krysia Wetoszka, Tereska Piwek, Wandzia Stryjek<\/p><\/div>\n<p style=\"text-align: center;\"><strong>Weso\u0142e scenki, \u015bpiew i muzyka ludowa wprowadzi\u0142y wszystkich<\/strong> <strong>w weso\u0142y nastr\u00f3j.<\/strong><\/p>\n<p><a href=\"http:\/\/info.sadowne.pl\/wp-content\/uploads\/2023\/02\/sad673a.jpg\"><img loading=\"lazy\" decoding=\"async\" class=\"aligncenter size-full wp-image-27162\" src=\"http:\/\/info.sadowne.pl\/wp-content\/uploads\/2023\/02\/sad673a.jpg\" alt=\"\" width=\"608\" height=\"436\" srcset=\"https:\/\/info.sadowne.pl\/wp-content\/uploads\/2023\/02\/sad673a.jpg 608w, https:\/\/info.sadowne.pl\/wp-content\/uploads\/2023\/02\/sad673a-300x215.jpg 300w, https:\/\/info.sadowne.pl\/wp-content\/uploads\/2023\/02\/sad673a-180x130.jpg 180w\" sizes=\"auto, (max-width: 608px) 100vw, 608px\" \/><\/a><\/p>\n<div id=\"attachment_27163\" style=\"width: 614px\" class=\"wp-caption aligncenter\"><a href=\"http:\/\/info.sadowne.pl\/wp-content\/uploads\/2023\/02\/sad674.jpg\"><img loading=\"lazy\" decoding=\"async\" aria-describedby=\"caption-attachment-27163\" class=\"wp-image-27163 size-full\" src=\"http:\/\/info.sadowne.pl\/wp-content\/uploads\/2023\/02\/sad674.jpg\" alt=\"\" width=\"604\" height=\"496\" srcset=\"https:\/\/info.sadowne.pl\/wp-content\/uploads\/2023\/02\/sad674.jpg 604w, https:\/\/info.sadowne.pl\/wp-content\/uploads\/2023\/02\/sad674-300x246.jpg 300w\" sizes=\"auto, (max-width: 604px) 100vw, 604px\" \/><\/a><p id=\"caption-attachment-27163\" class=\"wp-caption-text\">Ala Bahniuk, Basia Wr\u00f3bel, Krysia Wetoszka, Tereska Piwek, Wandzia Stryjek<\/p><\/div>\n<div id=\"attachment_27164\" style=\"width: 610px\" class=\"wp-caption aligncenter\"><a href=\"http:\/\/info.sadowne.pl\/wp-content\/uploads\/2023\/02\/sad675.jpg\"><img loading=\"lazy\" decoding=\"async\" aria-describedby=\"caption-attachment-27164\" class=\"wp-image-27164 size-full\" src=\"http:\/\/info.sadowne.pl\/wp-content\/uploads\/2023\/02\/sad675.jpg\" alt=\"\" width=\"600\" height=\"619\" srcset=\"https:\/\/info.sadowne.pl\/wp-content\/uploads\/2023\/02\/sad675.jpg 600w, https:\/\/info.sadowne.pl\/wp-content\/uploads\/2023\/02\/sad675-291x300.jpg 291w\" sizes=\"auto, (max-width: 600px) 100vw, 600px\" \/><\/a><p id=\"caption-attachment-27164\" class=\"wp-caption-text\">Akordeonista \u2013 Andrzej Olton<\/p><\/div>\n<div id=\"attachment_27165\" style=\"width: 611px\" class=\"wp-caption aligncenter\"><a href=\"http:\/\/info.sadowne.pl\/wp-content\/uploads\/2023\/02\/sad676.jpg\"><img loading=\"lazy\" decoding=\"async\" aria-describedby=\"caption-attachment-27165\" class=\"wp-image-27165 size-full\" src=\"http:\/\/info.sadowne.pl\/wp-content\/uploads\/2023\/02\/sad676.jpg\" alt=\"\" width=\"601\" height=\"538\" srcset=\"https:\/\/info.sadowne.pl\/wp-content\/uploads\/2023\/02\/sad676.jpg 601w, https:\/\/info.sadowne.pl\/wp-content\/uploads\/2023\/02\/sad676-300x269.jpg 300w\" sizes=\"auto, (max-width: 601px) 100vw, 601px\" \/><\/a><p id=\"caption-attachment-27165\" class=\"wp-caption-text\">Wandzia Stryjek, Basia Spaltabaka, Jadzia Borowa, Henia Kibart<\/p><\/div>\n<div id=\"attachment_27166\" style=\"width: 613px\" class=\"wp-caption aligncenter\"><a href=\"http:\/\/info.sadowne.pl\/wp-content\/uploads\/2023\/02\/sad677.jpg\"><img loading=\"lazy\" decoding=\"async\" aria-describedby=\"caption-attachment-27166\" class=\"wp-image-27166 size-full\" src=\"http:\/\/info.sadowne.pl\/wp-content\/uploads\/2023\/02\/sad677.jpg\" alt=\"\" width=\"603\" height=\"616\" srcset=\"https:\/\/info.sadowne.pl\/wp-content\/uploads\/2023\/02\/sad677.jpg 603w, https:\/\/info.sadowne.pl\/wp-content\/uploads\/2023\/02\/sad677-294x300.jpg 294w\" sizes=\"auto, (max-width: 603px) 100vw, 603px\" \/><\/a><p id=\"caption-attachment-27166\" class=\"wp-caption-text\">Bogusia i Zbyszek Danajowie<\/p><\/div>\n<p style=\"text-align: center;\">Spotkanie sta\u0142o si\u0119 wsp\u00f3ln\u0105 zabaw\u0105, kt\u00f3ra zako\u0144czy\u0142a si\u0119 pocz\u0119stunkiem przygotowanym przez mieszka\u0144c\u00f3w wsi Krupi\u0144skie.<\/p>\n<p><a href=\"http:\/\/info.sadowne.pl\/wp-content\/uploads\/2023\/02\/sad678.jpg\"><img loading=\"lazy\" decoding=\"async\" class=\"aligncenter size-full wp-image-27167\" src=\"http:\/\/info.sadowne.pl\/wp-content\/uploads\/2023\/02\/sad678.jpg\" alt=\"\" width=\"277\" height=\"293\" \/><\/a><\/p>\n<p>&nbsp;<\/p>\n<p style=\"text-align: center;\"><strong>SADOWNE<\/strong><\/p>\n<p style=\"text-align: center;\">20 listopada 2018 roku<\/p>\n<h2 style=\"text-align: center;\"><span style=\"color: #ff0000;\"><em><strong>WSPANIA<\/strong><strong>\u0141<\/strong><strong>A LEKCJA PATRIOTYZMU <\/strong><strong>I TRADYCJI<\/strong><\/em><\/span><\/h2>\n<p style=\"text-align: center;\">Zwie\u0144czeniem cyklu zaj\u0119\u0107 po\u015bwi\u0119conych obchodom 100-lecia Odzyskania Niepodleg\u0142o\u015bci przez Polsk\u0119 by\u0142o spotkanie Zespo\u0142u ,,Sadowianki\u2019\u2019\u00a0 z klas\u0105 IIb. Zesp\u00f3\u0142 przyby\u0142 na zaproszenie uczni\u00f3w i wychowawczyni p. Haliny \u017bach.<\/p>\n<p><strong> <a href=\"http:\/\/info.sadowne.pl\/wp-content\/uploads\/2023\/02\/sad679.jpg\"><img loading=\"lazy\" decoding=\"async\" class=\"aligncenter size-full wp-image-27168\" src=\"http:\/\/info.sadowne.pl\/wp-content\/uploads\/2023\/02\/sad679.jpg\" alt=\"\" width=\"608\" height=\"317\" srcset=\"https:\/\/info.sadowne.pl\/wp-content\/uploads\/2023\/02\/sad679.jpg 608w, https:\/\/info.sadowne.pl\/wp-content\/uploads\/2023\/02\/sad679-300x156.jpg 300w\" sizes=\"auto, (max-width: 608px) 100vw, 608px\" \/><\/a><\/strong><\/p>\n<p style=\"text-align: left;\"><em><span style=\"color: #ff0000;\"><strong>Wpis\u00a0 w\u00a0 kronice\u00a0\u00a0 klasowej:<\/strong><\/span><\/em><\/p>\n<p style=\"text-align: center;\"><strong>,,Z rado\u015bci\u0105 dzieci powita\u0142y brawami przedstawicieli Zespo\u0142u <\/strong><strong><span style=\"color: #ff0000;\">,,Sadowianki\u2019\u2019<\/span> <\/strong><strong>: <\/strong><\/p>\n<p style=\"text-align: center;\"><strong>p. <\/strong><strong style=\"text-align: left;\">Barbar\u0119 Wr\u00f3bel, p. Teres\u0119 \u017bach, p. Alicj\u0119 Bahniuk, <\/strong><\/p>\n<p style=\"text-align: center;\"><strong style=\"text-align: left;\">p. <\/strong><strong>Henryk\u0119 Kibart i p. Andrzeja Oltona.<\/strong><\/p>\n<p style=\"text-align: center;\"><strong>Pani Barbara Wr\u00f3bel rozmawia\u0142a z dzie\u0107mi o patriotyzmie, dzieci wspiera\u0142y rozmow\u0119 przyk\u0142adami. <\/strong><\/p>\n<p style=\"text-align: center;\"><strong>Zapozna\u0142a uczni\u00f3w z histori\u0105 powstania pie\u015bni patriotycznych, kt\u00f3re towarzyszy\u0142y naszym pradziadom w trudnych chwilach dla naszego kraju.\u201d<\/strong><\/p>\n<p><strong> <a href=\"http:\/\/info.sadowne.pl\/wp-content\/uploads\/2023\/02\/sad680.jpg\"><img loading=\"lazy\" decoding=\"async\" class=\"aligncenter size-full wp-image-27169\" src=\"http:\/\/info.sadowne.pl\/wp-content\/uploads\/2023\/02\/sad680.jpg\" alt=\"\" width=\"603\" height=\"297\" srcset=\"https:\/\/info.sadowne.pl\/wp-content\/uploads\/2023\/02\/sad680.jpg 603w, https:\/\/info.sadowne.pl\/wp-content\/uploads\/2023\/02\/sad680-300x148.jpg 300w\" sizes=\"auto, (max-width: 603px) 100vw, 603px\" \/><\/a><\/strong><\/p>\n<p style=\"text-align: center;\">W lu\u017anej rozmowie uczniowie podawali przyk\u0142ady, jak wa\u017cna jest niepodleg\u0142o\u015b\u0107\u00a0 i suwerenno\u015b\u0107 dla ka\u017cdego, nawet ma\u0142ego Polaka.<\/p>\n<p style=\"text-align: center;\">Prowadz\u0105c t\u0119 pi\u0119kn\u0105 lekcj\u0119 patriotyzmu i tradycji rozmawia\u0142am z dzie\u0107mi na temat znaczenia hymnu narodowego, pie\u015bni ,,Rota\u201d, do s\u0142\u00f3w Marii Konopnickiej, zapozna\u0142am te\u017c dzieci z wierszem <strong>pt.: ,,Stefek Burczymucha\u201d &#8211; <\/strong>napisanym r\u00f3wnie\u017c przez Mari\u0119 Konopnick\u0105, kt\u00f3ra tworzy\u0142a w okresie zabor\u00f3w Polski ,,Ku pokrzepieniu serc\u2026\u201d doros\u0142ych i dzieci.<\/p>\n<p><a href=\"http:\/\/info.sadowne.pl\/wp-content\/uploads\/2023\/02\/sad681.jpg\"><img loading=\"lazy\" decoding=\"async\" class=\"aligncenter size-full wp-image-27170\" src=\"http:\/\/info.sadowne.pl\/wp-content\/uploads\/2023\/02\/sad681.jpg\" alt=\"\" width=\"599\" height=\"281\" srcset=\"https:\/\/info.sadowne.pl\/wp-content\/uploads\/2023\/02\/sad681.jpg 599w, https:\/\/info.sadowne.pl\/wp-content\/uploads\/2023\/02\/sad681-300x141.jpg 300w\" sizes=\"auto, (max-width: 599px) 100vw, 599px\" \/><\/a><\/p>\n<p style=\"text-align: center;\">Dzieci ch\u0119tnie wypowiada\u0142y si\u0119 na temat zupe\u0142nie innego bohaterstwa g\u0142\u00f3wnej postaci wiersza. Potrafi\u0142y odr\u00f3\u017cni\u0107 prawdziwe m\u0119stwo naszych przodk\u00f3w od ,,przechwalanek\u201d, jak to same okre\u015bli\u0142y, ch\u0142opca z wiersza.<\/p>\n<p style=\"text-align: center;\">Uczniowie podziwiali pi\u0119kne stroje naszego zespo\u0142u, kt\u00f3re musia\u0142am dok\u0142adnie om\u00f3wi\u0107 i zaprezentowa\u0107.<\/p>\n<p><strong> <a href=\"http:\/\/info.sadowne.pl\/wp-content\/uploads\/2023\/02\/sad682.jpg\"><img loading=\"lazy\" decoding=\"async\" class=\"aligncenter size-full wp-image-27171\" src=\"http:\/\/info.sadowne.pl\/wp-content\/uploads\/2023\/02\/sad682.jpg\" alt=\"\" width=\"601\" height=\"327\" srcset=\"https:\/\/info.sadowne.pl\/wp-content\/uploads\/2023\/02\/sad682.jpg 601w, https:\/\/info.sadowne.pl\/wp-content\/uploads\/2023\/02\/sad682-300x163.jpg 300w\" sizes=\"auto, (max-width: 601px) 100vw, 601px\" \/><\/a><\/strong><\/p>\n<p style=\"text-align: center;\">Nasz kol. akordeonista <strong>Andrzej Olton<\/strong> (dziadek Wiktora-ucznia klasy II b) zapozna\u0142 uczni\u00f3w z budow\u0105 akordeonu. Dzieci zadawa\u0142y wiele wnikliwych i szczeg\u00f3\u0142owych pyta\u0144 zwi\u0105zanych z budow\u0105 instrumentu, kosztem zakupu, jego wag\u0105, a nawet technik\u0105 gry, pytaj\u0105c, do czego s\u0142u\u017c\u0105 poszczeg\u00f3lne klawisze.<\/p>\n<p><a href=\"http:\/\/info.sadowne.pl\/wp-content\/uploads\/2023\/02\/sad683.jpg\"><img loading=\"lazy\" decoding=\"async\" class=\"aligncenter size-full wp-image-27172\" src=\"http:\/\/info.sadowne.pl\/wp-content\/uploads\/2023\/02\/sad683.jpg\" alt=\"\" width=\"604\" height=\"399\" srcset=\"https:\/\/info.sadowne.pl\/wp-content\/uploads\/2023\/02\/sad683.jpg 604w, https:\/\/info.sadowne.pl\/wp-content\/uploads\/2023\/02\/sad683-300x198.jpg 300w\" sizes=\"auto, (max-width: 604px) 100vw, 604px\" \/><\/a><\/p>\n<p style=\"text-align: center;\">Wszyscy uczniowie, panie wychowawczynie i nasz zesp\u00f3\u0142 za\u015bpiewali\u015bmy hymn narodowy ,,Mazurek D\u0105browskiego\u201d i w tym miejscu pochwa\u0142a dla pani wychowawczyni, dzieci zna\u0142y i \u015bpiewa\u0142y wszystkie zwrotki hymnu.<\/p>\n<p style=\"text-align: center;\">Nast\u0119pnie wszyscy za\u015bpiewali ,,Rot\u0119\u2019\u2019 Marii Konopnickiej oraz pie\u015bni wojenne ,,Wojenko, wojenko\u201d i ,,Przybyli u\u0142ani\u201d.<\/p>\n<p><strong> <a href=\"http:\/\/info.sadowne.pl\/wp-content\/uploads\/2023\/02\/sad684.jpg\"><img loading=\"lazy\" decoding=\"async\" class=\"aligncenter size-full wp-image-27173\" src=\"http:\/\/info.sadowne.pl\/wp-content\/uploads\/2023\/02\/sad684.jpg\" alt=\"\" width=\"604\" height=\"299\" srcset=\"https:\/\/info.sadowne.pl\/wp-content\/uploads\/2023\/02\/sad684.jpg 604w, https:\/\/info.sadowne.pl\/wp-content\/uploads\/2023\/02\/sad684-300x149.jpg 300w\" sizes=\"auto, (max-width: 604px) 100vw, 604px\" \/><\/a><\/strong><\/p>\n<p style=\"text-align: center;\"><strong>\u00a0<\/strong>By\u0142 r\u00f3wnie\u017c czas na wsp\u00f3ln\u0105 zabaw\u0119 w k\u00f3\u0142eczku przy walczyku: ,,Jak d\u0142ugo na Wawelu\u201d.<\/p>\n<p><a href=\"http:\/\/info.sadowne.pl\/wp-content\/uploads\/2023\/02\/sad685.jpg\"><img loading=\"lazy\" decoding=\"async\" class=\"aligncenter size-full wp-image-27174\" src=\"http:\/\/info.sadowne.pl\/wp-content\/uploads\/2023\/02\/sad685.jpg\" alt=\"\" width=\"601\" height=\"322\" srcset=\"https:\/\/info.sadowne.pl\/wp-content\/uploads\/2023\/02\/sad685.jpg 601w, https:\/\/info.sadowne.pl\/wp-content\/uploads\/2023\/02\/sad685-300x161.jpg 300w\" sizes=\"auto, (max-width: 601px) 100vw, 601px\" \/><\/a><\/p>\n<p><strong> <a href=\"http:\/\/info.sadowne.pl\/wp-content\/uploads\/2023\/02\/sad686.jpg\"><img loading=\"lazy\" decoding=\"async\" class=\"aligncenter size-full wp-image-27175\" src=\"http:\/\/info.sadowne.pl\/wp-content\/uploads\/2023\/02\/sad686.jpg\" alt=\"\" width=\"600\" height=\"326\" srcset=\"https:\/\/info.sadowne.pl\/wp-content\/uploads\/2023\/02\/sad686.jpg 600w, https:\/\/info.sadowne.pl\/wp-content\/uploads\/2023\/02\/sad686-300x163.jpg 300w\" sizes=\"auto, (max-width: 600px) 100vw, 600px\" \/><\/a><\/strong><\/p>\n<p style=\"text-align: center;\">I w prawo i w lewo wszyscy zgodnie pl\u0105sali w k\u00f3\u0142eczku.<\/p>\n<p><strong> <a href=\"http:\/\/info.sadowne.pl\/wp-content\/uploads\/2023\/02\/sad687.jpg\"><img loading=\"lazy\" decoding=\"async\" class=\"aligncenter size-full wp-image-27176\" src=\"http:\/\/info.sadowne.pl\/wp-content\/uploads\/2023\/02\/sad687.jpg\" alt=\"\" width=\"606\" height=\"406\" srcset=\"https:\/\/info.sadowne.pl\/wp-content\/uploads\/2023\/02\/sad687.jpg 606w, https:\/\/info.sadowne.pl\/wp-content\/uploads\/2023\/02\/sad687-300x201.jpg 300w\" sizes=\"auto, (max-width: 606px) 100vw, 606px\" \/><\/a><\/strong><\/p>\n<p><strong> <a href=\"http:\/\/info.sadowne.pl\/wp-content\/uploads\/2023\/02\/sad688.jpg\"><img loading=\"lazy\" decoding=\"async\" class=\"aligncenter size-full wp-image-27177\" src=\"http:\/\/info.sadowne.pl\/wp-content\/uploads\/2023\/02\/sad688.jpg\" alt=\"\" width=\"607\" height=\"358\" srcset=\"https:\/\/info.sadowne.pl\/wp-content\/uploads\/2023\/02\/sad688.jpg 607w, https:\/\/info.sadowne.pl\/wp-content\/uploads\/2023\/02\/sad688-300x177.jpg 300w\" sizes=\"auto, (max-width: 607px) 100vw, 607px\" \/><\/a><\/strong><\/p>\n<p><strong> <a href=\"http:\/\/info.sadowne.pl\/wp-content\/uploads\/2023\/02\/sad689.jpg\"><img loading=\"lazy\" decoding=\"async\" class=\"aligncenter size-full wp-image-27178\" src=\"http:\/\/info.sadowne.pl\/wp-content\/uploads\/2023\/02\/sad689.jpg\" alt=\"\" width=\"603\" height=\"440\" srcset=\"https:\/\/info.sadowne.pl\/wp-content\/uploads\/2023\/02\/sad689.jpg 603w, https:\/\/info.sadowne.pl\/wp-content\/uploads\/2023\/02\/sad689-300x219.jpg 300w, https:\/\/info.sadowne.pl\/wp-content\/uploads\/2023\/02\/sad689-180x130.jpg 180w\" sizes=\"auto, (max-width: 603px) 100vw, 603px\" \/><\/a><\/strong><\/p>\n<p style=\"text-align: center;\">Ma\u0142y Wiktor, ucze\u0144 kl. II B, wr\u0119czy\u0142 dziadkowi Andrzejowi, w imieniu ca\u0142ej klasy, podzi\u0119kowanie dla SADOWIANEK za pi\u0119kn\u0105 lekcj\u0119 patriotyzmu i tradycji.<\/p>\n<p><a href=\"http:\/\/info.sadowne.pl\/wp-content\/uploads\/2023\/02\/sad690.jpg\"><img loading=\"lazy\" decoding=\"async\" class=\"aligncenter size-full wp-image-27179\" src=\"http:\/\/info.sadowne.pl\/wp-content\/uploads\/2023\/02\/sad690.jpg\" alt=\"\" width=\"603\" height=\"399\" srcset=\"https:\/\/info.sadowne.pl\/wp-content\/uploads\/2023\/02\/sad690.jpg 603w, https:\/\/info.sadowne.pl\/wp-content\/uploads\/2023\/02\/sad690-300x199.jpg 300w\" sizes=\"auto, (max-width: 603px) 100vw, 603px\" \/><\/a><\/p>\n<p><span style=\"color: #008000;\"><strong>\u00a0 \u00a0 \u00a0 \u00a0 \u00a0 \u00a0 \u00a0 \u00a0 \u00a0 I jeszcze pami\u0105tkowe zdj\u0119cie.<\/strong><\/span><\/p>\n<h3><em><span style=\"color: #ff0000;\">Wpis w kronice klasowej:<\/span><\/em><\/h3>\n<p style=\"text-align: center;\"><span style=\"color: #0000ff;\"><strong>,,Jeste\u015bmy dumni z kultywowania tradycji przez zesp\u00f3\u0142 czekamy na nast\u0119pn\u0105 tak\u0105 \u017cyw\u0105 lekcj\u0119 patriotyzmu .\u201d<\/strong><\/span><\/p>\n<p><a href=\"http:\/\/info.sadowne.pl\/wp-content\/uploads\/2023\/02\/sad691.jpg\"><img loading=\"lazy\" decoding=\"async\" class=\"aligncenter size-full wp-image-27180\" src=\"http:\/\/info.sadowne.pl\/wp-content\/uploads\/2023\/02\/sad691.jpg\" alt=\"\" width=\"506\" height=\"189\" srcset=\"https:\/\/info.sadowne.pl\/wp-content\/uploads\/2023\/02\/sad691.jpg 506w, https:\/\/info.sadowne.pl\/wp-content\/uploads\/2023\/02\/sad691-300x112.jpg 300w\" sizes=\"auto, (max-width: 506px) 100vw, 506px\" \/><\/a><\/p>\n<p><strong>\u0179r\u00f3d\u0142o:<\/strong>\u00a0SADOWIANKI, Barbara Wr\u00f3bel, Sadowne 2022<\/p>\n<p>&nbsp;<\/p>\n","protected":false},"excerpt":{"rendered":"<p>KRUPI\u0143SKIE &#8211; 16 listopada 2018 rok.<\/p>\n","protected":false},"author":1,"featured_media":0,"comment_status":"closed","ping_status":"closed","sticky":false,"template":"","format":"standard","meta":{"footnotes":""},"categories":[5,31,1202],"tags":[1218,101,960],"class_list":["post-27155","post","type-post","status-publish","format-standard","hentry","category-newsy","category-historia-gminy","category-zespol-spiewaczy-sadowianki","tag-barbara-wrobel","tag-historia-gminy-sadowne","tag-zespol-spiewaczy-sadowianki"],"views":1822,"_links":{"self":[{"href":"https:\/\/info.sadowne.pl\/index.php?rest_route=\/wp\/v2\/posts\/27155","targetHints":{"allow":["GET"]}}],"collection":[{"href":"https:\/\/info.sadowne.pl\/index.php?rest_route=\/wp\/v2\/posts"}],"about":[{"href":"https:\/\/info.sadowne.pl\/index.php?rest_route=\/wp\/v2\/types\/post"}],"author":[{"embeddable":true,"href":"https:\/\/info.sadowne.pl\/index.php?rest_route=\/wp\/v2\/users\/1"}],"replies":[{"embeddable":true,"href":"https:\/\/info.sadowne.pl\/index.php?rest_route=%2Fwp%2Fv2%2Fcomments&post=27155"}],"version-history":[{"count":2,"href":"https:\/\/info.sadowne.pl\/index.php?rest_route=\/wp\/v2\/posts\/27155\/revisions"}],"predecessor-version":[{"id":27182,"href":"https:\/\/info.sadowne.pl\/index.php?rest_route=\/wp\/v2\/posts\/27155\/revisions\/27182"}],"wp:attachment":[{"href":"https:\/\/info.sadowne.pl\/index.php?rest_route=%2Fwp%2Fv2%2Fmedia&parent=27155"}],"wp:term":[{"taxonomy":"category","embeddable":true,"href":"https:\/\/info.sadowne.pl\/index.php?rest_route=%2Fwp%2Fv2%2Fcategories&post=27155"},{"taxonomy":"post_tag","embeddable":true,"href":"https:\/\/info.sadowne.pl\/index.php?rest_route=%2Fwp%2Fv2%2Ftags&post=27155"}],"curies":[{"name":"wp","href":"https:\/\/api.w.org\/{rel}","templated":true}]}}