{"id":27189,"date":"2023-02-23T17:11:22","date_gmt":"2023-02-23T16:11:22","guid":{"rendered":"http:\/\/info.sadowne.pl\/?p=27189"},"modified":"2023-02-23T17:11:22","modified_gmt":"2023-02-23T16:11:22","slug":"wojenne-wspomnienia-ostrowskich-dzieci","status":"publish","type":"post","link":"https:\/\/info.sadowne.pl\/?p=27189","title":{"rendered":"WOJENNE WSPOMNIENIA OSTROWSKICH DZIECI"},"content":{"rendered":"<p><strong><a href=\"http:\/\/info.sadowne.pl\/wp-content\/uploads\/2022\/07\/Brok88.jpg\" target=\"_blank\" rel=\"noopener\"><img loading=\"lazy\" decoding=\"async\" class=\"alignleft wp-image-26208 size-thumbnail\" src=\"http:\/\/info.sadowne.pl\/wp-content\/uploads\/2022\/07\/Brok88-180x130.jpg\" alt=\"\" width=\"180\" height=\"130\" \/><\/a>W straszne lata wojny i okupacji po raz kolejny zabieraj\u0105 nas autorzy wspomnie\u0144 zebranych i opracowanych przez Jadwig\u0119 Sadowsk\u0105 i Alin\u0119 Wierzbick\u0105&#8230;<\/strong><!--more--><\/p>\n<p>\u2026w ksi\u0105\u017cce <em>Wojna 1939-1945 we wspomnieniach mieszka\u0144c\u00f3w Ostrowi Mazowieckiej i okolic<\/em>, wydanej w roku 2019 przez Miejsk\u0105 Bibliotek\u0119 Publiczn\u0105 im. Marii D\u0105browskiej w Ostrowi Mazowieckiej.<\/p>\n<p>Autorami dzisiejszych relacji, s\u0105 osoby, kt\u00f3re z dramatem wojny zmierzy\u0142y si\u0119 w dzieci\u0144stwie. Lat tych nie spos\u00f3b nazwa\u0107 szcz\u0119\u015bliwymi, gdy\u017c kojarz\u0105 si\u0119 ze strachem, g\u0142odem, ucieczkami, tu\u0142aczk\u0105, poniewierk\u0105, widzian\u0105 z bliska \u015bmierci\u0105.<\/p>\n<p><strong>Wi\u0119cej na stronie <span style=\"color: #0000ff;\"><a style=\"color: #0000ff;\" href=\"https:\/\/madzelan.cba.pl\/wojenne-wspomnienia-ostrowskich-dzieci\/\" target=\"_blank\" rel=\"noopener\">https:\/\/madzelan.cba.pl\/wojenne-wspomnienia-ostrowskich-dzieci\/<\/a><\/span><\/strong><\/p>\n","protected":false},"excerpt":{"rendered":"<p>W straszne lata wojny i okupacji po raz kolejny zabieraj\u0105 nas autorzy wspomnie\u0144 zebranych i opracowanych przez Jadwig\u0119 Sadowsk\u0105 i Alin\u0119 Wierzbick\u0105&#8230;<\/p>\n","protected":false},"author":1,"featured_media":0,"comment_status":"closed","ping_status":"closed","sticky":false,"template":"","format":"standard","meta":{"footnotes":""},"categories":[5,3436,31],"tags":[101,3004,2956],"class_list":["post-27189","post","type-post","status-publish","format-standard","hentry","category-newsy","category-opowiesci-historie-legendy-brokowskie-i-nie-tylko","category-historia-gminy","tag-historia-gminy-sadowne","tag-jerzy-madzelan","tag-opowiesci-historie-legendy-brokowskie-i-nie-tylko"],"views":1686,"_links":{"self":[{"href":"https:\/\/info.sadowne.pl\/index.php?rest_route=\/wp\/v2\/posts\/27189","targetHints":{"allow":["GET"]}}],"collection":[{"href":"https:\/\/info.sadowne.pl\/index.php?rest_route=\/wp\/v2\/posts"}],"about":[{"href":"https:\/\/info.sadowne.pl\/index.php?rest_route=\/wp\/v2\/types\/post"}],"author":[{"embeddable":true,"href":"https:\/\/info.sadowne.pl\/index.php?rest_route=\/wp\/v2\/users\/1"}],"replies":[{"embeddable":true,"href":"https:\/\/info.sadowne.pl\/index.php?rest_route=%2Fwp%2Fv2%2Fcomments&post=27189"}],"version-history":[{"count":1,"href":"https:\/\/info.sadowne.pl\/index.php?rest_route=\/wp\/v2\/posts\/27189\/revisions"}],"predecessor-version":[{"id":27190,"href":"https:\/\/info.sadowne.pl\/index.php?rest_route=\/wp\/v2\/posts\/27189\/revisions\/27190"}],"wp:attachment":[{"href":"https:\/\/info.sadowne.pl\/index.php?rest_route=%2Fwp%2Fv2%2Fmedia&parent=27189"}],"wp:term":[{"taxonomy":"category","embeddable":true,"href":"https:\/\/info.sadowne.pl\/index.php?rest_route=%2Fwp%2Fv2%2Fcategories&post=27189"},{"taxonomy":"post_tag","embeddable":true,"href":"https:\/\/info.sadowne.pl\/index.php?rest_route=%2Fwp%2Fv2%2Ftags&post=27189"}],"curies":[{"name":"wp","href":"https:\/\/api.w.org\/{rel}","templated":true}]}}