{"id":27197,"date":"2023-03-01T14:37:33","date_gmt":"2023-03-01T13:37:33","guid":{"rendered":"http:\/\/info.sadowne.pl\/?p=27197"},"modified":"2023-03-01T14:37:33","modified_gmt":"2023-03-01T13:37:33","slug":"przedszkole-prowadzi-nabor","status":"publish","type":"post","link":"https:\/\/info.sadowne.pl\/?p=27197","title":{"rendered":"Przedszkole prowadzi nab\u00f3r!"},"content":{"rendered":"<p><strong><a href=\"http:\/\/info.sadowne.pl\/wp-content\/uploads\/2023\/03\/2023.03.01.1.jpg\" target=\"_blank\" rel=\"noopener\"><img loading=\"lazy\" decoding=\"async\" class=\"alignleft wp-image-27198 size-thumbnail\" src=\"http:\/\/info.sadowne.pl\/wp-content\/uploads\/2023\/03\/2023.03.01.1-180x130.jpg\" alt=\"\" width=\"180\" height=\"130\" \/><\/a>Dyrektor Przedszkola w Sadownem informuje, \u017ce w dniach 01.03.2023 r. \u2013 17.03.2023 r. b\u0119dzie trwa\u0142 nab\u00f3r na wolne miejsca do przedszkola na rok szkolny 2023\/2024.<\/strong><!--more--><\/p>\n<p>Zg\u0142oszenie dziecka odbywa si\u0119 na wniosek rodzica z\u0142o\u017cony w plac\u00f3wce (druk do pobrania w przedszkolu lub ze strony internetowej przedszkola: www.psadowne.szkolnastrona.pl zak\u0142adka &#8222;Rekrutacja 2023\/2024&#8221;). Post\u0119powanie rekrutacyjne dotyczy kandydat\u00f3w urodzonych w latach 2019-2020.<\/p>\n<p>Przy okazji, warto te\u017c zajrze\u0107 na stron\u0119 Przedszkola w Sadownem, bo znajdziemy tam wiele ciekawych informacji, a tak\u017ce fotorelacje z niekt\u00f3rych zaj\u0119\u0107. Przed tegorocznymi feriami przedszkolaki wzi\u0119\u0142y udzia\u0142 w warsztatach ceramicznych, kt\u00f3re specjalnie dla nich zorganizowa\u0142 Gminny O\u015brodek Kultury w Sadownem. Oto wpis:<\/p>\n<p><strong><em>Warsztaty ceramiczne w GOK- u<\/em><\/strong><\/p>\n<p><em>8 i 9 lutego nasze przedszkolaki wybra\u0142y si\u0119 do GOK-u a tam uczestniczy\u0142y w warsztatach\u00a0 ceramicznych \u2013\u00a0 lepienie z gliny. Warsztaty poprowadzi\u0142a pani Barbara Stanis\u0142awczyk, kt\u00f3ra o glinie wie prawie wszystko. Na wst\u0119pie spotkania pokaza\u0142a dzieciom, jak ciekawe i pi\u0119kne rzeczy mo\u017cna ulepi\u0107 lub wyrze\u017abi\u0107 z gliny. Podczas zaj\u0119\u0107 przedszkolaki dowiedzia\u0142y si\u0119, \u017ce glina to rodzaj ska\u0142y, kt\u00f3r\u0105 mo\u017cna spotka\u0107 pod ziemi\u0105 oraz jest stosowana jako materia\u0142 do budowy dom\u00f3w, wyrabiania garnk\u00f3w, rze\u017abienia. Dzieci dowiedzia\u0142y si\u0119, co to jest rze\u017aba i p\u0142askorze\u017aba i zosta\u0142y zach\u0119cone do samodzielnego wykonania prac w glinie. Sama zabawa glin\u0105 by\u0142a dla dzieci wielk\u0105 przyjemno\u015bci\u0105, a kiedy zacz\u0119\u0142y powstawa\u0107 ma\u0142e arcydzie\u0142a, dzieci by\u0142y zachwycone. Wa\u0142kowa\u0142y glin\u0119, z ogromnym zapa\u0142em robi\u0142y kuleczki, a wszystko to aby powsta\u0142y pi\u0119kne gliniane misy. Pani Barbara udziela\u0142a instrukcji, odpowiada\u0142a na wiele pyta\u0144 dzieci i pomaga\u0142a nieco\u00a0 w tworzeniu. Efektem tw\u00f3rczej pracy s\u0105 pi\u0119kne misy, kt\u00f3re nast\u0119pnie zostan\u0105 wypalone w specjalnie przeznaczonym do tego piecu. Po dok\u0142adnym wysuszeniu arcydzie\u0142a trzeba b\u0119dzie jeszcze pomalowa\u0107 specjalnymi farbami. Wszyscy z niecierpliwo\u015bci\u0105 czekamy na drug\u0105 cz\u0119\u015b\u0107 zaj\u0119\u0107.<\/em><\/p>\n<p><strong>Zdj\u0119cia na stronie <span style=\"color: #0000ff;\"><a style=\"color: #0000ff;\" href=\"https:\/\/psadowne.szkolnastrona.pl\/art,565,warsztaty-ceramiczne-w-gok-u\" target=\"_blank\" rel=\"noopener\">https:\/\/psadowne.szkolnastrona.pl\/art,565,warsztaty-ceramiczne-w-gok-u<\/a><\/span><\/strong><\/p>\n<p><strong>Tekst: <\/strong>S\u0142awek Chyli\u0144ski<\/p>\n<p><strong>\u0179r\u00f3d\u0142o:<\/strong> <a href=\"https:\/\/psadowne.szkolnastrona.pl\/\" target=\"_blank\" rel=\"noopener\">https:\/\/psadowne.szkolnastrona.pl\/<\/a><\/p>\n","protected":false},"excerpt":{"rendered":"<p>Dyrektor Przedszkola w Sadownem informuje, \u017ce w dniach 01.03.2023 r. \u2013 17.03.2023 r. b\u0119dzie trwa\u0142 nab\u00f3r na wolne miejsca do przedszkola na rok szkolny 2023\/2024.<\/p>\n","protected":false},"author":1,"featured_media":0,"comment_status":"closed","ping_status":"closed","sticky":false,"template":"","format":"standard","meta":{"footnotes":""},"categories":[5,1752,561],"tags":[169,2727,2286,1313],"class_list":["post-27197","post","type-post","status-publish","format-standard","hentry","category-newsy","category-edukacja","category-przedszkole-w-sadownem","tag-gminny-osrodek-kultury-w-sadownem","tag-nabor-do-przedszkola-w-sadownem","tag-przedszkole-w-sadownem","tag-warsztaty-ceramiczne"],"views":2126,"_links":{"self":[{"href":"https:\/\/info.sadowne.pl\/index.php?rest_route=\/wp\/v2\/posts\/27197","targetHints":{"allow":["GET"]}}],"collection":[{"href":"https:\/\/info.sadowne.pl\/index.php?rest_route=\/wp\/v2\/posts"}],"about":[{"href":"https:\/\/info.sadowne.pl\/index.php?rest_route=\/wp\/v2\/types\/post"}],"author":[{"embeddable":true,"href":"https:\/\/info.sadowne.pl\/index.php?rest_route=\/wp\/v2\/users\/1"}],"replies":[{"embeddable":true,"href":"https:\/\/info.sadowne.pl\/index.php?rest_route=%2Fwp%2Fv2%2Fcomments&post=27197"}],"version-history":[{"count":1,"href":"https:\/\/info.sadowne.pl\/index.php?rest_route=\/wp\/v2\/posts\/27197\/revisions"}],"predecessor-version":[{"id":27199,"href":"https:\/\/info.sadowne.pl\/index.php?rest_route=\/wp\/v2\/posts\/27197\/revisions\/27199"}],"wp:attachment":[{"href":"https:\/\/info.sadowne.pl\/index.php?rest_route=%2Fwp%2Fv2%2Fmedia&parent=27197"}],"wp:term":[{"taxonomy":"category","embeddable":true,"href":"https:\/\/info.sadowne.pl\/index.php?rest_route=%2Fwp%2Fv2%2Fcategories&post=27197"},{"taxonomy":"post_tag","embeddable":true,"href":"https:\/\/info.sadowne.pl\/index.php?rest_route=%2Fwp%2Fv2%2Ftags&post=27197"}],"curies":[{"name":"wp","href":"https:\/\/api.w.org\/{rel}","templated":true}]}}