{"id":27200,"date":"2023-03-02T13:37:26","date_gmt":"2023-03-02T12:37:26","guid":{"rendered":"http:\/\/info.sadowne.pl\/?p=27200"},"modified":"2023-03-02T13:37:26","modified_gmt":"2023-03-02T12:37:26","slug":"o-fabryce-papieru-pod-malkinia","status":"publish","type":"post","link":"https:\/\/info.sadowne.pl\/?p=27200","title":{"rendered":"O fabryce papieru pod Ma\u0142kini\u0105,"},"content":{"rendered":"<p><strong><a href=\"http:\/\/info.sadowne.pl\/wp-content\/uploads\/2023\/03\/Brok114.jpg\" target=\"_blank\" rel=\"noopener\"><img loading=\"lazy\" decoding=\"async\" class=\"alignleft wp-image-27201 size-thumbnail\" src=\"http:\/\/info.sadowne.pl\/wp-content\/uploads\/2023\/03\/Brok114-180x130.jpg\" alt=\"\" width=\"180\" height=\"130\" \/><\/a>\u2026o bohaterskim proboszczu z Bogut-Pianek, kt\u00f3ry dw\u00f3ch zb\u00f3j\u00f3w trupem po\u0142o\u017cy\u0142, a na koniec o Kurpiach, co cudzego nie wezm\u0105, ale spragnionego kubkiem wody nie poratuj\u0105.<\/strong><!--more--><\/p>\n<p>Znana nam dobrze S\u0142u\u017cka informuje o wznoszonej w Zawistach pod Ma\u0142kini\u0105 mniemanej fabryce papieru oraz o nauczycielach, co od Herr Brussa z dalekiej Meklemburgii dostali szans\u0119 na zbicie maj\u0105tku.<\/p>\n<p>Pan Jerzy Proniewicz donosi o licznych bol\u0105czkach trapi\u0105cych Ostr\u00f3w oraz pow\u0105tpiewa w walory estetyczne miasta. Powstaj\u0105 wprawdzie wci\u0105\u017c nowe komisje, kt\u00f3re maj\u0105 sprawy pchn\u0105\u0107 ku lepszemu, ale wszystko pozostaje po staremu, miejscowo\u015b\u0107 za\u015b nadal robi wra\u017cenie wielkiej wioski, a nie powiatowej metropolii. Szczeg\u00f3lnie boli brak szpitala, cho\u0107by i takiego na kilka \u0142\u00f3\u017cek, bo jak\u017ce to wie\u017a\u0107 ci\u0119\u017cko chorego na furce do \u0141om\u017cy? Nie jest tak\u017ce autor listu zachwycony us\u0142ugami pocztowymi i sarka, \u017ce przesy\u0142ki z Warszawy docieraj\u0105 do Ostrowi, dopiero po trzech dniach. Oj, by\u0142by pan Jerzy wielce zdziwiony, gdyby zobaczy\u0142, jak wielki post\u0119p poczta poczyni\u0142a. Czytelnik\u00f3w zainteresuje zapewne opisany przez korespondenta akt brutalnej napa\u015bci na plebani\u0119 w Bogutach, jakiego dopu\u015bcili si\u0119 zb\u00f3jnicy, z kt\u00f3rych kilku zjecha\u0142o w nasze okolice na go\u015bcinne wyst\u0119py. Proboszcz broni\u0142 obl\u0119\u017conej plebanii niczym Cz\u0119stochowy, a cho\u0107 bandyci wdarli si\u0119 do budynku, to z pomoc\u0105 my\u015bliwskiej dwururki dw\u00f3ch \u0142otr\u00f3w trupem po\u0142o\u017cy\u0142, ocalaj\u0105c najprawdopodobniej \u017cycie swoje i cze\u015b\u0107 s\u0142u\u017c\u0105cej. Gdyby nie proboszcz Wawrowski, to i los zwi\u0105zanych, a zamkni\u0119tych w dzwonnicy s\u0142ug ko\u015bcielnych by\u0142by niepewny. Pomny, i\u017c policja ostrowska nie mo\u017ce si\u0119 \u017cadnymi detektywistycznymi sukcesami wykaza\u0107, w\u0105tpi korespondent gazety, \u017ceby sprawcy napadu kiedykolwiek zostali pojmani. Okazuje si\u0119 jednak, \u017ce nie docenia\u0142 zdolno\u015bci i uporu miejscowych str\u00f3\u017c\u00f3w prawa.<\/p>\n<p><strong>Wi\u0119cej na stronie <span style=\"color: #0000ff;\"><a style=\"color: #0000ff;\" href=\"https:\/\/madzelan.cba.pl\/o-fabryce-papieru-pod-malkinia-o-bohaterskim-proboszczu-z-bogut-pianek-ktory-dwoch-zbojow-trupem-polozyl-a-na-koniec-o-kurpiach-co-cudzego-nie-wezma-ale-spragnionego-kubkiem-wody-nie-poratuja\/\" target=\"_blank\" rel=\"noopener\">https:\/\/madzelan.cba.pl\/o-fabryce-papieru-pod-malkinia-o-bohaterskim-proboszczu-z-bogut-pianek-ktory-dwoch-zbojow-trupem-polozyl-a-na-koniec-o-kurpiach-co-cudzego-nie-wezma-ale-spragnionego-kubkiem-wody-nie-poratuja\/<\/a><\/span><\/strong><\/p>\n","protected":false},"excerpt":{"rendered":"<p>\u2026o bohaterskim proboszczu z Bogut-Pianek, kt\u00f3ry dw\u00f3ch zb\u00f3j\u00f3w trupem po\u0142o\u017cy\u0142, a na koniec o Kurpiach, co cudzego nie wezm\u0105, ale spragnionego kubkiem wody nie poratuj\u0105.<\/p>\n","protected":false},"author":1,"featured_media":0,"comment_status":"closed","ping_status":"closed","sticky":false,"template":"","format":"standard","meta":{"footnotes":""},"categories":[5,3436,31],"tags":[101,3004,2956],"class_list":["post-27200","post","type-post","status-publish","format-standard","hentry","category-newsy","category-opowiesci-historie-legendy-brokowskie-i-nie-tylko","category-historia-gminy","tag-historia-gminy-sadowne","tag-jerzy-madzelan","tag-opowiesci-historie-legendy-brokowskie-i-nie-tylko"],"views":1685,"_links":{"self":[{"href":"https:\/\/info.sadowne.pl\/index.php?rest_route=\/wp\/v2\/posts\/27200","targetHints":{"allow":["GET"]}}],"collection":[{"href":"https:\/\/info.sadowne.pl\/index.php?rest_route=\/wp\/v2\/posts"}],"about":[{"href":"https:\/\/info.sadowne.pl\/index.php?rest_route=\/wp\/v2\/types\/post"}],"author":[{"embeddable":true,"href":"https:\/\/info.sadowne.pl\/index.php?rest_route=\/wp\/v2\/users\/1"}],"replies":[{"embeddable":true,"href":"https:\/\/info.sadowne.pl\/index.php?rest_route=%2Fwp%2Fv2%2Fcomments&post=27200"}],"version-history":[{"count":1,"href":"https:\/\/info.sadowne.pl\/index.php?rest_route=\/wp\/v2\/posts\/27200\/revisions"}],"predecessor-version":[{"id":27202,"href":"https:\/\/info.sadowne.pl\/index.php?rest_route=\/wp\/v2\/posts\/27200\/revisions\/27202"}],"wp:attachment":[{"href":"https:\/\/info.sadowne.pl\/index.php?rest_route=%2Fwp%2Fv2%2Fmedia&parent=27200"}],"wp:term":[{"taxonomy":"category","embeddable":true,"href":"https:\/\/info.sadowne.pl\/index.php?rest_route=%2Fwp%2Fv2%2Fcategories&post=27200"},{"taxonomy":"post_tag","embeddable":true,"href":"https:\/\/info.sadowne.pl\/index.php?rest_route=%2Fwp%2Fv2%2Ftags&post=27200"}],"curies":[{"name":"wp","href":"https:\/\/api.w.org\/{rel}","templated":true}]}}