{"id":27205,"date":"2023-03-05T18:25:05","date_gmt":"2023-03-05T17:25:05","guid":{"rendered":"http:\/\/info.sadowne.pl\/?p=27205"},"modified":"2023-03-05T18:25:05","modified_gmt":"2023-03-05T17:25:05","slug":"sadowianki-grudzien-2018","status":"publish","type":"post","link":"https:\/\/info.sadowne.pl\/?p=27205","title":{"rendered":"Sadowianki &#8211; grudzie\u0144 2018"},"content":{"rendered":"<p><strong><a href=\"http:\/\/info.sadowne.pl\/wp-content\/uploads\/2023\/03\/sad697.jpg\"><img loading=\"lazy\" decoding=\"async\" class=\"alignleft size-thumbnail wp-image-27211\" src=\"http:\/\/info.sadowne.pl\/wp-content\/uploads\/2023\/03\/sad697-180x130.jpg\" alt=\"\" width=\"180\" height=\"130\" \/><\/a>GRYGR\u00d3W &#8211; <\/strong><strong>5 grudnia 2018 roku.<\/strong><!--more--><\/p>\n<p><strong> <a href=\"http:\/\/info.sadowne.pl\/wp-content\/uploads\/2023\/03\/sad692.jpg\"><img loading=\"lazy\" decoding=\"async\" class=\"aligncenter size-full wp-image-27206\" src=\"http:\/\/info.sadowne.pl\/wp-content\/uploads\/2023\/03\/sad692.jpg\" alt=\"\" width=\"489\" height=\"107\" srcset=\"https:\/\/info.sadowne.pl\/wp-content\/uploads\/2023\/03\/sad692.jpg 489w, https:\/\/info.sadowne.pl\/wp-content\/uploads\/2023\/03\/sad692-300x66.jpg 300w\" sizes=\"auto, (max-width: 489px) 100vw, 489px\" \/><\/a><\/strong><\/p>\n<p>Spotkania op\u0142atkowe s\u0105 okazj\u0105 do wsp\u00f3lnego prze\u017cywania wyj\u0105tkowego nastroju \u015awi\u0105t Bo\u017cego Narodzenia. \u017byczliwa i rodzinna atmosfera towarzyszy\u0142a spotkaniu wigilijnemu stra\u017cak\u00f3w, kt\u00f3re odby\u0142o si\u0119 w 5 grudnia w sali OSP Grygr\u00f3w<strong>\u00a0<\/strong><\/p>\n<p>Spotkanie otworzy\u0142 i poprowadzi\u0142 Prezes OSP w Grygrowie &#8211; <strong>Tadeusz Cichocki.<\/strong> W programie nie zabrak\u0142o podsumowania roku jubileuszowego 100-lecia odzyskania przez Polsk\u0119 Niepodleg\u0142o\u015bci oraz 100-nej rocznicy powstania OSP Grygr\u00f3w.<\/p>\n<div id=\"attachment_27207\" style=\"width: 614px\" class=\"wp-caption aligncenter\"><a href=\"http:\/\/info.sadowne.pl\/wp-content\/uploads\/2023\/03\/sad693.jpg\"><img loading=\"lazy\" decoding=\"async\" aria-describedby=\"caption-attachment-27207\" class=\"wp-image-27207 size-full\" src=\"http:\/\/info.sadowne.pl\/wp-content\/uploads\/2023\/03\/sad693.jpg\" alt=\"\" width=\"604\" height=\"329\" srcset=\"https:\/\/info.sadowne.pl\/wp-content\/uploads\/2023\/03\/sad693.jpg 604w, https:\/\/info.sadowne.pl\/wp-content\/uploads\/2023\/03\/sad693-300x163.jpg 300w\" sizes=\"auto, (max-width: 604px) 100vw, 604px\" \/><\/a><p id=\"caption-attachment-27207\" class=\"wp-caption-text\">Pani Beata Piwko i Pan Tadeusz Cichocki<\/p><\/div>\n<p><strong>W uroczysto\u015bci uczestniczyli Druhny i Druhowie z OSP Grygr\u00f3w oraz zaproszeni go\u015bcie, a w\u015br\u00f3d nich byli:<\/strong><strong>\u00a0<\/strong><\/p>\n<p><strong>Pani Maria Koc<\/strong> &#8211; Wicemarsza\u0142ek Senatu RP,<\/p>\n<p><strong>Pan Maciej G\u00f3rski<\/strong> &#8211; Rady Semiku Wojew\u00f3dztwa Mazowieckiego,<\/p>\n<p><strong>Pan Marek Renik<\/strong> &#8211; Wicestarosta Powiatu W\u0119growskiego,<\/p>\n<p><strong>Pan Pawe\u0142 Stelmach<\/strong> &#8211; Radny Rady Powiatu W\u0119growskiego,<\/p>\n<p><strong>ks. Andrzej Falkowski<\/strong> &#8211; Kapelan Stra\u017cak\u00f3w Powiatu W\u0119growskiego,<\/p>\n<p><strong>ks. pra\u0142. Henryk Polak<\/strong> &#8211; proboszcz parafii \u015bw. Andrzeja Boboli w Siemiatyczach,<\/p>\n<p><strong>ks. kan. Ryszard Nicpo\u0144<\/strong> &#8211; duszpasterz parafii w \u0141ochowie,<\/p>\n<p><strong>ks. Marek Sidoruk<\/strong> &#8211; Proboszcz Parafii w Starejwsi,<\/p>\n<p><strong>Pan Dariusz Gmur<\/strong> &#8211; Przewodnicz\u0105cy Rady Gminy Stoczek &#8211; z radnymi,<\/p>\n<p><strong>Pani Renata Flak<\/strong> &#8211; Sekretarz Gminy z pracownikami,<\/p>\n<p><strong>Pan Adam Bala<\/strong> &#8211; Prezes Polsko &#8211; Ukrai\u0144skiej Fundacji im. Ignacego Jana Paderewskiego,<\/p>\n<p><strong>Pani dr Cecylia Str\u0105k <\/strong>&#8211; Prezes ZG ZOSP RP w Stoczku,<\/p>\n<p><strong>Dh Adam Stelmach &#8211; <\/strong>Komendant Gminny OSP,<\/p>\n<p><strong>Dh Tomasz Urbankowski<\/strong>,<\/p>\n<p><strong>Zesp\u00f3\u0142 Sadowianki<\/strong><\/p>\n<p>oraz<\/p>\n<p><strong>Przedsi\u0119biorcy z<\/strong> <strong>terenu gm. Stoczek.<\/strong><\/p>\n<div id=\"attachment_27208\" style=\"width: 616px\" class=\"wp-caption aligncenter\"><a href=\"http:\/\/info.sadowne.pl\/wp-content\/uploads\/2023\/03\/sad694.jpg\"><img loading=\"lazy\" decoding=\"async\" aria-describedby=\"caption-attachment-27208\" class=\"wp-image-27208 size-full\" src=\"http:\/\/info.sadowne.pl\/wp-content\/uploads\/2023\/03\/sad694.jpg\" alt=\"\" width=\"606\" height=\"366\" srcset=\"https:\/\/info.sadowne.pl\/wp-content\/uploads\/2023\/03\/sad694.jpg 606w, https:\/\/info.sadowne.pl\/wp-content\/uploads\/2023\/03\/sad694-300x181.jpg 300w\" sizes=\"auto, (max-width: 606px) 100vw, 606px\" \/><\/a><p id=\"caption-attachment-27208\" class=\"wp-caption-text\">Na widowni Pani Maria Koc &#8211; Wicemarsza\u0142ek Senatu RP<\/p><\/div>\n<div id=\"attachment_27209\" style=\"width: 615px\" class=\"wp-caption aligncenter\"><a href=\"http:\/\/info.sadowne.pl\/wp-content\/uploads\/2023\/03\/sad695.jpg\"><img loading=\"lazy\" decoding=\"async\" aria-describedby=\"caption-attachment-27209\" class=\"wp-image-27209 size-full\" src=\"http:\/\/info.sadowne.pl\/wp-content\/uploads\/2023\/03\/sad695.jpg\" alt=\"\" width=\"605\" height=\"377\" srcset=\"https:\/\/info.sadowne.pl\/wp-content\/uploads\/2023\/03\/sad695.jpg 605w, https:\/\/info.sadowne.pl\/wp-content\/uploads\/2023\/03\/sad695-300x187.jpg 300w\" sizes=\"auto, (max-width: 605px) 100vw, 605px\" \/><\/a><p id=\"caption-attachment-27209\" class=\"wp-caption-text\">Ks. pra\u0142at Henryk Polak i pani Beata Piwko<\/p><\/div>\n<div id=\"attachment_27210\" style=\"width: 613px\" class=\"wp-caption aligncenter\"><a href=\"http:\/\/info.sadowne.pl\/wp-content\/uploads\/2023\/03\/sad696.jpg\"><img loading=\"lazy\" decoding=\"async\" aria-describedby=\"caption-attachment-27210\" class=\"wp-image-27210 size-full\" src=\"http:\/\/info.sadowne.pl\/wp-content\/uploads\/2023\/03\/sad696.jpg\" alt=\"\" width=\"603\" height=\"396\" srcset=\"https:\/\/info.sadowne.pl\/wp-content\/uploads\/2023\/03\/sad696.jpg 603w, https:\/\/info.sadowne.pl\/wp-content\/uploads\/2023\/03\/sad696-300x197.jpg 300w\" sizes=\"auto, (max-width: 603px) 100vw, 603px\" \/><\/a><p id=\"caption-attachment-27210\" class=\"wp-caption-text\">Zaproszeni go\u015bcie<\/p><\/div>\n<p>Podnios\u0142ego charakteru uroczysto\u015bci nada\u0142y od\u015bpiewane pie\u015bni patriotyczne przez nasz zesp\u00f3\u0142 Sadowianki.<\/p>\n<div id=\"attachment_27211\" style=\"width: 612px\" class=\"wp-caption aligncenter\"><a href=\"http:\/\/info.sadowne.pl\/wp-content\/uploads\/2023\/03\/sad697.jpg\"><img loading=\"lazy\" decoding=\"async\" aria-describedby=\"caption-attachment-27211\" class=\"wp-image-27211 size-full\" src=\"http:\/\/info.sadowne.pl\/wp-content\/uploads\/2023\/03\/sad697.jpg\" alt=\"\" width=\"602\" height=\"337\" srcset=\"https:\/\/info.sadowne.pl\/wp-content\/uploads\/2023\/03\/sad697.jpg 602w, https:\/\/info.sadowne.pl\/wp-content\/uploads\/2023\/03\/sad697-300x168.jpg 300w\" sizes=\"auto, (max-width: 602px) 100vw, 602px\" \/><\/a><p id=\"caption-attachment-27211\" class=\"wp-caption-text\">Zesp\u00f3\u0142 \u015apiewaczy SADOWIANKI<\/p><\/div>\n<p><strong> <a href=\"http:\/\/info.sadowne.pl\/wp-content\/uploads\/2023\/03\/sad698.jpg\"><img loading=\"lazy\" decoding=\"async\" class=\"aligncenter size-full wp-image-27212\" src=\"http:\/\/info.sadowne.pl\/wp-content\/uploads\/2023\/03\/sad698.jpg\" alt=\"\" width=\"607\" height=\"436\" srcset=\"https:\/\/info.sadowne.pl\/wp-content\/uploads\/2023\/03\/sad698.jpg 607w, https:\/\/info.sadowne.pl\/wp-content\/uploads\/2023\/03\/sad698-300x215.jpg 300w, https:\/\/info.sadowne.pl\/wp-content\/uploads\/2023\/03\/sad698-180x130.jpg 180w\" sizes=\"auto, (max-width: 607px) 100vw, 607px\" \/><\/a><\/strong><\/p>\n<p style=\"text-align: center;\"><strong>Kierownik zespo\u0142u Krysia Wetoszka wbija pami\u0105tkowy gw\u00f3\u017ad\u017a.<\/strong><\/p>\n<p>Zaproszeni go\u015bcie w swoich wyst\u0105pieniach jednog\u0142o\u015bnie zwr\u00f3cili uwag\u0119, jak wa\u017cn\u0105 rol\u0119 pe\u0142ni\u0105 stra\u017cacy ochotnicy w lokalnym spo\u0142ecze\u0144stwie. Sk\u0142adaj\u0105c \u017cyczenia dzi\u0119kowali stra\u017cakom za ich ofiarn\u0105 prac\u0119, za trud i ryzyko, jakie podejmuj\u0105 w ochronie \u017cycia i mienia ludzkiego.<\/p>\n<p><strong> <a href=\"http:\/\/info.sadowne.pl\/wp-content\/uploads\/2023\/03\/sad699.jpg\"><img loading=\"lazy\" decoding=\"async\" class=\"aligncenter size-full wp-image-27213\" src=\"http:\/\/info.sadowne.pl\/wp-content\/uploads\/2023\/03\/sad699.jpg\" alt=\"\" width=\"606\" height=\"344\" srcset=\"https:\/\/info.sadowne.pl\/wp-content\/uploads\/2023\/03\/sad699.jpg 606w, https:\/\/info.sadowne.pl\/wp-content\/uploads\/2023\/03\/sad699-300x170.jpg 300w\" sizes=\"auto, (max-width: 606px) 100vw, 606px\" \/><\/a><\/strong><\/p>\n<p style=\"text-align: center;\"><strong>\u015apiewamy kol\u0119d\u0119 ,,Cicha noc\u201d przed dzieleniem si\u0119 op\u0142atkiem.<\/strong><\/p>\n<p><strong> <a href=\"http:\/\/info.sadowne.pl\/wp-content\/uploads\/2023\/03\/sad700.jpg\"><img loading=\"lazy\" decoding=\"async\" class=\"aligncenter size-full wp-image-27214\" src=\"http:\/\/info.sadowne.pl\/wp-content\/uploads\/2023\/03\/sad700.jpg\" alt=\"\" width=\"601\" height=\"412\" srcset=\"https:\/\/info.sadowne.pl\/wp-content\/uploads\/2023\/03\/sad700.jpg 601w, https:\/\/info.sadowne.pl\/wp-content\/uploads\/2023\/03\/sad700-300x206.jpg 300w\" sizes=\"auto, (max-width: 601px) 100vw, 601px\" \/><\/a><\/strong><\/p>\n<p style=\"text-align: center;\"><strong>Spotkanie zako\u0144czy\u0142o si\u0119 kolacj\u0105, a \u015bwi\u0105teczny nastr\u00f3j dope\u0142ni\u0142 wsp\u00f3lny \u015bpiew kol\u0119d wraz z zespo\u0142em Sadowianki.<\/strong><\/p>\n<p><a href=\"http:\/\/info.sadowne.pl\/wp-content\/uploads\/2023\/03\/sad701.jpg\"><img loading=\"lazy\" decoding=\"async\" class=\"aligncenter size-full wp-image-27215\" src=\"http:\/\/info.sadowne.pl\/wp-content\/uploads\/2023\/03\/sad701.jpg\" alt=\"\" width=\"608\" height=\"369\" srcset=\"https:\/\/info.sadowne.pl\/wp-content\/uploads\/2023\/03\/sad701.jpg 608w, https:\/\/info.sadowne.pl\/wp-content\/uploads\/2023\/03\/sad701-300x182.jpg 300w\" sizes=\"auto, (max-width: 608px) 100vw, 608px\" \/><\/a><\/p>\n<p style=\"text-align: center;\"><strong>Ks. pra\u0142at Henryk Polak ma pi\u0119kny g\u0142os i \u015bpiewa\u0142 z nami kol\u0119dy.<\/strong><\/p>\n<p><strong> <a href=\"http:\/\/info.sadowne.pl\/wp-content\/uploads\/2023\/03\/sad702.jpg\"><img loading=\"lazy\" decoding=\"async\" class=\"aligncenter size-full wp-image-27216\" src=\"http:\/\/info.sadowne.pl\/wp-content\/uploads\/2023\/03\/sad702.jpg\" alt=\"\" width=\"603\" height=\"297\" srcset=\"https:\/\/info.sadowne.pl\/wp-content\/uploads\/2023\/03\/sad702.jpg 603w, https:\/\/info.sadowne.pl\/wp-content\/uploads\/2023\/03\/sad702-300x148.jpg 300w\" sizes=\"auto, (max-width: 603px) 100vw, 603px\" \/><\/a><\/strong><\/p>\n<p style=\"text-align: center;\"><strong>Na koniec pami\u0105tkowe zdj\u0119cie wszystkich uczestnik\u00f3w.<\/strong><\/p>\n<h3 style=\"text-align: center;\"><strong>Dodam jeszcze, \u017ce w zaprzyja\u017anionym <\/strong><\/h3>\n<h3 style=\"text-align: center;\"><strong>z Sadowiankami Grygrowie OSP ka\u017cde spotkanie przebiega w bardzo przyjaznej i mi\u0142ej atmosferze.<\/strong><\/h3>\n<h3 style=\"text-align: center;\"><strong>A my? C\u00f3\u017c \u2013 ch\u0119tnie tam wracamy!<\/strong><\/h3>\n<h3 style=\"text-align: center;\"><span style=\"color: #ff0000;\"><strong>Dzi\u0119kujemy pani Beatko i panie Tadeuszu.<\/strong><\/span><\/h3>\n<h3 style=\"text-align: center;\"><strong>SADOWNE<\/strong><\/h3>\n<h3 style=\"text-align: center;\"><strong>18 grudnia 2018 roku<\/strong><\/h3>\n<p><strong> <a href=\"http:\/\/info.sadowne.pl\/wp-content\/uploads\/2023\/03\/sad703.jpg\"><img loading=\"lazy\" decoding=\"async\" class=\"aligncenter size-full wp-image-27217\" src=\"http:\/\/info.sadowne.pl\/wp-content\/uploads\/2023\/03\/sad703.jpg\" alt=\"\" width=\"474\" height=\"66\" srcset=\"https:\/\/info.sadowne.pl\/wp-content\/uploads\/2023\/03\/sad703.jpg 474w, https:\/\/info.sadowne.pl\/wp-content\/uploads\/2023\/03\/sad703-300x42.jpg 300w\" sizes=\"auto, (max-width: 474px) 100vw, 474px\" \/><\/a><\/strong><\/p>\n<p style=\"text-align: center;\"><strong>W tym dni w Sali OSP Sadowne odby\u0142a si\u0119 \u201eWigilia Senioralna\u201d, kt\u00f3r\u0105 zorganizowa\u0142a dla senior\u00f3w gminy Sadowne nieformalna grupa senioralna \u201eAktywna Pi\u0105tka\u201d.<\/strong><strong>\u00a0<\/strong><\/p>\n<p style=\"text-align: center;\"><strong>W Wigilii wzi\u0119li udzia\u0142 cz\u0142onkowie Stowarzyszenia Sadowie\u0144ski Klub Seniora, seniorzy spoza Stowarzyszenia, W\u00f3jt Gminy Sadowne <\/strong><\/p>\n<p style=\"text-align: center;\"><strong>p. Waldemar Cyran <\/strong><\/p>\n<p style=\"text-align: center;\"><strong>i Dyrektor Gminnego O\u015brodka Kultury w Sadownem p. Ewa Pi\u00f3rkowska.<\/strong><\/p>\n<p style=\"text-align: center;\"><strong>Przyby\u0142ych powita\u0142a p. Gra\u017cyna K\u0105dziela \u2013 Przewodnicz\u0105ca Stowarzyszenia Klubu Seniora.<\/strong><\/p>\n<div id=\"attachment_27218\" style=\"width: 617px\" class=\"wp-caption aligncenter\"><a href=\"http:\/\/info.sadowne.pl\/wp-content\/uploads\/2023\/03\/sad704.jpg\"><img loading=\"lazy\" decoding=\"async\" aria-describedby=\"caption-attachment-27218\" class=\"wp-image-27218 size-full\" src=\"http:\/\/info.sadowne.pl\/wp-content\/uploads\/2023\/03\/sad704.jpg\" alt=\"\" width=\"607\" height=\"381\" srcset=\"https:\/\/info.sadowne.pl\/wp-content\/uploads\/2023\/03\/sad704.jpg 607w, https:\/\/info.sadowne.pl\/wp-content\/uploads\/2023\/03\/sad704-300x188.jpg 300w\" sizes=\"auto, (max-width: 607px) 100vw, 607px\" \/><\/a><p id=\"caption-attachment-27218\" class=\"wp-caption-text\">Zesp\u00f3\u0142 \u015apiewaczy \u201eSadowianki\u201d<\/p><\/div>\n<p><a href=\"http:\/\/info.sadowne.pl\/wp-content\/uploads\/2023\/03\/sad705.jpg\"><img loading=\"lazy\" decoding=\"async\" class=\"aligncenter size-full wp-image-27219\" src=\"http:\/\/info.sadowne.pl\/wp-content\/uploads\/2023\/03\/sad705.jpg\" alt=\"\" width=\"605\" height=\"453\" srcset=\"https:\/\/info.sadowne.pl\/wp-content\/uploads\/2023\/03\/sad705.jpg 605w, https:\/\/info.sadowne.pl\/wp-content\/uploads\/2023\/03\/sad705-300x225.jpg 300w\" sizes=\"auto, (max-width: 605px) 100vw, 605px\" \/><\/a><\/p>\n<p style=\"text-align: center;\">Nasz <strong>Zesp\u00f3\u0142 \u015apiewaczy Sadowianki<\/strong>, do kt\u00f3rego nale\u017c\u0105 r\u00f3wnie\u017c cz\u0142onkowie nieformalnej grupy senioralnej <strong>,,Aktywna Pi\u0105tka\u201d<\/strong> zaprezentowa\u0142 inscenizacj\u0119 tradycyjnej <strong>\u201eWieczerzy Wigilijnej\u201d.<\/strong><\/p>\n<p style=\"text-align: center;\"><strong>\u201eWigili\u0119 Senioraln\u0105\u201d<\/strong> zwie\u0144czy\u0142o \u0142amanie si\u0119 op\u0142atkiem, \u017cyczenia i wsp\u00f3lna wieczerza przy tradycyjnym stole wigilijnym, na kt\u00f3rym kr\u00f3lowa\u0142a zupa grzybowa z makaronem, kapusta z grzybami, pierogi z kapust\u0105 i grzybami, sma\u017cona ryba, \u015bledzie w kilku postaciach i oczywi\u015bcie \u2013 pyszny kompot z suszu owocowego.<\/p>\n<p><strong> <a href=\"http:\/\/info.sadowne.pl\/wp-content\/uploads\/2023\/03\/sad706.jpg\"><img loading=\"lazy\" decoding=\"async\" class=\"aligncenter size-full wp-image-27220\" src=\"http:\/\/info.sadowne.pl\/wp-content\/uploads\/2023\/03\/sad706.jpg\" alt=\"\" width=\"355\" height=\"194\" srcset=\"https:\/\/info.sadowne.pl\/wp-content\/uploads\/2023\/03\/sad706.jpg 355w, https:\/\/info.sadowne.pl\/wp-content\/uploads\/2023\/03\/sad706-300x164.jpg 300w\" sizes=\"auto, (max-width: 355px) 100vw, 355px\" \/><\/a><\/strong><\/p>\n<p><strong> \u0179r\u00f3d\u0142o:\u00a0SADOWIANKI, Barbara Wr\u00f3bel, Sadowne 2022<\/strong><\/p>\n<p><strong>\u00a0<\/strong><\/p>\n<p>&nbsp;<\/p>\n","protected":false},"excerpt":{"rendered":"<p>GRYGR\u00d3W &#8211; 5 grudnia 2018 roku.<\/p>\n","protected":false},"author":1,"featured_media":0,"comment_status":"closed","ping_status":"closed","sticky":false,"template":"","format":"standard","meta":{"footnotes":""},"categories":[5,31,1202],"tags":[1218,101,960],"class_list":["post-27205","post","type-post","status-publish","format-standard","hentry","category-newsy","category-historia-gminy","category-zespol-spiewaczy-sadowianki","tag-barbara-wrobel","tag-historia-gminy-sadowne","tag-zespol-spiewaczy-sadowianki"],"views":1688,"_links":{"self":[{"href":"https:\/\/info.sadowne.pl\/index.php?rest_route=\/wp\/v2\/posts\/27205","targetHints":{"allow":["GET"]}}],"collection":[{"href":"https:\/\/info.sadowne.pl\/index.php?rest_route=\/wp\/v2\/posts"}],"about":[{"href":"https:\/\/info.sadowne.pl\/index.php?rest_route=\/wp\/v2\/types\/post"}],"author":[{"embeddable":true,"href":"https:\/\/info.sadowne.pl\/index.php?rest_route=\/wp\/v2\/users\/1"}],"replies":[{"embeddable":true,"href":"https:\/\/info.sadowne.pl\/index.php?rest_route=%2Fwp%2Fv2%2Fcomments&post=27205"}],"version-history":[{"count":2,"href":"https:\/\/info.sadowne.pl\/index.php?rest_route=\/wp\/v2\/posts\/27205\/revisions"}],"predecessor-version":[{"id":27222,"href":"https:\/\/info.sadowne.pl\/index.php?rest_route=\/wp\/v2\/posts\/27205\/revisions\/27222"}],"wp:attachment":[{"href":"https:\/\/info.sadowne.pl\/index.php?rest_route=%2Fwp%2Fv2%2Fmedia&parent=27205"}],"wp:term":[{"taxonomy":"category","embeddable":true,"href":"https:\/\/info.sadowne.pl\/index.php?rest_route=%2Fwp%2Fv2%2Fcategories&post=27205"},{"taxonomy":"post_tag","embeddable":true,"href":"https:\/\/info.sadowne.pl\/index.php?rest_route=%2Fwp%2Fv2%2Ftags&post=27205"}],"curies":[{"name":"wp","href":"https:\/\/api.w.org\/{rel}","templated":true}]}}