{"id":27241,"date":"2023-03-14T12:56:03","date_gmt":"2023-03-14T11:56:03","guid":{"rendered":"http:\/\/info.sadowne.pl\/?p=27241"},"modified":"2023-03-14T12:56:03","modified_gmt":"2023-03-14T11:56:03","slug":"sadowianki-koledowanie-2018","status":"publish","type":"post","link":"https:\/\/info.sadowne.pl\/?p=27241","title":{"rendered":"Sadowianki \u2013 kol\u0119dowanie 2018"},"content":{"rendered":"<p><strong><a href=\"http:\/\/info.sadowne.pl\/wp-content\/uploads\/2023\/03\/sad720.jpg\"><img loading=\"lazy\" decoding=\"async\" class=\"alignleft size-thumbnail wp-image-27256\" src=\"http:\/\/info.sadowne.pl\/wp-content\/uploads\/2023\/03\/sad720-180x130.jpg\" alt=\"\" width=\"180\" height=\"130\" \/><\/a>W tym roku obchodzimy 50-lecie powstania Zespo\u0142u \u015apiewaczego \u201eSadowianki\u201d. Dzi\u0119ki uprzejmo\u015bci p. Barbary Wr\u00f3bel mo\u017cemy zapozna\u0107 si\u0119 z kolejnymi wydarzeniami w historii Zespo\u0142u.<\/strong><!--more--><\/p>\n<p style=\"text-align: center;\"><span style=\"color: #0000ff;\"><strong>SADOWNE <\/strong><\/span><\/p>\n<p style=\"text-align: center;\"><span style=\"color: #0000ff;\"><strong>30 grudnia 2018 roku<\/strong><\/span><\/p>\n<p><strong> <a href=\"http:\/\/info.sadowne.pl\/wp-content\/uploads\/2023\/03\/sad707.jpg\"><img loading=\"lazy\" decoding=\"async\" class=\"aligncenter size-full wp-image-27242\" src=\"http:\/\/info.sadowne.pl\/wp-content\/uploads\/2023\/03\/sad707.jpg\" alt=\"\" width=\"500\" height=\"63\" srcset=\"https:\/\/info.sadowne.pl\/wp-content\/uploads\/2023\/03\/sad707.jpg 500w, https:\/\/info.sadowne.pl\/wp-content\/uploads\/2023\/03\/sad707-300x38.jpg 300w\" sizes=\"auto, (max-width: 500px) 100vw, 500px\" \/><\/a><\/strong><\/p>\n<p><strong>Dla mieszka\u0144c\u00f3w Sadownego i okolic nasz zesp\u00f3\u0142 Sadowianki przygotowa\u0142 spotkanie wsp\u00f3lnego \u015bpiewania kol\u0119d.<\/strong><\/p>\n<p><strong>W wype\u0142nionej widzami Sali OSP Sadowne mo\u017cna by\u0142o zobaczy\u0107 r\u00f3wnie\u017c m\u0142ode pokolenie artyst\u00f3w, kt\u00f3re wcieli\u0142o si\u0119 w rol\u0119 \u015awi\u0119tej Rodziny, Anio\u0142k\u00f3w, Pastuszk\u00f3w i przyby\u0142ych z dalekich stron Trzech Kr\u00f3li.<\/strong><\/p>\n<p><strong><a href=\"http:\/\/info.sadowne.pl\/wp-content\/uploads\/2023\/03\/sad708.jpg\"><img loading=\"lazy\" decoding=\"async\" class=\"aligncenter size-full wp-image-27243\" src=\"http:\/\/info.sadowne.pl\/wp-content\/uploads\/2023\/03\/sad708.jpg\" alt=\"\" width=\"605\" height=\"262\" srcset=\"https:\/\/info.sadowne.pl\/wp-content\/uploads\/2023\/03\/sad708.jpg 605w, https:\/\/info.sadowne.pl\/wp-content\/uploads\/2023\/03\/sad708-300x130.jpg 300w\" sizes=\"auto, (max-width: 605px) 100vw, 605px\" \/><\/a> <a href=\"http:\/\/info.sadowne.pl\/wp-content\/uploads\/2023\/03\/sad709.jpg\"><img loading=\"lazy\" decoding=\"async\" class=\"aligncenter size-full wp-image-27244\" src=\"http:\/\/info.sadowne.pl\/wp-content\/uploads\/2023\/03\/sad709.jpg\" alt=\"\" width=\"605\" height=\"211\" srcset=\"https:\/\/info.sadowne.pl\/wp-content\/uploads\/2023\/03\/sad709.jpg 605w, https:\/\/info.sadowne.pl\/wp-content\/uploads\/2023\/03\/sad709-300x105.jpg 300w\" sizes=\"auto, (max-width: 605px) 100vw, 605px\" \/><\/a><\/strong><\/p>\n<p style=\"text-align: center;\"><strong>Program rozpocz\u0105\u0142 kol. Zbyszek wierszem:<\/strong><\/p>\n<p><strong>Kiedy grudniowy wiatr <\/strong><\/p>\n<p><strong>najostrzej ch\u0142odzi,<\/strong><\/p>\n<p><strong>Kiedy hulaj\u0105 zadymki, zawieje,<\/strong><\/p>\n<p><strong>Gdy pod zaspami \u015bniegu \u015bwiat truchleje<\/strong><\/p>\n<p><strong>I jak najgorzej stworzeniu si\u0119 dzieje.<\/strong><\/p>\n<p><strong>Nagle s\u0142yszymy ten nie do wiary okrzyk :<\/strong><\/p>\n<p><strong>\u00a0\u00a0\u00a0\u00a0 B\u00f3g si\u0119 rodzi&#8230;.<\/strong><\/p>\n<p><strong>B\u00f3g zn\u00f3w si\u0119 nam rodzi\u2026<br \/>\na moc z\u0142a truchleje.<\/strong><\/p>\n<p><a href=\"http:\/\/info.sadowne.pl\/wp-content\/uploads\/2023\/03\/sad710.jpg\"><img loading=\"lazy\" decoding=\"async\" class=\"aligncenter size-full wp-image-27245\" src=\"http:\/\/info.sadowne.pl\/wp-content\/uploads\/2023\/03\/sad710.jpg\" alt=\"\" width=\"605\" height=\"402\" srcset=\"https:\/\/info.sadowne.pl\/wp-content\/uploads\/2023\/03\/sad710.jpg 605w, https:\/\/info.sadowne.pl\/wp-content\/uploads\/2023\/03\/sad710-300x199.jpg 300w\" sizes=\"auto, (max-width: 605px) 100vw, 605px\" \/><\/a><\/p>\n<p style=\"text-align: center;\"><strong>Nast\u0119pnym i kolejnymi punktami naszego wyst\u0119pu by\u0142y kol\u0119dy przeplatane pi\u0119knymi wierszami.<\/strong><\/p>\n<p><strong>\u015apiewanie kol\u0119d w \u015awi\u0119ta Bo\u017cego Narodzenia w\u015br\u00f3d rodziny i najbli\u017cszych jest zwyczajem stwarzaj\u0105cym magiczn\u0105 i niepowtarzaln\u0105 atmosfer\u0119 nios\u0105c\u0105 rado\u015b\u0107.<\/strong><\/p>\n<p><strong>Kol\u0119dowanie pozwala na budowanie poczucia wsp\u00f3lnoty oraz jedno\u015bci, a tak\u017ce niesie za sob\u0105 mn\u00f3stwo pozytywnych emocji. Wsp\u00f3lne \u015bpiewanie zbli\u017ca do siebie ludzi, sprawia, \u017ce znika odczucie osamotnienia.<\/strong><\/p>\n<p><strong>Ponadto kol\u0119dowanie pomaga w piel\u0119gnowaniu wiary chrze\u015bcija\u0144skiej oraz rozwija wra\u017cliwo\u015b\u0107 duchow\u0105.<\/strong><\/p>\n<div id=\"attachment_27246\" style=\"width: 613px\" class=\"wp-caption aligncenter\"><a href=\"http:\/\/info.sadowne.pl\/wp-content\/uploads\/2023\/03\/sad711.jpg\"><img loading=\"lazy\" decoding=\"async\" aria-describedby=\"caption-attachment-27246\" class=\"wp-image-27246 size-full\" src=\"http:\/\/info.sadowne.pl\/wp-content\/uploads\/2023\/03\/sad711.jpg\" alt=\"\" width=\"603\" height=\"561\" srcset=\"https:\/\/info.sadowne.pl\/wp-content\/uploads\/2023\/03\/sad711.jpg 603w, https:\/\/info.sadowne.pl\/wp-content\/uploads\/2023\/03\/sad711-300x279.jpg 300w\" sizes=\"auto, (max-width: 603px) 100vw, 603px\" \/><\/a><p id=\"caption-attachment-27246\" class=\"wp-caption-text\">\u00a0 \u00a0 \u00a0 \u00a0 \u00a0 \u00a0 \u00a0 \u00a0 \u00a0 \u00a0 \u00a0 \u00a0 \u00a0Ola Piotrowska \u2013 Matka Boska\u00a0 \u00a0 \u00a0 \u00a0 \u00a0 \u00a0 \u00a0 \u00a0 \u00a0Pawe\u0142 Szymanik \u2013 \u015aw. J\u00f3zef<\/p><\/div>\n<div id=\"attachment_27247\" style=\"width: 611px\" class=\"wp-caption aligncenter\"><a href=\"http:\/\/info.sadowne.pl\/wp-content\/uploads\/2023\/03\/sad712.jpg\"><img loading=\"lazy\" decoding=\"async\" aria-describedby=\"caption-attachment-27247\" class=\"wp-image-27247 size-full\" src=\"http:\/\/info.sadowne.pl\/wp-content\/uploads\/2023\/03\/sad712.jpg\" alt=\"\" width=\"601\" height=\"455\" srcset=\"https:\/\/info.sadowne.pl\/wp-content\/uploads\/2023\/03\/sad712.jpg 601w, https:\/\/info.sadowne.pl\/wp-content\/uploads\/2023\/03\/sad712-300x227.jpg 300w\" sizes=\"auto, (max-width: 601px) 100vw, 601px\" \/><\/a><p id=\"caption-attachment-27247\" class=\"wp-caption-text\">Pastuszkowie:\u00a0 \u00a0 \u00a0 \u00a0 \u00a0 \u00a0Micha\u015b Wojciechowski \u00a0\u00a0\u00a0\u00a0\u00a0\u00a0\u00a0\u00a0 \u00a0\u00a0\u00a0\u00a0\u00a0 Krzysio Ga\u0142\u0105zka \u00a0\u00a0\u00a0\u00a0\u00a0\u00a0\u00a0\u00a0\u00a0\u00a0\u00a0\u00a0\u00a0 Piotru\u015b Pu\u015bcion<\/p><\/div>\n<div id=\"attachment_27248\" style=\"width: 612px\" class=\"wp-caption aligncenter\"><a href=\"http:\/\/info.sadowne.pl\/wp-content\/uploads\/2023\/03\/sad713.jpg\"><img loading=\"lazy\" decoding=\"async\" aria-describedby=\"caption-attachment-27248\" class=\"wp-image-27248 size-full\" src=\"http:\/\/info.sadowne.pl\/wp-content\/uploads\/2023\/03\/sad713.jpg\" alt=\"\" width=\"602\" height=\"418\" srcset=\"https:\/\/info.sadowne.pl\/wp-content\/uploads\/2023\/03\/sad713.jpg 602w, https:\/\/info.sadowne.pl\/wp-content\/uploads\/2023\/03\/sad713-300x208.jpg 300w\" sizes=\"auto, (max-width: 602px) 100vw, 602px\" \/><\/a><p id=\"caption-attachment-27248\" class=\"wp-caption-text\">\u00a0 \u00a0 \u00a0 \u00a0 \u00a0 \u00a0 \u00a0 \u00a0 \u00a0 \u00a0 \u00a0 \u00a0 \u00a0 \u00a0 \u00a0 \u00a0 \u00a0 \u00a0 \u00a0 \u00a0 \u00a0 \u00a0 \u00a0 \u00a0 \u00a0 \u00a0 \u00a0 \u00a0 Ola Piotrowska, Pawe\u0142 Szymanik\u00a0 \u00a0 \u00a0 \u00a0 \u00a0 \u00a0 \u00a0 \u00a0 \u00a0 \u00a0 \u00a0 \u00a0 \u00a0 \u00a0 \u00a0 \u00a0 \u00a0 \u00a0 \u00a0 \u00a0 \u00a0 \u00a0 \u00a0 \u00a0 \u00a0 \u00a0 \u00a0 \u00a0 \u00a0 \u00a0 \u00a0 \u00a0 \u00a0 \u00a0 \u00a0 \u00a0 \u00a0Anio\u0142kowie:\u00a0 Zosia Cyran, Basia Szymanik, Madzia Kalbarczyk, Natalka Drzewiecka<\/p><\/div>\n<div id=\"attachment_27249\" style=\"width: 612px\" class=\"wp-caption aligncenter\"><a href=\"http:\/\/info.sadowne.pl\/wp-content\/uploads\/2023\/03\/sad714.jpg\"><img loading=\"lazy\" decoding=\"async\" aria-describedby=\"caption-attachment-27249\" class=\"wp-image-27249 size-full\" src=\"http:\/\/info.sadowne.pl\/wp-content\/uploads\/2023\/03\/sad714.jpg\" alt=\"\" width=\"602\" height=\"608\" srcset=\"https:\/\/info.sadowne.pl\/wp-content\/uploads\/2023\/03\/sad714.jpg 602w, https:\/\/info.sadowne.pl\/wp-content\/uploads\/2023\/03\/sad714-297x300.jpg 297w\" sizes=\"auto, (max-width: 602px) 100vw, 602px\" \/><\/a><p id=\"caption-attachment-27249\" class=\"wp-caption-text\">Trzej Kr\u00f3lowie:\u00a0\u00a0\u00a0\u00a0 Maciek Szymanik\u00a0 \u00a0 \u00a0 \u00a0 Piotrek J\u00f3\u017awik\u00a0 \u00a0 \u00a0 \u00a0 Wojtek Piotrowski<\/p><\/div>\n<p style=\"text-align: center;\"><span style=\"color: #0000ff;\"><strong>Wszyscy lubimy \u015bpiewa\u0107 piosenki, kt\u00f3re znamy,<\/strong><\/span><\/p>\n<p style=\"text-align: center;\"><span style=\"color: #0000ff;\"><strong>lubimy, cz\u0119sto pami\u0119tamy je z dzieci\u0144stwa,<\/strong><\/span><\/p>\n<p style=\"text-align: center;\"><span style=\"color: #0000ff;\"><strong>bo s\u0105 ciep\u0142e, melodyjne, pi\u0119kne.<\/strong><\/span><\/p>\n<p style=\"text-align: center;\"><span style=\"color: #0000ff;\"><strong>Tak samo siedz\u0105c przy choince w gronie innych \u015bpiewaj\u0105cych kol\u0119dy,<\/strong><\/span><\/p>\n<p style=\"text-align: center;\"><span style=\"color: #0000ff;\"><strong>czujemy z nimi szczeg\u00f3ln\u0105<\/strong><strong>\u00a0<\/strong><strong>blisko\u015b\u0107<\/strong><strong>, rado\u015b\u0107 ze spotkania,<\/strong><\/span><\/p>\n<p style=\"text-align: center;\"><span style=\"color: #0000ff;\"><strong>doznajemy wielu przyjemnych emocji.<\/strong><\/span><\/p>\n<div id=\"attachment_27250\" style=\"width: 617px\" class=\"wp-caption aligncenter\"><a href=\"http:\/\/info.sadowne.pl\/wp-content\/uploads\/2023\/03\/sad715.jpg\"><img loading=\"lazy\" decoding=\"async\" aria-describedby=\"caption-attachment-27250\" class=\"wp-image-27250 size-full\" src=\"http:\/\/info.sadowne.pl\/wp-content\/uploads\/2023\/03\/sad715.jpg\" alt=\"\" width=\"607\" height=\"429\" srcset=\"https:\/\/info.sadowne.pl\/wp-content\/uploads\/2023\/03\/sad715.jpg 607w, https:\/\/info.sadowne.pl\/wp-content\/uploads\/2023\/03\/sad715-300x212.jpg 300w\" sizes=\"auto, (max-width: 607px) 100vw, 607px\" \/><\/a><p id=\"caption-attachment-27250\" class=\"wp-caption-text\">Krysia Wetoszka, Basia Spaltabaka, Basia Wr\u00f3bel, Hania D\u0119bkowska, Ela D\u0119bkowska, Marysia Szymanik, Zbyszek Danaj<\/p><\/div>\n<p style=\"text-align: center;\"><strong>My\u015bl\u0105 przewodni\u0105 naszego spotkania z publiczno\u015bci\u0105 by\u0142y s\u0142owa pi\u0119knej kol\u0119dy p.t.: ,,Male\u0144ka Mi\u0142o\u015b\u0107\u201d<\/strong><\/p>\n<h3 style=\"text-align: center;\"><span style=\"color: #0000ff;\"><strong><em><span style=\"color: #0000ff;\">,,Male\u0144ka Mi\u0142o\u015b\u0107\u201d<\/span> <\/em><\/strong><\/span><span style=\"color: #ff0000;\"><strong><em><u>C-dur<\/u><\/em><\/strong> <span style=\"color: #0000ff;\"><strong><em>\/<\/em><\/strong><\/span><\/span><\/h3>\n<p><strong>Do naszych serc <\/strong><\/p>\n<p><strong>do wszystkich serc u\u015bpionych\u2026<\/strong><\/p>\n<p><strong>\u00a0 Dzi\u015b zabrzmia\u0142 dzwon, <\/strong><\/p>\n<p><strong>ju\u017c cz\u0142owiek obudzony.<\/strong><\/p>\n<p><strong>Bo nadszed\u0142 czas i dzieci\u0119 si\u0119 zrodzi\u0142o\u2026<\/strong><\/p>\n<p><strong>\u00a0 <\/strong><strong>A razem z nim, male\u0144ka przysz\u0142a mi\u0142o\u015b\u0107.<\/strong><\/p>\n<p><strong>Ref: \/Male\u0144ka mi\u0142o\u015b\u0107 w \u017c\u0142obie \u015bpi,<\/strong><\/p>\n<p><strong>\u00a0\u00a0\u00a0\u00a0\u00a0\u00a0\u00a0\u00a0 Male\u0144ka mi\u0142o\u015b\u0107 przy Matce \u015awi\u0119tej.<\/strong><\/p>\n<p><strong>\u00a0\u00a0\u00a0\u00a0\u00a0\u00a0\u00a0\u00a0 Dzi\u015b ca\u0142a ziemia i niebo l\u015bni<\/strong><\/p>\n<p><strong>\u00a0\u00a0\u00a0\u00a0\u00a0\u00a0\u00a0\u00a0 dla tej mi\u0142o\u015bci male\u0144kiej.\/bis<\/strong><\/p>\n<p><strong>Porzu\u0107my z\u0142o, <\/strong><\/p>\n<p><strong>przesta\u0144my z\u0142em si\u0119 bawi\u0107\u2026<\/strong><\/p>\n<p><strong>\u00a0\u00a0 I czyst\u0105 \u0142z\u0105 <\/strong><\/p>\n<p><strong>spr\u00f3bujmy serce zbawi\u0107.<\/strong><\/p>\n<p><strong>Ju\u017c nadszed\u0142 czas ju\u017c dzieci\u0119 si\u0119 zrodzi\u0142o\u2026<\/strong><\/p>\n<p><strong>\u00a0\u00a0 A razem z nim, male\u0144ka przysz\u0142a mi\u0142o\u015b\u0107. <\/strong><\/p>\n<p><strong>Ref: Male\u0144ka mi\u0142o\u015b\u0107 w \u017c\u0142obie \u015bpi,<\/strong><\/p>\n<p><strong>\u00a0\u00a0\u00a0\u00a0\u00a0\u00a0\u00a0 Male\u0144k\u0105 mi\u0142o\u015b\u0107 chro\u0144my z l\u0119kiem<\/strong><\/p>\n<p><strong>\u00a0\u00a0\u00a0\u00a0\u00a0\u00a0\u00a0 Dzi\u015b ziemia dr\u017cy i niebo dr\u017cy<\/strong><\/p>\n<p><strong>\u00a0\u00a0\u00a0\u00a0\u00a0\u00a0\u00a0 dla tej mi\u0142o\u015bci male\u0144kiej.<\/strong><\/p>\n<p><span style=\"color: #0000ff;\"><strong>2x<\/strong><\/span><strong><span style=\"color: #0000ff;\">\/<\/span>Male\u0144ka mi\u0142o\u015b\u0107 zbawi \u015bwiat,<\/strong><\/p>\n<p><strong>\u00a0\u00a0\u00a0\u00a0\u00a0\u00a0\u00a0\u00a0 male\u0144k\u0105 mi\u0142o\u015b\u0107 chro\u0144my z l\u0119kiem <\/strong><\/p>\n<p><strong>\u00a0\u00a0\u00a0\u00a0\u00a0\u00a0\u00a0\u00a0 Dzi\u015b ziemia dr\u017cy i niebo dr\u017cy<\/strong><\/p>\n<p><strong>\u00a0\u00a0\u00a0\u00a0\u00a0\u00a0\u00a0\u00a0 <u>od<\/u> tej mi\u0142o\u015bci male\u0144kiej!<\/strong><\/p>\n<div id=\"attachment_27251\" style=\"width: 579px\" class=\"wp-caption aligncenter\"><a href=\"http:\/\/info.sadowne.pl\/wp-content\/uploads\/2023\/03\/sad716.jpg\"><img loading=\"lazy\" decoding=\"async\" aria-describedby=\"caption-attachment-27251\" class=\"wp-image-27251 size-full\" src=\"http:\/\/info.sadowne.pl\/wp-content\/uploads\/2023\/03\/sad716.jpg\" alt=\"\" width=\"569\" height=\"658\" srcset=\"https:\/\/info.sadowne.pl\/wp-content\/uploads\/2023\/03\/sad716.jpg 569w, https:\/\/info.sadowne.pl\/wp-content\/uploads\/2023\/03\/sad716-259x300.jpg 259w\" sizes=\"auto, (max-width: 569px) 100vw, 569px\" \/><\/a><p id=\"caption-attachment-27251\" class=\"wp-caption-text\">Andrzej Olton<\/p><\/div>\n<div id=\"attachment_27252\" style=\"width: 611px\" class=\"wp-caption aligncenter\"><a href=\"http:\/\/info.sadowne.pl\/wp-content\/uploads\/2023\/03\/sad717.jpg\"><img loading=\"lazy\" decoding=\"async\" aria-describedby=\"caption-attachment-27252\" class=\"wp-image-27252 size-full\" src=\"http:\/\/info.sadowne.pl\/wp-content\/uploads\/2023\/03\/sad717.jpg\" alt=\"\" width=\"601\" height=\"357\" srcset=\"https:\/\/info.sadowne.pl\/wp-content\/uploads\/2023\/03\/sad717.jpg 601w, https:\/\/info.sadowne.pl\/wp-content\/uploads\/2023\/03\/sad717-300x178.jpg 300w\" sizes=\"auto, (max-width: 601px) 100vw, 601px\" \/><\/a><p id=\"caption-attachment-27252\" class=\"wp-caption-text\">Basia Spaltabaka, Basia Wr\u00f3bel, Ela D\u0119bkowska, Zbyszek Danaj<\/p><\/div>\n<p><a href=\"http:\/\/info.sadowne.pl\/wp-content\/uploads\/2023\/03\/sad718.jpg\"><img loading=\"lazy\" decoding=\"async\" class=\"aligncenter size-full wp-image-27253\" src=\"http:\/\/info.sadowne.pl\/wp-content\/uploads\/2023\/03\/sad718.jpg\" alt=\"\" width=\"608\" height=\"389\" srcset=\"https:\/\/info.sadowne.pl\/wp-content\/uploads\/2023\/03\/sad718.jpg 608w, https:\/\/info.sadowne.pl\/wp-content\/uploads\/2023\/03\/sad718-300x192.jpg 300w\" sizes=\"auto, (max-width: 608px) 100vw, 608px\" \/><\/a><\/p>\n<p style=\"text-align: center;\"><strong>Program zako\u0144czony, wszyscy arty\u015bci przed scen\u0105 i na scenie.<\/strong><\/p>\n<p style=\"text-align: center;\"><strong>A z widowni p\u0142yn\u0105 gromkie brawa.<\/strong><\/p>\n<p><a href=\"http:\/\/info.sadowne.pl\/wp-content\/uploads\/2023\/03\/sad719.jpg\"><img loading=\"lazy\" decoding=\"async\" class=\"aligncenter size-full wp-image-27254\" src=\"http:\/\/info.sadowne.pl\/wp-content\/uploads\/2023\/03\/sad719.jpg\" alt=\"\" width=\"600\" height=\"400\" srcset=\"https:\/\/info.sadowne.pl\/wp-content\/uploads\/2023\/03\/sad719.jpg 600w, https:\/\/info.sadowne.pl\/wp-content\/uploads\/2023\/03\/sad719-300x200.jpg 300w\" sizes=\"auto, (max-width: 600px) 100vw, 600px\" \/><\/a><\/p>\n<p style=\"text-align: center;\"><strong>Troch\u0119 czasu dla naszych ,,reporter\u00f3w\u201d.<\/strong><\/p>\n<p style=\"text-align: center;\"><strong>Fotki w telefonach kom\u00f3rkowych.<\/strong><\/p>\n<p><a href=\"http:\/\/info.sadowne.pl\/wp-content\/uploads\/2023\/03\/sad719-1.jpg\"><img loading=\"lazy\" decoding=\"async\" class=\"aligncenter size-full wp-image-27255\" src=\"http:\/\/info.sadowne.pl\/wp-content\/uploads\/2023\/03\/sad719-1.jpg\" alt=\"\" width=\"600\" height=\"400\" srcset=\"https:\/\/info.sadowne.pl\/wp-content\/uploads\/2023\/03\/sad719-1.jpg 600w, https:\/\/info.sadowne.pl\/wp-content\/uploads\/2023\/03\/sad719-1-300x200.jpg 300w\" sizes=\"auto, (max-width: 600px) 100vw, 600px\" \/><\/a><\/p>\n<p><a href=\"http:\/\/info.sadowne.pl\/wp-content\/uploads\/2023\/03\/sad720.jpg\"><img loading=\"lazy\" decoding=\"async\" class=\"aligncenter size-full wp-image-27256\" src=\"http:\/\/info.sadowne.pl\/wp-content\/uploads\/2023\/03\/sad720.jpg\" alt=\"\" width=\"607\" height=\"313\" srcset=\"https:\/\/info.sadowne.pl\/wp-content\/uploads\/2023\/03\/sad720.jpg 607w, https:\/\/info.sadowne.pl\/wp-content\/uploads\/2023\/03\/sad720-300x155.jpg 300w\" sizes=\"auto, (max-width: 607px) 100vw, 607px\" \/><\/a><\/p>\n<p><a href=\"http:\/\/info.sadowne.pl\/wp-content\/uploads\/2023\/03\/sad721.jpg\"><img loading=\"lazy\" decoding=\"async\" class=\"aligncenter size-full wp-image-27257\" src=\"http:\/\/info.sadowne.pl\/wp-content\/uploads\/2023\/03\/sad721.jpg\" alt=\"\" width=\"602\" height=\"352\" srcset=\"https:\/\/info.sadowne.pl\/wp-content\/uploads\/2023\/03\/sad721.jpg 602w, https:\/\/info.sadowne.pl\/wp-content\/uploads\/2023\/03\/sad721-300x175.jpg 300w\" sizes=\"auto, (max-width: 602px) 100vw, 602px\" \/><\/a><\/p>\n<p style=\"text-align: center;\"><strong>Pani Irena D\u0119bkowska podzi\u0119kowa\u0142a zespo\u0142owi w imieniu w\u0142adz naszej gminy i naszej wspania\u0142ej publiczno\u015bci.<\/strong><\/p>\n<p><a href=\"http:\/\/info.sadowne.pl\/wp-content\/uploads\/2023\/03\/sad722.jpg\"><img loading=\"lazy\" decoding=\"async\" class=\"aligncenter size-full wp-image-27258\" src=\"http:\/\/info.sadowne.pl\/wp-content\/uploads\/2023\/03\/sad722.jpg\" alt=\"\" width=\"483\" height=\"505\" srcset=\"https:\/\/info.sadowne.pl\/wp-content\/uploads\/2023\/03\/sad722.jpg 483w, https:\/\/info.sadowne.pl\/wp-content\/uploads\/2023\/03\/sad722-287x300.jpg 287w\" sizes=\"auto, (max-width: 483px) 100vw, 483px\" \/><\/a><\/p>\n<p style=\"text-align: center;\"><span style=\"color: #0000ff;\"><strong>Kochana Publiczno\u015bci cieszymy si\u0119, \u017ce zawsze jeste\u015bcie <\/strong><\/span><\/p>\n<p style=\"text-align: center;\"><span style=\"color: #0000ff;\"><strong>z nami, wspieracie swoj\u0105 obecno\u015bci\u0105 nasz\u0105 dzia\u0142alno\u015b\u0107.<\/strong><\/span><\/p>\n<p style=\"text-align: center;\"><span style=\"color: #0000ff;\"><strong>Dodajecie nam wiary, \u017ce warto co\u015b robi\u0107, aby innym sprawia\u0107 rado\u015b\u0107.<\/strong><\/span><\/p>\n<p style=\"text-align: center;\"><span style=\"color: #0000ff;\"><strong>Dzi\u0119kujemy. <\/strong><\/span><\/p>\n<p>&nbsp;<\/p>\n<h3><strong><em>Info Sadowne:<\/em><\/strong><\/h3>\n<p><strong>,,\u015awietne spotkanie ukazuj\u0105ce tradycje \u015awi\u0105t Bo\u017cego Narodzenia <\/strong><strong>i \u2013 jak zwykle \u2013 odpowiednio dobrany przez \u201eSadowianki\u201d repertuar oraz elementy inscenizacji s\u0142owno \u2013 muzycznej. Widzowie ch\u0119tnie w\u0142\u0105czyli si\u0119 w \u015bpiewanie znanych kol\u0119d, a na zako\u0144czenie spotkania przekazali wyrazy uznania artystom. Oby wi\u0119cej spotka\u0144 tego rodzaju organizowano dla naszej spo\u0142eczno\u015bci, a za to dzisiejsze \u2013 wielkie brawa!\u201d<\/strong><\/p>\n<h3 style=\"text-align: center;\"><span style=\"color: #3366ff;\"><em><strong>Panie S<\/strong><strong>\u0142<\/strong><strong>awku,<\/strong><\/em><\/span><\/h3>\n<h3 style=\"text-align: center;\"><span style=\"color: #3366ff;\"><em><strong>dla Pana szczeg\u00f3lne podzi<\/strong><strong>\u0119<\/strong><strong>kowania.<\/strong><\/em><\/span><\/h3>\n<h3 style=\"text-align: center;\"><span style=\"color: #3366ff;\"><em><strong>Pan<\/strong><\/em><\/span><\/h3>\n<h3 style=\"text-align: center;\"><span style=\"color: #3366ff;\"><em><strong>zawsze o naszej dzia<\/strong><strong>\u0142<\/strong><strong>alno<\/strong><strong>\u015b<\/strong><strong>ci<\/strong><\/em><\/span><\/h3>\n<h3 style=\"text-align: center;\"><span style=\"color: #3366ff;\"><em><strong>w ciep<\/strong><strong>\u0142<\/strong><strong>ych i serdecznych s<\/strong><strong>\u0142<\/strong><strong>owach.<\/strong><\/em><\/span><\/h3>\n<h3 style=\"text-align: center;\"><span style=\"color: #3366ff;\"><em><strong>Ja osobi<\/strong><strong>\u015b<\/strong><strong>cie <\/strong><strong>\u015b<\/strong><strong>l<\/strong><strong>\u0119<\/strong><strong> w Pana kierunku uk<\/strong><strong>\u0142<\/strong><strong>ony,<\/strong><\/em><\/span><\/h3>\n<h3 style=\"text-align: center;\"><span style=\"color: #3366ff;\"><em><strong>poniewa<\/strong><strong>\u017c<\/strong><strong> wiele informacji i zdj<\/strong><strong>\u0119\u0107<\/strong><strong>,<\/strong><\/em><\/span><\/h3>\n<h3 style=\"text-align: center;\"><span style=\"color: #3366ff;\"><em><strong>kt\u00f3re \u00a0zamieszczam \u00a0w Kronice \u00a0Sadowianek, mam dzi<\/strong><strong>\u0119<\/strong><strong>ki<\/strong><\/em><\/span><\/h3>\n<h3 style=\"text-align: center;\"><span style=\"color: #3366ff;\"><em><strong>\u00a0stronie, kt\u00f3r<\/strong><strong>\u0105<\/strong><strong> Pan prowadzi \u2013 Info Sadowne.<\/strong><\/em><\/span><\/h3>\n<p><strong>\u0179r\u00f3d\u0142o:<\/strong> SADOWIANKI, Barbara Wr\u00f3bel, Sadowne 2022<\/p>\n","protected":false},"excerpt":{"rendered":"<p>W tym roku obchodzimy 50-lecie powstania Zespo\u0142u \u015apiewaczego \u201eSadowianki\u201d. Dzi\u0119ki uprzejmo\u015bci p. Barbary Wr\u00f3bel mo\u017cemy zapozna\u0107 si\u0119 z kolejnymi wydarzeniami w historii Zespo\u0142u.<\/p>\n","protected":false},"author":1,"featured_media":0,"comment_status":"closed","ping_status":"closed","sticky":false,"template":"","format":"standard","meta":{"footnotes":""},"categories":[5,31,1202],"tags":[1218,101,960],"class_list":["post-27241","post","type-post","status-publish","format-standard","hentry","category-newsy","category-historia-gminy","category-zespol-spiewaczy-sadowianki","tag-barbara-wrobel","tag-historia-gminy-sadowne","tag-zespol-spiewaczy-sadowianki"],"views":1683,"_links":{"self":[{"href":"https:\/\/info.sadowne.pl\/index.php?rest_route=\/wp\/v2\/posts\/27241","targetHints":{"allow":["GET"]}}],"collection":[{"href":"https:\/\/info.sadowne.pl\/index.php?rest_route=\/wp\/v2\/posts"}],"about":[{"href":"https:\/\/info.sadowne.pl\/index.php?rest_route=\/wp\/v2\/types\/post"}],"author":[{"embeddable":true,"href":"https:\/\/info.sadowne.pl\/index.php?rest_route=\/wp\/v2\/users\/1"}],"replies":[{"embeddable":true,"href":"https:\/\/info.sadowne.pl\/index.php?rest_route=%2Fwp%2Fv2%2Fcomments&post=27241"}],"version-history":[{"count":2,"href":"https:\/\/info.sadowne.pl\/index.php?rest_route=\/wp\/v2\/posts\/27241\/revisions"}],"predecessor-version":[{"id":27260,"href":"https:\/\/info.sadowne.pl\/index.php?rest_route=\/wp\/v2\/posts\/27241\/revisions\/27260"}],"wp:attachment":[{"href":"https:\/\/info.sadowne.pl\/index.php?rest_route=%2Fwp%2Fv2%2Fmedia&parent=27241"}],"wp:term":[{"taxonomy":"category","embeddable":true,"href":"https:\/\/info.sadowne.pl\/index.php?rest_route=%2Fwp%2Fv2%2Fcategories&post=27241"},{"taxonomy":"post_tag","embeddable":true,"href":"https:\/\/info.sadowne.pl\/index.php?rest_route=%2Fwp%2Fv2%2Ftags&post=27241"}],"curies":[{"name":"wp","href":"https:\/\/api.w.org\/{rel}","templated":true}]}}