{"id":27270,"date":"2023-03-16T13:55:28","date_gmt":"2023-03-16T12:55:28","guid":{"rendered":"http:\/\/info.sadowne.pl\/?p=27270"},"modified":"2023-03-16T13:55:28","modified_gmt":"2023-03-16T12:55:28","slug":"z-andrzejewa-o-przykrych-skutkach-spijania-wodczanych-resztek","status":"publish","type":"post","link":"https:\/\/info.sadowne.pl\/?p=27270","title":{"rendered":"Z Andrzejewa o przykrych skutkach spijania w\u00f3dczanych resztek,"},"content":{"rendered":"<p><strong><a href=\"http:\/\/info.sadowne.pl\/wp-content\/uploads\/2023\/03\/Brok116.jpg\" target=\"_blank\" rel=\"noopener\"><img loading=\"lazy\" decoding=\"async\" class=\"alignleft wp-image-27271 size-thumbnail\" src=\"http:\/\/info.sadowne.pl\/wp-content\/uploads\/2023\/03\/Brok116-180x130.jpg\" alt=\"\" width=\"180\" height=\"130\" \/><\/a>\u2026o Kurpiance Parciakowej z Parciak\u00f3w, o rze\u017aniku z Czy\u017cewa, kt\u00f3remu si\u0119 sprzykrzy\u0142o oraz o wiecu w \u015blicznie po\u0142o\u017conej Zuzeli.<\/strong><!--more--><\/p>\n<p>Z Andrzejewa donosz\u0105 o gro\u017anym wypadku pracuj\u0105cej w tamtejszej restauracji pos\u0142ugaczki, kt\u00f3ra z nara\u017ceniem \u017cycia zwalcza\u0142a marnotrawstwo w postaci niedopijania zawarto\u015bci opakowa\u0144 szklanych i naczy\u0144 mieszcz\u0105cych napoje wyskokowe.<\/p>\n<p>Pan Dominik Staszewski, kt\u00f3ry sko\u0144czy\u0142 studia prawnicze na Uniwersytecie Warszawskim, a p\u00f3\u017aniej by\u0142 s\u0119dzi\u0105 pokoju w Jednoro\u017ccu i na co dzie\u0144 styka\u0142 si\u0119 z Kurpiami, po raz kolejny zn\u0119ca si\u0119 nad tym nieszcz\u0119snym ludem, metodycznie punktuj\u0105c wszystkie jego s\u0142abostki. Mo\u017cliwe jednak, \u017ce obraz dowolnej, ogl\u0105danej pod mikroskopem spo\u0142eczno\u015bci, by\u0142by r\u00f3wnie daleki od idea\u0142u.<\/p>\n<p>Z Czy\u017cewa nadesz\u0142y wie\u015bci, o nieprzychylnym stosunku wi\u0119kszo\u015bci mieszka\u0144c\u00f3w do ludzi przedsi\u0119biorczych.<\/p>\n<p>W po\u0142owie stycznia zamie\u015bcili\u015bmy informacj\u0119 o wiecu w Broku, na kt\u00f3rym t\u0142umnie zgromadzona publiczno\u015b\u0107 wyra\u017ca\u0142a trosk\u0119 o wynik wybor\u00f3w i losy kraju. Dzisiaj o wynikach tych\u017ce wybor\u00f3w oraz o wiecu w Zuzeli, kt\u00f3rego organizatorem by\u0142 doktor medycyny Jan Za\u0142uska, pose\u0142 startuj\u0105cy z ramienia Zwi\u0105zku Ludowo-Narodowego. Zamiast kre\u015blenia profilu politycznego tej partii nadmieniam, \u017ce na wiec licznie zjecha\u0142o okoliczne duchowie\u0144stwo.<\/p>\n<p>Nasi czytelnicy dobrze wiedz\u0105, \u017ce w panuj\u0105cym chaosie, tylko na tej stronie znajd\u0105 niezawodne sposoby uporz\u0105dkowania \u015bwiata, a przy okazji wycisz\u0105 si\u0119 oraz nab\u0119d\u0105 rzeteln\u0105 wiedz\u0119 o tym, co by\u0142o, co jest i b\u0119dzie. Ostatnio doradzali\u015bmy panu Kazimierzowi w sprawie nabycia dobrej ksi\u0105\u017cki i obiecali\u015bmy, i\u017c wkr\u00f3tce zdradzimy tajniki tworzenia szykownego ksi\u0119gozbioru.<\/p>\n<p><strong>Wi\u0119cej na stronie <span style=\"color: #0000ff;\"><a style=\"color: #0000ff;\" href=\"https:\/\/madzelan.cba.pl\/z-andrzejewa-o-przykrych-skutkach-spijania-wodczanych-resztek-o-kurpiance-parciakowej-z-parciakow-o-rzezniku-z-czyzewa-ktoremu-sie-sprzykrzylo-oraz-o-wiecu-w-slicznie-polozonej-zuzeli\/\" target=\"_blank\" rel=\"noopener\">https:\/\/madzelan.cba.pl\/z-andrzejewa-o-przykrych-skutkach-spijania-wodczanych-resztek-o-kurpiance-parciakowej-z-parciakow-o-rzezniku-z-czyzewa-ktoremu-sie-sprzykrzylo-oraz-o-wiecu-w-slicznie-polozonej-zuzeli\/<\/a><\/span><\/strong><\/p>\n","protected":false},"excerpt":{"rendered":"<p>\u2026o Kurpiance Parciakowej z Parciak\u00f3w, o rze\u017aniku z Czy\u017cewa, kt\u00f3remu si\u0119 sprzykrzy\u0142o oraz o wiecu w \u015blicznie po\u0142o\u017conej Zuzeli.<\/p>\n","protected":false},"author":1,"featured_media":0,"comment_status":"closed","ping_status":"closed","sticky":false,"template":"","format":"standard","meta":{"footnotes":""},"categories":[5,3436,31],"tags":[101,3004,2956],"class_list":["post-27270","post","type-post","status-publish","format-standard","hentry","category-newsy","category-opowiesci-historie-legendy-brokowskie-i-nie-tylko","category-historia-gminy","tag-historia-gminy-sadowne","tag-jerzy-madzelan","tag-opowiesci-historie-legendy-brokowskie-i-nie-tylko"],"views":1660,"_links":{"self":[{"href":"https:\/\/info.sadowne.pl\/index.php?rest_route=\/wp\/v2\/posts\/27270","targetHints":{"allow":["GET"]}}],"collection":[{"href":"https:\/\/info.sadowne.pl\/index.php?rest_route=\/wp\/v2\/posts"}],"about":[{"href":"https:\/\/info.sadowne.pl\/index.php?rest_route=\/wp\/v2\/types\/post"}],"author":[{"embeddable":true,"href":"https:\/\/info.sadowne.pl\/index.php?rest_route=\/wp\/v2\/users\/1"}],"replies":[{"embeddable":true,"href":"https:\/\/info.sadowne.pl\/index.php?rest_route=%2Fwp%2Fv2%2Fcomments&post=27270"}],"version-history":[{"count":1,"href":"https:\/\/info.sadowne.pl\/index.php?rest_route=\/wp\/v2\/posts\/27270\/revisions"}],"predecessor-version":[{"id":27272,"href":"https:\/\/info.sadowne.pl\/index.php?rest_route=\/wp\/v2\/posts\/27270\/revisions\/27272"}],"wp:attachment":[{"href":"https:\/\/info.sadowne.pl\/index.php?rest_route=%2Fwp%2Fv2%2Fmedia&parent=27270"}],"wp:term":[{"taxonomy":"category","embeddable":true,"href":"https:\/\/info.sadowne.pl\/index.php?rest_route=%2Fwp%2Fv2%2Fcategories&post=27270"},{"taxonomy":"post_tag","embeddable":true,"href":"https:\/\/info.sadowne.pl\/index.php?rest_route=%2Fwp%2Fv2%2Ftags&post=27270"}],"curies":[{"name":"wp","href":"https:\/\/api.w.org\/{rel}","templated":true}]}}