{"id":27304,"date":"2023-03-25T17:25:38","date_gmt":"2023-03-25T16:25:38","guid":{"rendered":"http:\/\/info.sadowne.pl\/?p=27304"},"modified":"2023-03-25T17:25:38","modified_gmt":"2023-03-25T16:25:38","slug":"sadowianki-poczatek-roku-2019","status":"publish","type":"post","link":"https:\/\/info.sadowne.pl\/?p=27304","title":{"rendered":"Sadowianki &#8211; pocz\u0105tek roku 2019"},"content":{"rendered":"<p><strong><a href=\"http:\/\/info.sadowne.pl\/wp-content\/uploads\/2023\/03\/sad725.jpg\"><img loading=\"lazy\" decoding=\"async\" class=\"alignleft size-thumbnail wp-image-27306\" src=\"http:\/\/info.sadowne.pl\/wp-content\/uploads\/2023\/03\/sad725-180x130.jpg\" alt=\"\" width=\"180\" height=\"130\" \/><\/a>Oci\u0119te, Z\u0142otki, Sadowne.<\/strong><!--more--><\/p>\n<h4 style=\"text-align: center;\"><strong>OCI\u0118TE<\/strong><\/h4>\n<h4 style=\"text-align: center;\">24 lutego 2019 roku<\/h4>\n<p><a href=\"http:\/\/info.sadowne.pl\/wp-content\/uploads\/2023\/03\/sad724.jpg\"><img loading=\"lazy\" decoding=\"async\" class=\"aligncenter size-full wp-image-27305\" src=\"http:\/\/info.sadowne.pl\/wp-content\/uploads\/2023\/03\/sad724.jpg\" alt=\"\" width=\"473\" height=\"50\" srcset=\"https:\/\/info.sadowne.pl\/wp-content\/uploads\/2023\/03\/sad724.jpg 473w, https:\/\/info.sadowne.pl\/wp-content\/uploads\/2023\/03\/sad724-300x32.jpg 300w\" sizes=\"auto, (max-width: 473px) 100vw, 473px\" \/><\/a><\/p>\n<p>Tego dnia Sadowianki zawita\u0142y w \u015bwietlicy w Oci\u0119tem, gdzie bawi\u0142y publiczno\u015b\u0107 swoimi ,,Zapustami\u201d. Zaprezentowana tradycja karnawa\u0142owa szczerze rozbawi\u0142a licznie zgromadzon\u0105 publiczno\u015b\u0107.<\/p>\n<p><a href=\"http:\/\/info.sadowne.pl\/wp-content\/uploads\/2023\/03\/sad725.jpg\"><img loading=\"lazy\" decoding=\"async\" class=\"aligncenter size-full wp-image-27306\" src=\"http:\/\/info.sadowne.pl\/wp-content\/uploads\/2023\/03\/sad725.jpg\" alt=\"\" width=\"608\" height=\"564\" srcset=\"https:\/\/info.sadowne.pl\/wp-content\/uploads\/2023\/03\/sad725.jpg 608w, https:\/\/info.sadowne.pl\/wp-content\/uploads\/2023\/03\/sad725-300x278.jpg 300w\" sizes=\"auto, (max-width: 608px) 100vw, 608px\" \/><\/a><\/p>\n<p style=\"text-align: center;\">Wej\u015bcie do sali z publiczno\u015bci\u0105.<\/p>\n<p style=\"text-align: center;\"><strong>SADOWIANKI<\/strong> przyby\u0142y do Oci\u0119tego na zaproszenie <strong>Ko\u0142a Gospody\u0144 Wiejskich w Oci\u0119tem i So\u0142ectwa Wsi Oci\u0119te.<\/strong><\/p>\n<p><a href=\"http:\/\/info.sadowne.pl\/wp-content\/uploads\/2023\/03\/sad726.jpg\"><img loading=\"lazy\" decoding=\"async\" class=\"aligncenter size-full wp-image-27307\" src=\"http:\/\/info.sadowne.pl\/wp-content\/uploads\/2023\/03\/sad726.jpg\" alt=\"\" width=\"608\" height=\"405\" srcset=\"https:\/\/info.sadowne.pl\/wp-content\/uploads\/2023\/03\/sad726.jpg 608w, https:\/\/info.sadowne.pl\/wp-content\/uploads\/2023\/03\/sad726-300x200.jpg 300w\" sizes=\"auto, (max-width: 608px) 100vw, 608px\" \/><\/a><\/p>\n<p style=\"text-align: center;\">Rozmowa Gospodyni \u2013 <strong>Marysia Szymanik<\/strong> z przyby\u0142ym Zapustem Maciejem \u2013 <strong>Zbyszek Danaj<\/strong>.<\/p>\n<p><a href=\"http:\/\/info.sadowne.pl\/wp-content\/uploads\/2023\/03\/sad727.jpg\"><img loading=\"lazy\" decoding=\"async\" class=\"aligncenter size-full wp-image-27308\" src=\"http:\/\/info.sadowne.pl\/wp-content\/uploads\/2023\/03\/sad727.jpg\" alt=\"\" width=\"608\" height=\"322\" srcset=\"https:\/\/info.sadowne.pl\/wp-content\/uploads\/2023\/03\/sad727.jpg 608w, https:\/\/info.sadowne.pl\/wp-content\/uploads\/2023\/03\/sad727-300x159.jpg 300w\" sizes=\"auto, (max-width: 608px) 100vw, 608px\" \/><\/a><\/p>\n<p style=\"text-align: center;\">Macieju, Macieju, dok\u0105d ty jedziesz?<\/p>\n<p style=\"text-align: center;\">Tak go pytaj\u0105 <strong>Bogusia<\/strong> i <strong>Krysia<\/strong> oraz zach\u0119caj\u0105, aby je z sob\u0105 wzi\u0105\u0142.<\/p>\n<p><a href=\"http:\/\/info.sadowne.pl\/wp-content\/uploads\/2023\/03\/sad728.jpg\"><img loading=\"lazy\" decoding=\"async\" class=\"aligncenter size-full wp-image-27309\" src=\"http:\/\/info.sadowne.pl\/wp-content\/uploads\/2023\/03\/sad728.jpg\" alt=\"\" width=\"608\" height=\"292\" srcset=\"https:\/\/info.sadowne.pl\/wp-content\/uploads\/2023\/03\/sad728.jpg 608w, https:\/\/info.sadowne.pl\/wp-content\/uploads\/2023\/03\/sad728-300x144.jpg 300w\" sizes=\"auto, (max-width: 608px) 100vw, 608px\" \/><\/a><\/p>\n<p style=\"text-align: center;\">M\u0142ynarz Marcin \u2013 <strong>Maciek Szymanik<\/strong> w rozmowie z babci\u0105 \u2013 <strong>Ela D\u0119bkowska.<\/strong><\/p>\n<p><strong><em>Wnuczek:<\/em><\/strong><strong><em> &#8211;<\/em><\/strong><strong> Siadaj babciu, siadaj, bo si\u0119 zm\u0119czy\u0142a\u015b tym skakaniem, a ja mam do ciebie pytanie.<\/strong><\/p>\n<p><strong><em>Babcia:<\/em><\/strong> <strong>&#8211; M\u00f3w wnuczusiu.<\/strong><\/p>\n<p><strong><em>Wnuczek: <\/em><\/strong><strong>&#8211; Babciu, dlaczego ty zawsze \u015bpisz <\/strong><strong>z podkulonymi nogami?<\/strong><\/p>\n<p><strong><em>Babcia:<\/em><\/strong> <strong>&#8211; A bo wiesz wnuczusiu, ja tak kiedy\u015b <\/strong><strong>pods\u0142ucha\u0142am, rozmow\u0119 twojego taty z mam\u0105. <\/strong><strong>On powiedzia\u0142, \u017ce jak ja nogi wyci\u0105gn\u0119, <\/strong><strong>to kupi sobie nowy samoch\u00f3d.<\/strong><\/p>\n<p><strong> <a href=\"http:\/\/info.sadowne.pl\/wp-content\/uploads\/2023\/03\/sad729.jpg\"><img loading=\"lazy\" decoding=\"async\" class=\"aligncenter size-full wp-image-27310\" src=\"http:\/\/info.sadowne.pl\/wp-content\/uploads\/2023\/03\/sad729.jpg\" alt=\"\" width=\"378\" height=\"200\" srcset=\"https:\/\/info.sadowne.pl\/wp-content\/uploads\/2023\/03\/sad729.jpg 378w, https:\/\/info.sadowne.pl\/wp-content\/uploads\/2023\/03\/sad729-300x159.jpg 300w\" sizes=\"auto, (max-width: 378px) 100vw, 378px\" \/><\/a><a href=\"http:\/\/info.sadowne.pl\/wp-content\/uploads\/2023\/03\/sad730.jpg\"><img loading=\"lazy\" decoding=\"async\" class=\"aligncenter size-full wp-image-27311\" src=\"http:\/\/info.sadowne.pl\/wp-content\/uploads\/2023\/03\/sad730.jpg\" alt=\"\" width=\"608\" height=\"312\" srcset=\"https:\/\/info.sadowne.pl\/wp-content\/uploads\/2023\/03\/sad730.jpg 608w, https:\/\/info.sadowne.pl\/wp-content\/uploads\/2023\/03\/sad730-300x154.jpg 300w\" sizes=\"auto, (max-width: 608px) 100vw, 608px\" \/><\/a>\u00a0\u00a0\u00a0\u00a0\u00a0\u00a0\u00a0\u00a0\u00a0\u00a0\u00a0\u00a0\u00a0\u00a0 <\/strong><\/p>\n<p style=\"text-align: center;\">Gospodyni \u2013 <strong>Marysia Szymanik<\/strong> i jej m\u0105\u017c gospodarz \u2013 <strong>Ala Bahniuk.<\/strong><\/p>\n<p><a href=\"http:\/\/info.sadowne.pl\/wp-content\/uploads\/2023\/03\/sad731.jpg\"><img loading=\"lazy\" decoding=\"async\" class=\"aligncenter size-full wp-image-27312\" src=\"http:\/\/info.sadowne.pl\/wp-content\/uploads\/2023\/03\/sad731.jpg\" alt=\"\" width=\"398\" height=\"695\" srcset=\"https:\/\/info.sadowne.pl\/wp-content\/uploads\/2023\/03\/sad731.jpg 398w, https:\/\/info.sadowne.pl\/wp-content\/uploads\/2023\/03\/sad731-172x300.jpg 172w\" sizes=\"auto, (max-width: 398px) 100vw, 398px\" \/><\/a><\/p>\n<p style=\"text-align: center;\">Z pszeniczk\u0105 do m\u0142yna jedzie pi\u0119kna dziewczyna \u2013 <strong>Ola Piotrowska,<\/strong><\/p>\n<p style=\"text-align: center;\">a w progu j\u0105 wita m\u0142ody i przystojny m\u0142ynarz \u2013 <strong>Maciek Szymanik.<\/strong><\/p>\n<p><strong> <a href=\"http:\/\/info.sadowne.pl\/wp-content\/uploads\/2023\/03\/sad732.jpg\"><img loading=\"lazy\" decoding=\"async\" class=\"aligncenter size-full wp-image-27313\" src=\"http:\/\/info.sadowne.pl\/wp-content\/uploads\/2023\/03\/sad732.jpg\" alt=\"\" width=\"607\" height=\"344\" srcset=\"https:\/\/info.sadowne.pl\/wp-content\/uploads\/2023\/03\/sad732.jpg 607w, https:\/\/info.sadowne.pl\/wp-content\/uploads\/2023\/03\/sad732-300x170.jpg 300w\" sizes=\"auto, (max-width: 607px) 100vw, 607px\" \/><\/a><\/strong><\/p>\n<p><strong>\u00a0<\/strong><span style=\"color: #ff0000;\"><strong><em>\u017bydek:<\/em><\/strong><\/span><span style=\"color: #0000ff;\"><strong> <em>Andrzej:<\/em> <\/strong><\/span><\/p>\n<p><strong>\u00a0\u00a0\u00a0\u00a0\u00a0\u00a0\u00a0\u00a0\u00a0\u00a0\u00a0\u00a0\u00a0\u00a0\u00a0\u00a0\u00a0\u00a0 <\/strong><strong>Witam gosposiu mi\u0142a, witam<\/strong><\/p>\n<p><strong>\u00a0\u00a0\u00a0\u00a0\u00a0\u00a0\u00a0\u00a0\u00a0\u00a0\u00a0\u00a0\u00a0\u00a0\u00a0\u00a0\u00a0\u00a0 \u00a0i o zdr\u00f3wko wasze pytam.<\/strong><\/p>\n<p><span style=\"color: #0000ff;\"><strong><em>Gospodyni: <\/em><\/strong><\/span><strong>Oj! Co to tak czosnkiem zalatuje, <\/strong><\/p>\n<p><strong>\u00a0\u00a0\u00a0\u00a0\u00a0\u00a0\u00a0\u00a0\u00a0\u00a0\u00a0\u00a0\u00a0\u00a0\u00a0\u00a0\u00a0\u00a0 czy\u017c to \u017byd w moje progi wst\u0119puje?<\/strong><\/p>\n<p><span style=\"color: #ff0000;\"><strong><em>\u017bydek:<\/em><\/strong><\/span> <span style=\"color: #0000ff;\"><strong><em>Andrzej<\/em><\/strong><strong> :<\/strong><\/span><\/p>\n<p><strong>\u00a0\u00a0\u00a0\u00a0\u00a0\u00a0\u00a0\u00a0 Tak gospodyni, jestem \u017byd, t\u0119ga g\u0142owa.<\/strong><\/p>\n<p><strong>\u00a0\u00a0\u00a0\u00a0\u00a0\u00a0\u00a0\u00a0 Ka\u017cdy wasz geszeft przy moim si\u0119 schowa!<\/strong><\/p>\n<p><strong>\u00a0\u00a0\u00a0\u00a0\u00a0\u00a0\u00a0\u00a0 Jestem m\u0105dry!<\/strong><\/p>\n<p><strong>\u00a0\u00a0\u00a0\u00a0\u00a0\u00a0\u00a0\u00a0 Niech tu na mnie nikt nie gada.<\/strong><\/p>\n<p><strong>\u00a0\u00a0\u00a0\u00a0\u00a0\u00a0\u00a0\u00a0 Czy nie wiecie, \u017ce to w Unii, w bankach <\/strong><\/p>\n<p><strong>\u00a0\u00a0\u00a0\u00a0\u00a0\u00a0\u00a0\u00a0 i w rz\u0105dzie najwi\u0119cej \u017byd\u00f3w zasiada?<\/strong><\/p>\n<p><span style=\"color: #0000ff;\"><strong><em>Gospodyni:\/kiwa przytakuj\u0105co g\u0142ow\u0105\/<\/em><\/strong><\/span><\/p>\n<p><strong><em>\u00a0\u00a0\u00a0\u00a0\u00a0\u00a0\u00a0\u00a0 <\/em><\/strong><strong>\u00a0&#8211; Polityka, polityka, a tam \u017byd\u00f3w nikt nie tyka.<\/strong><\/p>\n<p><strong>\u00a0\u00a0 \u00a0\u00a0\u00a0\u00a0\u00a0\u00a0 Lepiej patrzmy uwa\u017cnie, jak Europ\u0119 islam zalewa,<\/strong><\/p>\n<p><strong>\u00a0\u00a0\u00a0\u00a0\u00a0\u00a0\u00a0\u00a0 \u017beby\u015bmy nie musieli chowa\u0107 si\u0119, bodaj\u017ce na drzewa.<\/strong><\/p>\n<p><span style=\"color: #ff0000;\"><strong><em>\u015apiew <\/em><\/strong><strong>C-dur <\/strong><\/span><strong><em><span style=\"color: #ff0000;\">&#8211;<\/span> <\/em><\/strong><strong>\u00a0<\/strong><\/p>\n<p><strong>\u00a0\u00a0\u00a0\u00a0\u00a0\u00a0\u00a0\u00a0\u00a0\u00a0\u00a0\u00a0\u00a0\u00a0\u00a0 Aj, waj dana, dana, <\/strong><\/p>\n<p><strong>\u00a0\u00a0\u00a0\u00a0\u00a0\u00a0\u00a0\u00a0\u00a0\u00a0\u00a0\u00a0\u00a0\u00a0\u00a0 ta\u0144czy\u0107 b\u0119dzie \u017byd do rana,<\/strong><\/p>\n<p><strong>\u00a0\u00a0\u00a0\u00a0\u00a0\u00a0\u00a0\u00a0\u00a0\u00a0\u00a0\u00a0\u00a0\u00a0\u00a0 Aj, waj dana, dana, <\/strong><\/p>\n<p><strong>\u00a0\u00a0\u00a0\u00a0\u00a0\u00a0\u00a0\u00a0\u00a0\u00a0\u00a0\u00a0\u00a0\u00a0\u00a0 ta\u0144czy\u0107 b\u0119dzie, Hej!\u00a0\u00a0 &#8211;\u00a0 <span style=\"color: #0000ff;\">2x<\/span><\/strong><\/p>\n<p><a href=\"http:\/\/info.sadowne.pl\/wp-content\/uploads\/2023\/03\/sad733.jpg\"><img loading=\"lazy\" decoding=\"async\" class=\"aligncenter size-full wp-image-27314\" src=\"http:\/\/info.sadowne.pl\/wp-content\/uploads\/2023\/03\/sad733.jpg\" alt=\"\" width=\"602\" height=\"480\" srcset=\"https:\/\/info.sadowne.pl\/wp-content\/uploads\/2023\/03\/sad733.jpg 602w, https:\/\/info.sadowne.pl\/wp-content\/uploads\/2023\/03\/sad733-300x239.jpg 300w\" sizes=\"auto, (max-width: 602px) 100vw, 602px\" \/><\/a><\/p>\n<p style=\"text-align: center;\"><strong>Cyganki <\/strong>te\u017c chodz\u0105 po zapustach i czekaj\u0105 na jaki\u015b lepszy k\u0105sek jad\u0142a, na <strong>\u015bpyrk\u0119 z w\u0119dzennika<\/strong>. Cyganki \u2013 <strong>Bogusia Danaj, Basia Spaltabaka, Basia Wr\u00f3bel.<\/strong><\/p>\n<p><a href=\"http:\/\/info.sadowne.pl\/wp-content\/uploads\/2023\/03\/sad734.jpg\"><img loading=\"lazy\" decoding=\"async\" class=\"aligncenter size-full wp-image-27315\" src=\"http:\/\/info.sadowne.pl\/wp-content\/uploads\/2023\/03\/sad734.jpg\" alt=\"\" width=\"606\" height=\"528\" srcset=\"https:\/\/info.sadowne.pl\/wp-content\/uploads\/2023\/03\/sad734.jpg 606w, https:\/\/info.sadowne.pl\/wp-content\/uploads\/2023\/03\/sad734-300x261.jpg 300w\" sizes=\"auto, (max-width: 606px) 100vw, 606px\" \/><\/a><\/p>\n<p style=\"text-align: center;\">Cyganki id\u0105 wr\u00f3\u017cy\u0107 zebranym, mo\u017ce wpadnie jaki\u015b grosik.<\/p>\n<p><a href=\"http:\/\/info.sadowne.pl\/wp-content\/uploads\/2023\/03\/sad735.jpg\"><img loading=\"lazy\" decoding=\"async\" class=\"aligncenter size-full wp-image-27316\" src=\"http:\/\/info.sadowne.pl\/wp-content\/uploads\/2023\/03\/sad735.jpg\" alt=\"\" width=\"607\" height=\"516\" srcset=\"https:\/\/info.sadowne.pl\/wp-content\/uploads\/2023\/03\/sad735.jpg 607w, https:\/\/info.sadowne.pl\/wp-content\/uploads\/2023\/03\/sad735-300x255.jpg 300w\" sizes=\"auto, (max-width: 607px) 100vw, 607px\" \/><\/a><\/p>\n<p style=\"text-align: center;\">Cyganka karty rozk\u0142ada i jakie\u015b tam bajki opowiada<strong> \u2013 Bogusia Danaj.<\/strong><\/p>\n<p><strong> <a href=\"http:\/\/info.sadowne.pl\/wp-content\/uploads\/2023\/03\/sad736.jpg\"><img loading=\"lazy\" decoding=\"async\" class=\"aligncenter size-full wp-image-27317\" src=\"http:\/\/info.sadowne.pl\/wp-content\/uploads\/2023\/03\/sad736.jpg\" alt=\"\" width=\"600\" height=\"426\" srcset=\"https:\/\/info.sadowne.pl\/wp-content\/uploads\/2023\/03\/sad736.jpg 600w, https:\/\/info.sadowne.pl\/wp-content\/uploads\/2023\/03\/sad736-300x213.jpg 300w\" sizes=\"auto, (max-width: 600px) 100vw, 600px\" \/><\/a><\/strong><\/p>\n<p style=\"text-align: center;\"><strong>\u00a0<\/strong>Zapust Maciej w ca\u0142ej okaza\u0142o\u015bci i nasza Kozucha<strong> \u2013 Zbyszek Danaj <\/strong>i<strong> Jadzia Borowa.<\/strong><\/p>\n<p><strong> <a href=\"http:\/\/info.sadowne.pl\/wp-content\/uploads\/2023\/03\/sad737.jpg\"><img loading=\"lazy\" decoding=\"async\" class=\"aligncenter size-full wp-image-27318\" src=\"http:\/\/info.sadowne.pl\/wp-content\/uploads\/2023\/03\/sad737.jpg\" alt=\"\" width=\"602\" height=\"293\" srcset=\"https:\/\/info.sadowne.pl\/wp-content\/uploads\/2023\/03\/sad737.jpg 602w, https:\/\/info.sadowne.pl\/wp-content\/uploads\/2023\/03\/sad737-300x146.jpg 300w\" sizes=\"auto, (max-width: 602px) 100vw, 602px\" \/><\/a><\/strong><\/p>\n<p style=\"text-align: center;\">&#8211; <strong>Ju\u017c koniec, piosenk\u0105 \u017cegnamy si\u0119 z wami,<\/strong><\/p>\n<p style=\"text-align: center;\"><strong>Dostali go\u015bci\u0144ca Zapusty \u2013 Herody,<\/strong><\/p>\n<p style=\"text-align: center;\"><strong>A<\/strong> <strong>mo\u017ce teraz p\u00f3jdziemy do innej zagrody!<\/strong><\/p>\n<p><strong>O nie! Stop! Koniec ta\u0144c\u00f3w i hulanek,<\/strong><\/p>\n<p><strong>Bo za chwil\u0119 postu ranek, nie p\u00f3jdziemy wi\u0119cej na bale,<\/strong><\/p>\n<p><strong>Chyba, \u017ce w drugim karnawale.<\/strong><\/p>\n<p><strong>Przebiera\u0144cy sta\u0144cie ko\u0142em, posypi\u0119 wam g\u0142owy popio\u0142em.<\/strong><\/p>\n<p><strong> <a href=\"http:\/\/info.sadowne.pl\/wp-content\/uploads\/2023\/03\/sad738.jpg\"><img loading=\"lazy\" decoding=\"async\" class=\"aligncenter size-full wp-image-27319\" src=\"http:\/\/info.sadowne.pl\/wp-content\/uploads\/2023\/03\/sad738.jpg\" alt=\"\" width=\"603\" height=\"334\" srcset=\"https:\/\/info.sadowne.pl\/wp-content\/uploads\/2023\/03\/sad738.jpg 603w, https:\/\/info.sadowne.pl\/wp-content\/uploads\/2023\/03\/sad738-300x166.jpg 300w\" sizes=\"auto, (max-width: 603px) 100vw, 603px\" \/><\/a><\/strong><\/p>\n<p style=\"text-align: center;\"><strong>Podzi\u0119kowanie dla zespo\u0142u na r\u0119ce kierownik zespo\u0142u Krysi Wetoszka sk\u0142adaj\u0105 pa\u0144stwo Olkowscy.<\/strong><\/p>\n<p>Weso\u0142a inscenizacja wywo\u0142a\u0142a \u015bmiech i rado\u015b\u0107 widz\u00f3w, kt\u00f3rzy nagrodzili wyst\u0119p g\u0142o\u015bnymi i d\u0142ugimi brawami. A po wyst\u0119pie nasta\u0142o wsp\u00f3lne, zapustowe biesiadowanie, do kt\u00f3rego zaprosili gospodarze spotkania.<strong>\u00a0<\/strong><\/p>\n<h4 style=\"text-align: center;\"><strong>Z\u0141OTKI <\/strong><\/h4>\n<h4 style=\"text-align: center;\"><strong>3 marca 2019 roku<\/strong><strong>\u00a0<\/strong><\/h4>\n<p style=\"text-align: center;\"><a href=\"http:\/\/wiadomosci.gazeta.pl\/wiadomosci\/0,114916.html?tag=dzien+kobiet\"><strong><em>Dzie<\/em><\/strong><em><strong>\u0144<\/strong><strong> Kobiet<\/strong><\/em><\/a><\/p>\n<p style=\"text-align: center;\"><em><strong>to coroczne \u015bwi\u0119to, kt\u00f3re w polskim kalendarzu ma swoj\u0105 sta\u0142\u0105 dat\u0119. Obchodzone jest jednak nie tylko w kraju nad Wis\u0142\u0105, ale tak\u017ce m.in. w Albanii, na Bia\u0142orusi, w Brazylii, Bu\u0142garii, Chinach, Kubie, Rumunii, Rosji, Serbii, na Ukrainie, w Wietnamie, W\u0142oszech, a nawet w Zambii.<\/strong><\/em><\/p>\n<p style=\"text-align: center;\"><em><strong>Kiedy obchodzimy to \u015bwi\u0119to?<\/strong><\/em><\/p>\n<p style=\"text-align: center;\"><em><strong>Pocz\u0105tki Mi\u0119dzynarodowego Dnia Kobiet wywodz\u0105 si\u0119 z ruch\u00f3w robotniczych w Ameryce P\u00f3\u0142nocnej i Europie i si\u0119gaj\u0105 pocz\u0105tk\u00f3w XX wieku.<\/strong><\/em><\/p>\n<p style=\"text-align: center;\"><em><strong>Dzie\u0144 Kobiet mia\u0142 by\u0107 dniem upami\u0119tniaj\u0105cym walk\u0119 o prawa kobiet, w tym\u00a0prawa do g\u0142osowania i obejmowania stanowisk publicznych.<\/strong><\/em><\/p>\n<p style=\"text-align: center;\"><em><strong>Przyjmuje si\u0119, \u017ce \u015bwi\u0119to to wypada w rocznic\u0119 masowego marszu 15 tys. pracownic zak\u0142ad\u00f3w odzie\u017cowych w Nowym Jorku, kt\u00f3ry odby\u0142 si\u0119 8 marca 1909 roku.<\/strong><\/em><\/p>\n<p style=\"text-align: center;\"><em><strong>Oznacza to, \u017ce swoim mamom, siostrom, przyjaci\u00f3\u0142kom i \u017conom wr\u0119czamy kwiaty w\u0142a\u015bnie 8 marca.<\/strong><\/em><\/p>\n<p style=\"text-align: center;\"><strong>Z\u0141OTKI \u2013niedziela 3 marca 2019 \u2013godz. 16<sup>00<\/sup><\/strong><\/p>\n<p><strong>\u00a0<\/strong><\/p>\n<ol>\n<li><strong>Przywitanie <span style=\"color: #0000ff;\">D<\/span>\u00a0 <em>\u00a0<span style=\"color: #ff0000;\">\/Mel. ,,Szumia\u0142a leszczyna\u201d\/<\/span><\/em><\/strong><\/li>\n<li><strong>Na zielonym polu <span style=\"color: #0000ff;\">B<\/span><\/strong><\/li>\n<li><strong>\u015awieci ksi\u0119\u017cyc na b\u0142\u0119kicie <span style=\"color: #0000ff;\">F<\/span><\/strong><\/li>\n<li><strong>U jeziora zimna woda <span style=\"color: #0000ff;\">D<\/span><\/strong><\/li>\n<li><strong>Moja mi\u0142a kochaneczko <span style=\"color: #0000ff;\">C<\/span><\/strong><\/li>\n<li><span style=\"color: #ff0000;\"><strong><em>Skecz o te\u015bciowej<\/em><\/strong><\/span><\/li>\n<li><strong>Ach, jak dobrze by\u0142o <span style=\"color: #0000ff;\">G<\/span><\/strong><\/li>\n<li><strong>Oj, zagraj mi muzyko <em><span style=\"color: #ff0000;\">przygr.<\/span>\u00a0<\/em> <span style=\"color: #0000ff;\">G<\/span>,\u00a0 <em><span style=\"color: #ff0000;\">\u015bpiew<\/span>\u00a0 <\/em><span style=\"color: #0000ff;\">D <\/span><\/strong><\/li>\n<li><strong>Kukuryku <span style=\"color: #0000ff;\">A<\/span><\/strong><\/li>\n<li><span style=\"color: #ff0000;\"><strong><em>Skecz ,,Bezsenno\u015b\u0107\u201d<\/em><\/strong><\/span><\/li>\n<li><strong>Nie chcia\u0142a mu da\u0107 <span style=\"color: #0000ff;\">d-moll <\/span><\/strong><\/li>\n<li><strong>Zagrajcie mi skrzypce <span style=\"color: #ff0000;\"><em>przygr.<\/em><\/span> <span style=\"color: #0000ff;\">g-moll<\/span>,\u00a0 <span style=\"color: #ff0000;\"><em>\u015bpiew <\/em><\/span><span style=\"color: #0000ff;\">d-moll<\/span><\/strong><\/li>\n<li><strong>Trzymajmy si\u0119 za r\u0119ce <span style=\"color: #0000ff;\">C<\/span><\/strong><\/li>\n<\/ol>\n<p>Takim programem <strong>SADOWIANKI<\/strong> zabawia\u0142y grono kobiet w Z\u0142otkach. A by\u0142o bardzo weso\u0142o, poniewa\u017c na spotkanie przyby\u0142 r\u00f3wnie\u017c s\u0142ynny <span style=\"color: #ff0000;\"><strong>Andelek <\/strong><\/span>z programu telewizyjnego \u2013,, <strong>Ch\u0142opaki do wzi\u0119cia<\/strong><strong>\u201d<\/strong><strong>.<\/strong><\/p>\n<p><a href=\"http:\/\/info.sadowne.pl\/wp-content\/uploads\/2023\/03\/sad739.jpg\"><img loading=\"lazy\" decoding=\"async\" class=\"aligncenter size-full wp-image-27320\" src=\"http:\/\/info.sadowne.pl\/wp-content\/uploads\/2023\/03\/sad739.jpg\" alt=\"\" width=\"111\" height=\"76\" \/><\/a><\/p>\n<h4 style=\"text-align: center;\"><strong>SADOWNE \u00a0<\/strong><\/h4>\n<h4 style=\"text-align: center;\"><strong>3 maja 2019 roku<\/strong><\/h4>\n<p><strong> <a href=\"http:\/\/info.sadowne.pl\/wp-content\/uploads\/2023\/03\/sad740.jpg\"><img loading=\"lazy\" decoding=\"async\" class=\"aligncenter size-full wp-image-27321\" src=\"http:\/\/info.sadowne.pl\/wp-content\/uploads\/2023\/03\/sad740.jpg\" alt=\"\" width=\"598\" height=\"846\" srcset=\"https:\/\/info.sadowne.pl\/wp-content\/uploads\/2023\/03\/sad740.jpg 598w, https:\/\/info.sadowne.pl\/wp-content\/uploads\/2023\/03\/sad740-212x300.jpg 212w\" sizes=\"auto, (max-width: 598px) 100vw, 598px\" \/><\/a><\/strong><\/p>\n<p><strong>\u00a0<\/strong><\/p>\n<p style=\"text-align: center;\"><strong>Dwie okazje do \u015bwi\u0119towania.<\/strong><\/p>\n<p style=\"text-align: center;\">\n3 maja w Sadownem obchodzili\u015bmy 228. rocznic\u0119 uchwalenia Konstytucji 3 maja po\u0142\u0105czon\u0105 z obchodami Gminnego Dnia Stra\u017caka. Uroczysto\u015bci rozpocz\u0119\u0142a Msza \u015awi\u0119ta w intencji Ojczyzny i wszystkich stra\u017cak\u00f3w Ochotniczych Stra\u017cy Po\u017carnych, a po niej nast\u0105pi\u0142 przemarsz z ko\u015bcio\u0142a pod Kamie\u0144 Pami\u0119ci Mieszka\u0144c\u00f3w Sadownego, od\u015bpiewanie hymnu pa\u0144stwowego, wci\u0105gni\u0119cie flagi na maszt i z\u0142o\u017cenie kwiat\u00f3w.<\/p>\n<p><strong> <a href=\"http:\/\/info.sadowne.pl\/wp-content\/uploads\/2023\/03\/sad741.jpg\"><img loading=\"lazy\" decoding=\"async\" class=\"aligncenter size-full wp-image-27322\" src=\"http:\/\/info.sadowne.pl\/wp-content\/uploads\/2023\/03\/sad741.jpg\" alt=\"\" width=\"602\" height=\"401\" srcset=\"https:\/\/info.sadowne.pl\/wp-content\/uploads\/2023\/03\/sad741.jpg 602w, https:\/\/info.sadowne.pl\/wp-content\/uploads\/2023\/03\/sad741-300x200.jpg 300w\" sizes=\"auto, (max-width: 602px) 100vw, 602px\" \/><\/a><\/strong><\/p>\n<p style=\"text-align: center;\">Poczty sztandarowe.<\/p>\n<p><a href=\"http:\/\/info.sadowne.pl\/wp-content\/uploads\/2023\/03\/sad742.jpg\"><img loading=\"lazy\" decoding=\"async\" class=\"aligncenter size-full wp-image-27323\" src=\"http:\/\/info.sadowne.pl\/wp-content\/uploads\/2023\/03\/sad742.jpg\" alt=\"\" width=\"606\" height=\"301\" srcset=\"https:\/\/info.sadowne.pl\/wp-content\/uploads\/2023\/03\/sad742.jpg 606w, https:\/\/info.sadowne.pl\/wp-content\/uploads\/2023\/03\/sad742-300x149.jpg 300w\" sizes=\"auto, (max-width: 606px) 100vw, 606px\" \/><\/a><\/p>\n<p>Przypominaj\u0105c, i\u017c uchwalona w 1791 r. konstytucja by\u0142a pierwszym w Europie i drugim na \u015bwiecie tego rodzaju<\/p>\n<p>nowoczesnym, spisanym dokumentem, do obecnych na uroczysto\u015bci mieszka\u0144c\u00f3w zwr\u00f3cili si\u0119 w kilku s\u0142owach:<\/p>\n<p style=\"text-align: center;\">W\u00f3jt Gminy Sadowne <strong>p. Waldemar Cyran<\/strong><\/p>\n<p style=\"text-align: center;\">oraz<\/p>\n<p style=\"text-align: center;\"><strong>p. El\u017cbieta Lanc<\/strong> \u2013 Cz\u0142onek Zarz\u0105du Wojew\u00f3dztwa Mazowieckiego.<\/p>\n<p><a href=\"http:\/\/info.sadowne.pl\/wp-content\/uploads\/2023\/03\/sad743.jpg\"><img loading=\"lazy\" decoding=\"async\" class=\"aligncenter size-full wp-image-27324\" src=\"http:\/\/info.sadowne.pl\/wp-content\/uploads\/2023\/03\/sad743.jpg\" alt=\"\" width=\"603\" height=\"264\" srcset=\"https:\/\/info.sadowne.pl\/wp-content\/uploads\/2023\/03\/sad743.jpg 603w, https:\/\/info.sadowne.pl\/wp-content\/uploads\/2023\/03\/sad743-300x131.jpg 300w\" sizes=\"auto, (max-width: 603px) 100vw, 603px\" \/><\/a><\/p>\n<p style=\"text-align: center;\"><strong>Delegacja Zespo\u0142u \u015apiewaczego SADOWIANKI w osobach: Marysia Szymanik, Jadzia Borowa i Henia Kibart z\u0142o\u017cy\u0142a <\/strong><strong>wi\u0105zank\u0119 przy Kamieniu Pami\u0119ci Mieszka\u0144c\u00f3w Sadownego.<\/strong><\/p>\n<p><strong> <a href=\"http:\/\/info.sadowne.pl\/wp-content\/uploads\/2023\/03\/sad744.jpg\"><img loading=\"lazy\" decoding=\"async\" class=\"aligncenter size-full wp-image-27325\" src=\"http:\/\/info.sadowne.pl\/wp-content\/uploads\/2023\/03\/sad744.jpg\" alt=\"\" width=\"607\" height=\"384\" srcset=\"https:\/\/info.sadowne.pl\/wp-content\/uploads\/2023\/03\/sad744.jpg 607w, https:\/\/info.sadowne.pl\/wp-content\/uploads\/2023\/03\/sad744-300x190.jpg 300w\" sizes=\"auto, (max-width: 607px) 100vw, 607px\" \/><\/a><\/strong><\/p>\n<p>Dalsze obchody uroczysto\u015bci przenios\u0142y si\u0119 na plac przy Urz\u0119dzie Gminy, gdzie zgromadzi\u0142y si\u0119 wszystkie jednostki OSP z terenu Gminy Sadowne. Na tle samochod\u00f3w stra\u017cackich stan\u0119\u0142y poczty sztandarowe oraz druhowie ochotnicy, w tym tak\u017ce M\u0142odzie\u017cowe Dru\u017cyny Po\u017carnicze. By\u0142a to te\u017c okazja do przekazania jednostkom OSP sprz\u0119tu ratowniczo-ga\u015bniczego, kt\u00f3ry zosta\u0142 ufundowany przez Urz\u0105d Marsza\u0142kowski Wojew\u00f3dztwa Mazowieckiego.<strong>\u00a0<\/strong><\/p>\n<p><strong>\u0179r\u00f3d\u0142o:<\/strong> SADOWIANKI, Barbara Wr\u00f3bel, Sadowne 2023<\/p>\n","protected":false},"excerpt":{"rendered":"<p>Oci\u0119te, Z\u0142otki, Sadowne.<\/p>\n","protected":false},"author":1,"featured_media":0,"comment_status":"closed","ping_status":"closed","sticky":false,"template":"","format":"standard","meta":{"footnotes":""},"categories":[5,31,1202],"tags":[3943,1218,101,960],"class_list":["post-27304","post","type-post","status-publish","format-standard","hentry","category-newsy","category-historia-gminy","category-zespol-spiewaczy-sadowianki","tag-50-lat-zespolu-spiewaczego-sadowianki","tag-barbara-wrobel","tag-historia-gminy-sadowne","tag-zespol-spiewaczy-sadowianki"],"views":1882,"_links":{"self":[{"href":"https:\/\/info.sadowne.pl\/index.php?rest_route=\/wp\/v2\/posts\/27304","targetHints":{"allow":["GET"]}}],"collection":[{"href":"https:\/\/info.sadowne.pl\/index.php?rest_route=\/wp\/v2\/posts"}],"about":[{"href":"https:\/\/info.sadowne.pl\/index.php?rest_route=\/wp\/v2\/types\/post"}],"author":[{"embeddable":true,"href":"https:\/\/info.sadowne.pl\/index.php?rest_route=\/wp\/v2\/users\/1"}],"replies":[{"embeddable":true,"href":"https:\/\/info.sadowne.pl\/index.php?rest_route=%2Fwp%2Fv2%2Fcomments&post=27304"}],"version-history":[{"count":2,"href":"https:\/\/info.sadowne.pl\/index.php?rest_route=\/wp\/v2\/posts\/27304\/revisions"}],"predecessor-version":[{"id":27327,"href":"https:\/\/info.sadowne.pl\/index.php?rest_route=\/wp\/v2\/posts\/27304\/revisions\/27327"}],"wp:attachment":[{"href":"https:\/\/info.sadowne.pl\/index.php?rest_route=%2Fwp%2Fv2%2Fmedia&parent=27304"}],"wp:term":[{"taxonomy":"category","embeddable":true,"href":"https:\/\/info.sadowne.pl\/index.php?rest_route=%2Fwp%2Fv2%2Fcategories&post=27304"},{"taxonomy":"post_tag","embeddable":true,"href":"https:\/\/info.sadowne.pl\/index.php?rest_route=%2Fwp%2Fv2%2Ftags&post=27304"}],"curies":[{"name":"wp","href":"https:\/\/api.w.org\/{rel}","templated":true}]}}