{"id":27334,"date":"2023-03-27T13:49:43","date_gmt":"2023-03-27T11:49:43","guid":{"rendered":"http:\/\/info.sadowne.pl\/?p=27334"},"modified":"2023-03-27T13:49:43","modified_gmt":"2023-03-27T11:49:43","slug":"kronika-strazacka-20-26-marca-2023","status":"publish","type":"post","link":"https:\/\/info.sadowne.pl\/?p=27334","title":{"rendered":"Kronika stra\u017cacka 20 \u2013 26 marca 2023"},"content":{"rendered":"<p><strong><a href=\"http:\/\/info.sadowne.pl\/wp-content\/uploads\/2013\/07\/straz3.jpg\"><img loading=\"lazy\" decoding=\"async\" class=\"alignleft size-thumbnail wp-image-2625\" src=\"http:\/\/info.sadowne.pl\/wp-content\/uploads\/2013\/07\/straz3-180x130.jpg\" alt=\"\" width=\"180\" height=\"130\" \/><\/a>W<\/strong><strong> okresie<\/strong><strong> 20 26.03.2023 na<\/strong><strong> terenie<\/strong><strong> powiatu<\/strong><strong> w\u0119growskiego<\/strong><strong> zanotowano: <\/strong><strong>7 zdarze\u0144,<\/strong><strong> przy<\/strong><strong> kt\u00f3rych<\/strong><strong> interweniowa\u0142y<\/strong><strong> jednostki<\/strong><strong> ochrony<\/strong><strong> przeciwpo\u017carowej, w tym:<\/strong><strong> 2 po\u017cary,\u00a0 5 miejscowe zagro\u017cenia.<\/strong><!--more--><\/p>\n<p><strong>20.03.2023 \u2013 Brzuza, gm. \u0141och\u00f3w \u2013 samoch\u00f3d osobowy uderzy\u0142 w drzewo<\/strong><strong>.<\/strong><\/p>\n<p>Po przybyciu na miejsce zdarzenia zast\u0119pu OSP \u0141och\u00f3w, stra\u017cacy stwierdzili, \u017ce samoch\u00f3d osobowy znajduje si\u0119 w rowie i uderzy\u0142 w drzewo. Dwiema osobami poszkodowanymi na miejscu zdarzenia zajmuje si\u0119 ZRM. Poszkodowane 2 osoby, w tym 4 letnie dziecko. Dzia\u0142ania stra\u017cak\u00f3w polega\u0142y na zabezpieczeniu miejsca zdarzenia, od\u0142\u0105czeniu akumulator\u00f3w w pojazdach. Miejsce zdarzenia przekazano Policji. Na tym dzia\u0142ania zako\u0144czono i zast\u0119p powr\u00f3ci\u0142 do koszar.<\/p>\n<p>W DZIA\u0141ANIACH RATOWNICZYCH UDZIA\u0141 BRA\u0141O: 3 zast\u0119py, 12 ratownik\u00f3w.<\/p>\n<p><strong>20.03.2023 \u2013 Korytnica, ul. Sp\u00f3\u0142dzielcza \u2013 po\u017car trawy.<\/strong><\/p>\n<p>Po\u017car krzew\u00f3w na posesji blisko zabudowania. Do zdarzenia zosta\u0142 zadysponowany zast\u0119p OSP Korytnica i zast\u0119p JRG W\u0119gr\u00f3w. Po przyje\u017adzie na miejsce zdarzenia zast\u0119pu OSP Korytnica, KDR stwierdzi\u0142, \u017ce pali si\u0119 15 ar\u00f3w trawy przy posesji. Dzia\u0142ania zast\u0119pu polega\u0142y na zabezpieczeniu miejsca zdarzenia i podaniu jednego pr\u0105du wody na po\u017car. Prowadzone dzia\u0142ania doprowadzi\u0142y do lokalizacji po\u017caru, a w efekcie jego ugaszenie. Na tym dzia\u0142ania zako\u0144czono.<\/p>\n<p>W DZIA\u0141ANIACH RATOWNICZYCH UDZIA\u0141 BRA\u0141O: 2 zast\u0119py, 9 ratownik\u00f3w.<\/p>\n<p><strong>20.03.2023 \u2013 W\u0119gr\u00f3w, ul. J.I. Kraszewskiego \u2013 po\u017car kot\u0142owni.<\/strong><\/p>\n<p>Do zdarzenia zosta\u0142y zadysponowane trzy zast\u0119py JRG W\u0119gr\u00f3w, zast\u0119p OSP W\u0119gr\u00f3w, zast\u0119p OSP Liw. Po przyje\u017adzie na miejsce zdarzenia zast\u0119pu JRG W\u0119gr\u00f3w, stra\u017cacy stwierdzili, \u017ce po\u017carem obj\u0119te by\u0142o jedno pomieszczenie (kot\u0142ownia w podpiwniczeniu), budynek zadymiony. Jedna z os\u00f3b przebywa\u0142a na balkonie, na pi\u0119trze. Dzia\u0142ania zast\u0119p\u00f3w polega\u0142y na zabezpieczeniu miejsca zdarzenia, od\u0142\u0105czenia medi\u00f3w, podaniu jednego pr\u0105du ga\u015bniczego na po\u017car przez okno oraz wentylacji. Jedna rota w aparatach ochrony dr\u00f3g oddechowych przeszukiwa\u0142a pomieszczenia na pi\u0119trze, gdzie odnalaz\u0142a trzy osoby na najwy\u017cszej kondygnacji budynku, sk\u0105d zosta\u0142y ewakuowane na zewn\u0105trz. Druga rota\u00a0 ewakuowa\u0142a osob\u0119 z balkonu. Wszystkie osoby ewakuowane by\u0142y przytomne i opu\u015bci\u0142y budynek o w\u0142asnych si\u0142ach. Dw\u00f3m osobom udzielono tlenoterapii. Na miejsce zdarzenia przyby\u0142 ZRM, kt\u00f3remu przekazano osoby poszkodowane. \u017badna z ewakuowanych os\u00f3b nie mia\u0142a wskaza\u0144 do hospitalizacji. Dzia\u0142ania zast\u0119p\u00f3w doprowadzi\u0142y do lokalizacji, a w efekcie do ugaszenia po\u017caru. Po przewietrzeniu budynku i sprawdzeniu go na obecno\u015b\u0107 tlenku w\u0119gla miernikiem wielogazowym.<\/p>\n<p>W DZIA\u0141ANIACH RATOWNICZYCH UDZIA\u0141 BRA\u0141O: 5 zast\u0119py, 22 ratownik\u00f3w.<\/p>\n<p><strong>21.03.2023 \u2013 Sadole\u015b, gm. Sadowne \u2013 <\/strong><strong>zderzenia dw\u00f3ch samochod\u00f3w<\/strong><strong>.<\/strong><\/p>\n<p>SKKP otrzyma\u0142o formatk\u0119 CPR o tre\u015bci: &#8222;G\u0141\u00d3WNE SKRZY\u017bOWANIE W KIERUNKU MI\u0143SKA WYPADEK, 2 SAMOCHODY OSOBOWE, JEDNA OSOBA POSZKODOWANA, PRZYTOMNA, ZAKLESZCZONA&#8221;. SKKP Zadysponowa\u0142o OSP KSRG Sadowne, Zast\u0119p z JRG PSP W\u0119gr\u00f3w oraz z uwagi na du\u017c\u0105 odleg\u0142o\u015b\u0107 (38km) i wsp\u00f3lny rejon chroniony Zast\u0119p JRG PSP Ostr\u00f3w. Na miejsce zdarzenia przyby\u0142 jako pierwszy zast\u0119p OSP Sadowne. \u00a0W wyniku rozpoznania stra\u017cacy stwierdzili, \u017ce na skrzy\u017cowaniu DK 50 i drogi lokalnej dosz\u0142o do zderzenia dw\u00f3ch samochod\u00f3w osobowych. Zderzenie boczne. Pojazdami podr\u00f3\u017cowa\u0142o \u0142\u0105cznie 4 osoby, a dwie z nich odnios\u0142y obra\u017cenia cia\u0142a. Jedna z poszkodowanych \u2013 kobieta, nieprzytomna, lat 50, znajdowa\u0142a si\u0119 w rozbitym poje\u017adzie, a drugi m\u0119\u017cczyzna opu\u015bci\u0142 pojazd o w\u0142asnych si\u0142ach. Zast\u0119p OSP zabezpieczy\u0142 miejsce zdarzenia, zablokowano ruch drogowy, o\u015bwietlono teren i przyst\u0105piono do realizacji kwalifikowanej pierwszej pomocy osobom poszkodowanym. R\u00f3wnocze\u015bnie wykonano dost\u0119p do osoby poszkodowanej przy pomocy narz\u0119dzi hydraulicznych. Przyby\u0142y na miejsce zast\u0119p PSP Ostr\u00f3w Maz. wspar\u0142 prowadzone ju\u017c dzia\u0142ania. Poszkodowana zosta\u0142a przekazana ZRM, kt\u00f3ry podj\u0105\u0142 decyzj\u0119 o zadysponowaniu na miejsce zdarzenia \u015bmig\u0142owca LPR. Stra\u017cacy wyznaczyli l\u0105dowisko na pobliskiej \u0142\u0105ce, ok. 50 m od miejsca zdarzenia. Poszkodowana zosta\u0142a przetransportowana do \u015bmig\u0142owca, a nast\u0119pnie zabrana do specjalistycznej plac\u00f3wki medycznej. Druga osoba poszkodowana zosta\u0142a przekazana ZRM i przewieziona do szpitala. Dalsze dzia\u0142ania zast\u0119p\u00f3w polega\u0142y na od\u0142\u0105czeniu akumulator\u00f3w pojazdach. Policja wyznaczy\u0142a objazd drogami lokalnymi. Na miejscu pozosta\u0142 zast\u0119p OSP Sadowne w celu pomocy Policji w czynno\u015bciach dochodzeniowo \u015bledczych &#8211; o\u015bwietlenie miejsca zdarzenia oraz zebranie niewielkiej ilo\u015bci rozlanych p\u0142yn\u00f3w eksploatacyjnych. Na miejsce przyby\u0142 patrol GDDKiA, kt\u00f3ry wspom\u00f3g\u0142 zabezpieczenie miejsca zdarzenia oraz uporz\u0105dkowa\u0142 drog\u0119 z pozosta\u0142o\u015bci powypadkowych. Na tym dzia\u0142ania zako\u0144czono.<\/p>\n<p>W DZIA\u0141ANIACH RATOWNICZYCH UDZIA\u0141 BRA\u0141O: 3 zast\u0119py, 15 ratownik\u00f3w.<\/p>\n<p><strong>KP PSP W\u0119gr\u00f3w<\/strong><\/p>\n<p>&nbsp;<\/p>\n","protected":false},"excerpt":{"rendered":"<p>W okresie 20 26.03.2023 na terenie powiatu w\u0119growskiego zanotowano: 7 zdarze\u0144, przy kt\u00f3rych interweniowa\u0142y jednostki ochrony przeciwpo\u017carowej, w tym: 2 po\u017cary,\u00a0 5 miejscowe zagro\u017cenia.<\/p>\n","protected":false},"author":1,"featured_media":0,"comment_status":"closed","ping_status":"closed","sticky":false,"template":"","format":"standard","meta":{"footnotes":""},"categories":[5,4,267],"tags":[261,643],"class_list":["post-27334","post","type-post","status-publish","format-standard","hentry","category-newsy","category-policja-straz-pozarna-pogotowie-ratunkowe","category-straz-pozarna-policja-straz-pozarna-pogotowie-ratunkowe","tag-komenda-powiatowa-policji-w-wegrowie","tag-kronika-strazacka"],"views":1809,"_links":{"self":[{"href":"https:\/\/info.sadowne.pl\/index.php?rest_route=\/wp\/v2\/posts\/27334","targetHints":{"allow":["GET"]}}],"collection":[{"href":"https:\/\/info.sadowne.pl\/index.php?rest_route=\/wp\/v2\/posts"}],"about":[{"href":"https:\/\/info.sadowne.pl\/index.php?rest_route=\/wp\/v2\/types\/post"}],"author":[{"embeddable":true,"href":"https:\/\/info.sadowne.pl\/index.php?rest_route=\/wp\/v2\/users\/1"}],"replies":[{"embeddable":true,"href":"https:\/\/info.sadowne.pl\/index.php?rest_route=%2Fwp%2Fv2%2Fcomments&post=27334"}],"version-history":[{"count":1,"href":"https:\/\/info.sadowne.pl\/index.php?rest_route=\/wp\/v2\/posts\/27334\/revisions"}],"predecessor-version":[{"id":27335,"href":"https:\/\/info.sadowne.pl\/index.php?rest_route=\/wp\/v2\/posts\/27334\/revisions\/27335"}],"wp:attachment":[{"href":"https:\/\/info.sadowne.pl\/index.php?rest_route=%2Fwp%2Fv2%2Fmedia&parent=27334"}],"wp:term":[{"taxonomy":"category","embeddable":true,"href":"https:\/\/info.sadowne.pl\/index.php?rest_route=%2Fwp%2Fv2%2Fcategories&post=27334"},{"taxonomy":"post_tag","embeddable":true,"href":"https:\/\/info.sadowne.pl\/index.php?rest_route=%2Fwp%2Fv2%2Ftags&post=27334"}],"curies":[{"name":"wp","href":"https:\/\/api.w.org\/{rel}","templated":true}]}}