{"id":27343,"date":"2023-04-02T20:40:59","date_gmt":"2023-04-02T18:40:59","guid":{"rendered":"http:\/\/info.sadowne.pl\/?p=27343"},"modified":"2023-04-02T20:40:59","modified_gmt":"2023-04-02T18:40:59","slug":"michal-winarski-na-mistrzostwach-mazowsza-juniorow-w-karate-kyokushin","status":"publish","type":"post","link":"https:\/\/info.sadowne.pl\/?p=27343","title":{"rendered":"Micha\u0142 Winarski  na Mistrzostwach Mazowsza Junior\u00f3w w Karate Kyokushin"},"content":{"rendered":"<p><strong><a href=\"http:\/\/info.sadowne.pl\/wp-content\/uploads\/2023\/04\/2023.04.02.1-rotated.jpg\" target=\"_blank\" rel=\"noopener\"><img loading=\"lazy\" decoding=\"async\" class=\"alignleft wp-image-27344 size-thumbnail\" src=\"http:\/\/info.sadowne.pl\/wp-content\/uploads\/2023\/04\/2023.04.02.1-180x130.jpg\" alt=\"\" width=\"180\" height=\"130\" \/><\/a>W Mareckim Centrum Edukacyjno-Rekreacyjnym w podwarszawskich Markach<\/strong><strong>\u00a0odby\u0142y si\u0119 Mistrzostwa Mazowsza w Karate Kyokushin.<\/strong><!--more--><\/p>\n<p>W zawodach wystartowa\u0142 Micha\u0142 Winarski na co dzie\u0144 trenuj\u0105cy w sekcji w Sadownem. Micha\u0142 wystartowa\u0142 w kategorii junior &#8211; 75 kg. Micha\u0142 ju\u017c w pierwszym starciu trafia\u0142 na silnego rywala z Warszawy.<\/p>\n<p><a href=\"http:\/\/info.sadowne.pl\/wp-content\/uploads\/2023\/04\/2023.04.02.2-rotated.jpg\" target=\"_blank\" rel=\"noopener\"><img loading=\"lazy\" decoding=\"async\" class=\"alignright wp-image-27345 size-medium\" src=\"http:\/\/info.sadowne.pl\/wp-content\/uploads\/2023\/04\/2023.04.02.2-225x300.jpg\" alt=\"\" width=\"225\" height=\"300\" srcset=\"https:\/\/info.sadowne.pl\/wp-content\/uploads\/2023\/04\/2023.04.02.2-225x300.jpg 225w, https:\/\/info.sadowne.pl\/wp-content\/uploads\/2023\/04\/2023.04.02.2-rotated.jpg 588w\" sizes=\"auto, (max-width: 225px) 100vw, 225px\" \/><\/a>Mimo du\u017cej aktywno\u015bci ze strony naszego reprezentanta, nie uda\u0142o si\u0119 przej\u015b\u0107 do dalszej tury walk w turnieju. Tym razem Micha\u0142 poza podium w Mistrzostwach Mazowsza. Nasz zawodnik zdoby\u0142 cenne do\u015bwiadczenie na macie. Dalsza praca na treningach i kolejne starty w zawodach mog\u0105 da\u0107 efekty.<\/p>\n<p><strong>Tekst\/foto:<\/strong> Zbigniew W\u00f3jcicki<\/p>\n<p>&nbsp;<\/p>\n","protected":false},"excerpt":{"rendered":"<p>W Mareckim Centrum Edukacyjno-Rekreacyjnym w podwarszawskich Markach\u00a0odby\u0142y si\u0119 Mistrzostwa Mazowsza w Karate Kyokushin.<\/p>\n","protected":false},"author":1,"featured_media":0,"comment_status":"closed","ping_status":"closed","sticky":false,"template":"","format":"standard","meta":{"footnotes":""},"categories":[5,2029,7],"tags":[1870,3731,3945,2030],"class_list":["post-27343","post","type-post","status-publish","format-standard","hentry","category-newsy","category-karate","category-sport","tag-karate","tag-michal-winarski","tag-mistrzostwa-mazowsza-w-karate-kyokushin","tag-zbigniew-wojcicki"],"views":2089,"_links":{"self":[{"href":"https:\/\/info.sadowne.pl\/index.php?rest_route=\/wp\/v2\/posts\/27343","targetHints":{"allow":["GET"]}}],"collection":[{"href":"https:\/\/info.sadowne.pl\/index.php?rest_route=\/wp\/v2\/posts"}],"about":[{"href":"https:\/\/info.sadowne.pl\/index.php?rest_route=\/wp\/v2\/types\/post"}],"author":[{"embeddable":true,"href":"https:\/\/info.sadowne.pl\/index.php?rest_route=\/wp\/v2\/users\/1"}],"replies":[{"embeddable":true,"href":"https:\/\/info.sadowne.pl\/index.php?rest_route=%2Fwp%2Fv2%2Fcomments&post=27343"}],"version-history":[{"count":1,"href":"https:\/\/info.sadowne.pl\/index.php?rest_route=\/wp\/v2\/posts\/27343\/revisions"}],"predecessor-version":[{"id":27346,"href":"https:\/\/info.sadowne.pl\/index.php?rest_route=\/wp\/v2\/posts\/27343\/revisions\/27346"}],"wp:attachment":[{"href":"https:\/\/info.sadowne.pl\/index.php?rest_route=%2Fwp%2Fv2%2Fmedia&parent=27343"}],"wp:term":[{"taxonomy":"category","embeddable":true,"href":"https:\/\/info.sadowne.pl\/index.php?rest_route=%2Fwp%2Fv2%2Fcategories&post=27343"},{"taxonomy":"post_tag","embeddable":true,"href":"https:\/\/info.sadowne.pl\/index.php?rest_route=%2Fwp%2Fv2%2Ftags&post=27343"}],"curies":[{"name":"wp","href":"https:\/\/api.w.org\/{rel}","templated":true}]}}