{"id":27352,"date":"2023-04-03T20:01:23","date_gmt":"2023-04-03T18:01:23","guid":{"rendered":"http:\/\/info.sadowne.pl\/?p=27352"},"modified":"2023-04-03T20:01:23","modified_gmt":"2023-04-03T18:01:23","slug":"kronika-strazacka-27-03-02-04-2023","status":"publish","type":"post","link":"https:\/\/info.sadowne.pl\/?p=27352","title":{"rendered":"Kronika stra\u017cacka 27.03 \u2013 02.04.2023"},"content":{"rendered":"<p><strong><a href=\"http:\/\/info.sadowne.pl\/wp-content\/uploads\/2013\/07\/straz3.jpg\"><img loading=\"lazy\" decoding=\"async\" class=\"alignleft size-thumbnail wp-image-2625\" src=\"http:\/\/info.sadowne.pl\/wp-content\/uploads\/2013\/07\/straz3-180x130.jpg\" alt=\"\" width=\"180\" height=\"130\" \/><\/a>W<\/strong><strong> okresie<\/strong><strong> 27.03 &#8211; 02.04.2023 na<\/strong><strong> terenie<\/strong><strong> powiatu<\/strong><strong> w\u0119growskiego<\/strong><strong> zanotowano: <\/strong><strong>11 zdarze\u0144,<\/strong><strong> przy<\/strong><strong> kt\u00f3rych<\/strong><strong> interweniowa\u0142y<\/strong><strong> jednostki<\/strong><strong> ochrony<\/strong><strong> przeciwpo\u017carowej, w tym:<\/strong><strong> 5 po\u017car\u00f3w, 4 miejscowe zagro\u017cenia i dwa alarmy fa\u0142szywe.<\/strong><strong>\u00a0<\/strong><!--more--><\/p>\n<p><strong>29.03.2023 \u2013 Zarzetka, gm. Sadowne \u2013 Po\u017car samochodu osobowego.<\/strong><\/p>\n<p>Stra\u017cacy po dotarciu na miejsce zdarzenia stwierdzili, \u017ce pali si\u0119 samoch\u00f3d osobowy, stoj\u0105cy na poboczu drogi gminnej W chwili przybycia ratownik\u00f3w by\u0142 ca\u0142y w ogniu, nie by\u0142o \u017cadnych os\u00f3b i s\u0142u\u017cb na miejscu. Do najbli\u017cszych budynk\u00f3w by\u0142o kilkadziesi\u0105t metr\u00f3w. Dzia\u0142ania zast\u0119pu\u00a0 polega\u0142y na zabezpieczeniu miejsca zdarzenia a nast\u0119pnie podaniu pr\u0105d\u00f3w wody w natarciu na po\u017car. Dzia\u0142ania ga\u015bnicze doprowadzi\u0142y do lokalizacji po\u017caru. Tl\u0105ce si\u0119 elementy samochodu dok\u0142adnie przelano wod\u0105<\/p>\n<p>W dzia\u0142aniach ratowniczych udzia\u0142 bra\u0142o: 2 zast\u0119py, 11 ratownik\u00f3w.<strong>\u00a0<\/strong><\/p>\n<p><strong>31.03.2023 <\/strong>\u2013 <strong>\u0141osiewice, gm. \u0141och\u00f3w \u2013 Dachowanie sam. osobowego (ofiara \u015bmiertelna).<\/strong><\/p>\n<p>Dachowanie samochodu, kieruj\u0105cy m\u0119\u017cczyzna wypad\u0142 z pojazdu, po czym zosta\u0142 przez niego przygnieciony. Ratownik medyczny stwierdzi\u0142 zgon m\u0119\u017cczyzny. Samoch\u00f3d na boku cz\u0119\u015bciowo tarasuje pas jezdni. Dzia\u0142ania przyby\u0142ych zast\u0119p\u00f3w polega\u0142y na zabezpieczeniu miejsca zdarzenia, od\u0142\u0105czeniu akumulatora.<\/p>\n<p>W dzia\u0142aniach ratowniczych udzia\u0142 bra\u0142o: 2 zast\u0119py, 12 ratownik\u00f3w.<\/p>\n<p><strong>01.04.2023 <\/strong>\u2013<strong> W\u0119gr\u00f3w, ul. Ko\u015bcielna \u2013 Kolizja dw\u00f3ch samochod\u00f3w osobowych.<\/strong><\/p>\n<p>Stra\u017cacy po dotarciu na miejsce zdarzenia stwierdzili, \u017ce na skrzy\u017cowaniu ulic miejskich (Stra\u017cacka z Ko\u015bcieln\u0105) dosz\u0142o do zdarzenia drogowego z udzia\u0142em 2 samochod\u00f3w osobowych. Na miejscu by\u0142 ZRM, kt\u00f3ry zajmowa\u0142 si\u0119 2 osobami jad\u0105cymi (przytomne, same powychodzi\u0142y na zewn\u0105trz, jedna z nich &#8211; kobieta uskar\u017ca\u0142a si\u0119 na b\u00f3l w klatce piersiowej). Dzia\u0142ania ratownik\u00f3w, polega\u0142y na zabezpieczeniu miejsca zdarzenia, od\u0142\u0105czono akumulatory w pojazdach.<\/p>\n<p>W dzia\u0142aniach ratowniczych udzia\u0142 bra\u0142o: 3 zast\u0119py, 12 ratownik\u00f3w.<\/p>\n<p><strong>01.04.2023 <\/strong>\u2013<strong> Strupiech\u00f3w, gm. Wierzbno \u2013 Po\u017car samochodu.<\/strong><\/p>\n<p>Stra\u017cacy po dotarciu na miejsce zdarzenia stwierdzili, \u017ce pali si\u0119 samoch\u00f3d osobowy, stoj\u0105cy na prywatnej posesji (w pobli\u017cu znajdowa\u0142y si\u0119 zabudowania i las). W chwili przybycia ratownik\u00f3w, po\u017car obejmowa\u0142 komor\u0119 silnikow\u0105 samochodu, nie by\u0142o os\u00f3b poszkodowanych. Osoby przebywaj\u0105ce na posesji powstrzymywa\u0142y rozw\u00f3j po\u017caru przy pomocy ga\u015bnic\u00a0 proszkowych Dzia\u0142ania ratownik\u00f3w polega\u0142y na zabezpieczeniu miejsca zdarzenia, a nast\u0119pnie podaniu pr\u0105du wody w natarciu na po\u017car. Dzia\u0142ania ga\u015bnicze doprowadzi\u0142y do lokalizacji po\u017caru. Na miejsce przyby\u0142a Policja. Tl\u0105ce si\u0119 elementy samochodu dok\u0142adnie przelano wod\u0105..<\/p>\n<p>W dzia\u0142aniach ratowniczych udzia\u0142 bra\u0142o: 2 zast\u0119py, 10 ratownik\u00f3w.<\/p>\n<p><strong>KP PSP W\u0119gr\u00f3w<\/strong><\/p>\n<p>&nbsp;<\/p>\n","protected":false},"excerpt":{"rendered":"<p>W okresie 27.03 &#8211; 02.04.2023 na terenie powiatu w\u0119growskiego zanotowano: 11 zdarze\u0144, przy kt\u00f3rych interweniowa\u0142y jednostki ochrony przeciwpo\u017carowej, w tym: 5 po\u017car\u00f3w, 4 miejscowe zagro\u017cenia i dwa alarmy fa\u0142szywe.\u00a0<\/p>\n","protected":false},"author":1,"featured_media":0,"comment_status":"closed","ping_status":"closed","sticky":false,"template":"","format":"standard","meta":{"footnotes":""},"categories":[5,4,267],"tags":[491,643],"class_list":["post-27352","post","type-post","status-publish","format-standard","hentry","category-newsy","category-policja-straz-pozarna-pogotowie-ratunkowe","category-straz-pozarna-policja-straz-pozarna-pogotowie-ratunkowe","tag-komenda-powiatowa-panstwowej-strazy-pozarnej-w-wegrowie","tag-kronika-strazacka"],"views":1615,"_links":{"self":[{"href":"https:\/\/info.sadowne.pl\/index.php?rest_route=\/wp\/v2\/posts\/27352","targetHints":{"allow":["GET"]}}],"collection":[{"href":"https:\/\/info.sadowne.pl\/index.php?rest_route=\/wp\/v2\/posts"}],"about":[{"href":"https:\/\/info.sadowne.pl\/index.php?rest_route=\/wp\/v2\/types\/post"}],"author":[{"embeddable":true,"href":"https:\/\/info.sadowne.pl\/index.php?rest_route=\/wp\/v2\/users\/1"}],"replies":[{"embeddable":true,"href":"https:\/\/info.sadowne.pl\/index.php?rest_route=%2Fwp%2Fv2%2Fcomments&post=27352"}],"version-history":[{"count":1,"href":"https:\/\/info.sadowne.pl\/index.php?rest_route=\/wp\/v2\/posts\/27352\/revisions"}],"predecessor-version":[{"id":27353,"href":"https:\/\/info.sadowne.pl\/index.php?rest_route=\/wp\/v2\/posts\/27352\/revisions\/27353"}],"wp:attachment":[{"href":"https:\/\/info.sadowne.pl\/index.php?rest_route=%2Fwp%2Fv2%2Fmedia&parent=27352"}],"wp:term":[{"taxonomy":"category","embeddable":true,"href":"https:\/\/info.sadowne.pl\/index.php?rest_route=%2Fwp%2Fv2%2Fcategories&post=27352"},{"taxonomy":"post_tag","embeddable":true,"href":"https:\/\/info.sadowne.pl\/index.php?rest_route=%2Fwp%2Fv2%2Ftags&post=27352"}],"curies":[{"name":"wp","href":"https:\/\/api.w.org\/{rel}","templated":true}]}}