{"id":27354,"date":"2023-04-04T18:43:19","date_gmt":"2023-04-04T16:43:19","guid":{"rendered":"http:\/\/info.sadowne.pl\/?p=27354"},"modified":"2023-04-04T18:43:19","modified_gmt":"2023-04-04T16:43:19","slug":"szkolny-konkurs-wielkanocny-2023","status":"publish","type":"post","link":"https:\/\/info.sadowne.pl\/?p=27354","title":{"rendered":"Szkolny Konkurs Wielkanocny 2023"},"content":{"rendered":"<p><a href=\"http:\/\/info.sadowne.pl\/wp-content\/uploads\/2023\/04\/2023.04.04.1.jpg\" target=\"_blank\" rel=\"noopener\"><img loading=\"lazy\" decoding=\"async\" class=\"alignleft wp-image-27355 size-thumbnail\" src=\"http:\/\/info.sadowne.pl\/wp-content\/uploads\/2023\/04\/2023.04.04.1-180x130.jpg\" alt=\"\" width=\"180\" height=\"130\" \/><\/a><\/p>\n<p><strong>Zbli\u017caj\u0105ce si\u0119 \u015awi\u0119ta Wielkiej Nocy s\u0105 okazj\u0105 do przypomnienia przepis\u00f3w na r\u00f3\u017cne \u015bwi\u0105teczne potrawy, ale te\u017c atrakcyjnego sposobu ich podania. W tym celu zorganizowano Szkolny Konkurs Wielkanocny w Sadownem.<\/strong><!--more--><\/p>\n<p>4 kwietnia w Zespole Szk\u00f3\u0142 Ponadgimnazjalnych w Sadownem odby\u0142o si\u0119 przed\u015bwi\u0105teczne spotkanie, kt\u00f3rego g\u0142\u00f3wnym celem by\u0142o zaprezentowanie: tradycyjnych s\u0142odkich wypiek\u00f3w kojarz\u0105cych si\u0119 z Wielkanoc\u0105 oraz wystroju sto\u0142\u00f3w, na kt\u00f3rych znajd\u0105 si\u0119 nasze \u015bwi\u0105teczne potrawy. Prezentacje przygotowano w formie konkursowej w kategoriach: \u201eNakrycie sto\u0142\u00f3w z okazji \u015awi\u0105t Wielkanocnych\u201d oraz \u201eCiasta wielkanocne\u201d.<\/p>\n<p><em>Po kilkuletniej przerwie witam Szanownych Go\u015bci na Szkolnym Konkursie Wielkanocnym<\/em> &#8211; w szkolnej sali gimnastycznej przyby\u0142ych go\u015bci powita\u0142 Dyrektor ZSP w Sadownem p. S\u0142awomir Ryszawa &#8211; kr\u00f3tko om\u00f3wi\u0142 te\u017c histori\u0119 konkurs\u00f3w kulinarnych w swojej szkole. Organizatorki tegorocznego konkursu: p. Maria Dobies i p. El\u017cbieta Rukat wst\u0119pnie przedstawi\u0142y zasady konkursowe i spos\u00f3b oceny ich uczestnik\u00f3w. W sk\u0142ad Komisji Konkursowej weszli wszyscy zaproszeni go\u015bcie, kt\u00f3rzy natychmiast przyst\u0105pili do oceny oznaczonych numerami aran\u017cacji sto\u0142\u00f3w i \u015bwi\u0105tecznych ciast. Wyb\u00f3r by\u0142 trudny, gdy\u017c wg oceniaj\u0105cych wszyscy uczestnicy konkurs\u00f3w zas\u0142ugiwali na wyr\u00f3\u017cnienie, jednak nale\u017ca\u0142o wskaza\u0107 najlepszych.<\/p>\n<p>W trakcie prowadzonej oceny w kategoriach konkursowych sal\u0119 gimnastyczn\u0105 zape\u0142nili uczniowie Zespo\u0142u Szk\u00f3\u0142 Ponadgimnazjalnych, kt\u00f3rych powita\u0142 oficjalnie p. Dyrektor ZSP, a tak\u017ce swoje wyst\u0105pienia skierowali do nich: p. Ewa Besztak \u2013 Starosta W\u0119growski, p. Robert Go\u0142aszewski \u2013 Burmistrz \u0141ochowa, p. Marek Renik \u2013 Wicestarosta W\u0119growski i ks. Antoni Kunicki \u2013 Proboszcz Parafii Sadowne.<\/p>\n<p>W mi\u0119dzyczasie podliczono g\u0142osy cz\u0142onk\u00f3w Komisji. Oto oficjalne wyniki \u2013 oczywi\u015bcie wszyscy zas\u0142uguj\u0105 na nagrody, ale regulamin\u2026 \u201erzecz \u015bwi\u0119ta\u201d:<\/p>\n<p><strong>Konkurs \u201eNakrycie sto\u0142\u00f3w z okazji \u015awi\u0105t Wielkanocnych\u201d <\/strong><\/p>\n<p><strong>Nr sto\u0142u\/uczestnik<\/strong><\/p>\n<ol>\n<li>Anna D\u0119bkowska i Alicja Sobolewska (I TG)<\/li>\n<li>Emilia Figat i Natalia Wis\u0142owska (I TG)<\/li>\n<li>Kacper Ma\u0142olepszy i Bartosz Sk\u0142adanek (II TG)<\/li>\n<li>Dominika Ojdana i Ma\u0142gorzata Matusik (I TG)<\/li>\n<li>Natalia Bryl i Justyna Wycech (III TG)<\/li>\n<li>Amelia Laszczka i Natalia Gajewska (IV TGP)<\/li>\n<li>Sylwia Urbankowska i Julia Wierzba (IV TGP)<\/li>\n<li>Kamil Gierek i Martyna Dypka (I TG)<\/li>\n<li>Kinga Szczechura i Karolina Lasek (III TG)<\/li>\n<li>Zuzanna Adamczewska i Oliwia Gmur (IV TG)<\/li>\n<li>Dawid Kostrzewa i Arkadiusz Kozio\u0142 (IV TGP)<\/li>\n<\/ol>\n<p><strong>Wyniki Konkursu:<\/strong><\/p>\n<p>\u2013 I miejsce \u2013 Amelia Laszczka i Natalia Gajewska (IV TGP) \u2013 stolik nr 6<\/p>\n<p>\u2013 II miejsce \u2013 Dawid Kostrzewa i Arkadiusz Kozio\u0142 (IV TGP) \u2013 stolik nr 11<\/p>\n<p>\u2013 III miejsce \u2013 Sylwia Urbankowska i Julia Wierzba (IV TGP) \u2013 stolik nr 7<\/p>\n<p><strong>Konkurs \u201eCiasta Wielkanocne\u201d<\/strong><\/p>\n<p><strong>Nr potrawy\/uczestnik<\/strong><\/p>\n<ol>\n<li>Natalia Wis\u0142owska (I TG)<\/li>\n<li>Emilia Figat (I TG)<\/li>\n<li>Daria W\u00f3jcik (I TG)<\/li>\n<li>Zofia Weso\u0142owska (II TG)<\/li>\n<li>Alicja Sobolewska (I TG)<\/li>\n<li>Jakub Biernat (III TG)<\/li>\n<li>Katarzyna Dziubiel (IV TG)<\/li>\n<li>Karolina Lipi\u0144ska (IV TGP)<\/li>\n<li>Justyna Wycech (III TG)<\/li>\n<li>Ewelina Olton (IV TGP)<\/li>\n<li>Kamila \u015alusarz (IV TGP)<\/li>\n<li>Natalia Bryl (III TG)<\/li>\n<li>Mateusz Roskosz (III TG)<\/li>\n<li>Sylwia Wikie\u0142 (III TG)<\/li>\n<li>Martyna Wypka (I TG)<\/li>\n<li>Marta Wr\u00f3bel (I TG)<\/li>\n<li>Kinga Szczechura (III TG)<\/li>\n<li>Zofia So\u0142tysiak (II TG)<\/li>\n<li>Karolina Ko\u015bciesza (III TG)<\/li>\n<li>Jakub Kalbarczyk (I TG)<\/li>\n<li>Alan Kuczy\u0144ski (I TG)<\/li>\n<li>Maksymilian Nietuby\u0107 (II TG)<\/li>\n<li>Zuzanna Gierej (III LO)<\/li>\n<li>Zuzanna Witowska (I TG)<\/li>\n<li>Natalia Grotkowska (I TG)<\/li>\n<li>Martyna Kubis (IV TG)<\/li>\n<li>Kacper Borowy (I TG)<\/li>\n<li>Oliwia K\u0119dzierska (I TG)<\/li>\n<li>Piotr Wojcianowski (I TG)<\/li>\n<li>Bartosz Szelewa (I TG)<\/li>\n<li>Patrycja Bartosiewicz (IV TG)<\/li>\n<li>Damian Cymerman (I TG)<\/li>\n<li>Szymon Walicki (I TG)<\/li>\n<li>Micha\u0142 Skonieczny (I TG)<\/li>\n<li>Natalia Michalik (IV TG)<\/li>\n<\/ol>\n<p><strong>Wyniki Konkursu:<\/strong><\/p>\n<p>\u2013 I miejsce \u2013 Oliwia K\u0119dzierska (I TG), potrawa nr 28 i Maksymilian Nietuby\u0107 (II TG), potrawa nr 22<\/p>\n<p>\u2013 II miejsce \u2013 Sylwia Wikie\u0142 (III TG), potrawa nr 14<\/p>\n<p>\u2013 III miejsce \u2013 Jakub Biernat (III TG), potrawa nr 6<\/p>\n<p>Zwyci\u0119zcy konkurs\u00f3w otrzymali dyplomy i drobne upominki z r\u0105k przedstawicieli Komisji Konkursowej: p. Ewy Besztak i p. Marka Renika oraz organizator\u00f3w Konkursu: p. S\u0142awomira Ryszawy, p. Marii Dobies i p. El\u017cbiety Rukat.<\/p>\n<p>Spotkanie przed\u015bwi\u0105teczne, po\u0142\u0105czone z konkursami w tych kategoriach, odby\u0142o si\u0119 w Zespole Szk\u00f3\u0142 Ponadgimnazjalnych w Sadownem ju\u017c po raz kolejny, po trzyletniej przerwie spowodowanej okresem pandemicznym i konfliktem zbrojnym w Ukrainie.<\/p>\n<p>Konkurs Wielkanocny jest bardzo dobrym pomys\u0142em na przypomnienie i utrwalenie tradycji \u015bwi\u0105tecznych, a tak\u017ce zaprezentowanie ich w najatrakcyjniejszej formie. To tak\u017ce dobra forma sprawdzenia w praktyce nabytych ju\u017c umiej\u0119tno\u015bci przez uczni\u00f3w Technikum \u017bywienia i Us\u0142ug Gastronomicznych (i nie tylko), a &#8211; jak stwierdzili w swoich wypowiedziach cz\u0142onkowie Komisji Konkursowej \u2013 umiej\u0119tno\u015bci te zas\u0142uguj\u0105 na jak najlepsz\u0105 ocen\u0119, g\u0142\u00f3wnie dzi\u0119ki w\u0142a\u015bciwie przekazywanej wiedzy przez wykwalifikowan\u0105 i prezentuj\u0105c\u0105 wysoki poziom kadr\u0119 pedagogiczn\u0105 sadowie\u0144skiego Technikum.<\/p>\n<p>Na szczeg\u00f3lne s\u0142owa uznania zas\u0142uguj\u0105: p. El\u017cbieta Rukat i p. Maria Dobies, kt\u00f3re zainicjowa\u0142y realizacj\u0119 wewn\u0105trzszkolnego konkursu kulinarnego, a tak\u017ce by\u0142y organizatorkami innych wydarze\u0144 zwi\u0105zanych z promocj\u0105 i kultywowaniem tradycji kulinarnych regionu sadowie\u0144skiego, w tym z udzia\u0142em znakomitych przedstawicieli \u201ekulinarnego \u015bwiata\u201d. Nie wolno pomin\u0105\u0107 te\u017c zas\u0142ug uczni\u00f3w Technikum \u017bywienia i Us\u0142ug Gastronomicznych, kt\u00f3rzy w praktyce zastosowali nabyt\u0105 od nauczycieli zawodu wiedz\u0119 i \u015bwietnie si\u0119 zaprezentowali. Wielkie brawa dla zwyci\u0119zc\u00f3w i uczestnik\u00f3w tego wydarzenia kulinarnego. Czekamy na kolejne!<\/p>\n<p>Spotkanie zako\u0144czy\u0142o si\u0119 w mi\u0142ej atmosferze i \u017cyczeniami udanych oraz spokojnych \u015awi\u0105t Wielkanocnych.<\/p>\n<p><span style=\"color: #0000ff;\"><a style=\"color: #0000ff;\" href=\"https:\/\/photos.app.goo.gl\/qapn3KTE8GZRsETRA\" target=\"_blank\" rel=\"noopener\"><strong>Zdj\u0119cia w Galerii Google&gt;&gt;&gt;<\/strong><\/a><\/span><\/p>\n<p><strong>Tekst\/foto:<\/strong> S\u0142awek Chyli\u0144ski<\/p>\n","protected":false},"excerpt":{"rendered":"<p>Zbli\u017caj\u0105ce si\u0119 \u015awi\u0119ta Wielkiej Nocy s\u0105 okazj\u0105 do przypomnienia przepis\u00f3w na r\u00f3\u017cne \u015bwi\u0105teczne potrawy, ale te\u017c atrakcyjnego sposobu ich podania. W tym celu zorganizowano Szkolny Konkurs Wielkanocny w Sadownem.<\/p>\n","protected":false},"author":1,"featured_media":0,"comment_status":"closed","ping_status":"closed","sticky":false,"template":"","format":"standard","meta":{"footnotes":""},"categories":[5,1752,85],"tags":[623,3947,3197],"class_list":["post-27354","post","type-post","status-publish","format-standard","hentry","category-newsy","category-edukacja","category-zsp","tag-konkurs-kulinarny","tag-szkolny-konkurs-wielkanocny-w-zsp-sadowne","tag-zespol-szkol-ponadpodstawowych-w-sadownem"],"views":2226,"_links":{"self":[{"href":"https:\/\/info.sadowne.pl\/index.php?rest_route=\/wp\/v2\/posts\/27354","targetHints":{"allow":["GET"]}}],"collection":[{"href":"https:\/\/info.sadowne.pl\/index.php?rest_route=\/wp\/v2\/posts"}],"about":[{"href":"https:\/\/info.sadowne.pl\/index.php?rest_route=\/wp\/v2\/types\/post"}],"author":[{"embeddable":true,"href":"https:\/\/info.sadowne.pl\/index.php?rest_route=\/wp\/v2\/users\/1"}],"replies":[{"embeddable":true,"href":"https:\/\/info.sadowne.pl\/index.php?rest_route=%2Fwp%2Fv2%2Fcomments&post=27354"}],"version-history":[{"count":1,"href":"https:\/\/info.sadowne.pl\/index.php?rest_route=\/wp\/v2\/posts\/27354\/revisions"}],"predecessor-version":[{"id":27356,"href":"https:\/\/info.sadowne.pl\/index.php?rest_route=\/wp\/v2\/posts\/27354\/revisions\/27356"}],"wp:attachment":[{"href":"https:\/\/info.sadowne.pl\/index.php?rest_route=%2Fwp%2Fv2%2Fmedia&parent=27354"}],"wp:term":[{"taxonomy":"category","embeddable":true,"href":"https:\/\/info.sadowne.pl\/index.php?rest_route=%2Fwp%2Fv2%2Fcategories&post=27354"},{"taxonomy":"post_tag","embeddable":true,"href":"https:\/\/info.sadowne.pl\/index.php?rest_route=%2Fwp%2Fv2%2Ftags&post=27354"}],"curies":[{"name":"wp","href":"https:\/\/api.w.org\/{rel}","templated":true}]}}