{"id":27381,"date":"2023-04-07T18:34:38","date_gmt":"2023-04-07T16:34:38","guid":{"rendered":"http:\/\/info.sadowne.pl\/?p=27381"},"modified":"2023-04-07T18:34:38","modified_gmt":"2023-04-07T16:34:38","slug":"chlopak-z-wichra-w-ekstraklasie-pilkarskiej","status":"publish","type":"post","link":"https:\/\/info.sadowne.pl\/?p=27381","title":{"rendered":"Ch\u0142opak z \u201eWichra\u201d w ekstraklasie pi\u0142karskiej"},"content":{"rendered":"<p><strong><a href=\"http:\/\/info.sadowne.pl\/wp-content\/uploads\/2023\/04\/2023.04.07.1.jpg\" target=\"_blank\" rel=\"noopener\"><img loading=\"lazy\" decoding=\"async\" class=\"alignleft wp-image-27382 size-thumbnail\" src=\"http:\/\/info.sadowne.pl\/wp-content\/uploads\/2023\/04\/2023.04.07.1-180x130.jpg\" alt=\"\" width=\"180\" height=\"130\" \/><\/a>To\u00a0 nie sp\u00f3\u017aniony \u201eprima aprilis\u201d, a mocno sp\u00f3\u017anione info, z kt\u00f3rego napisaniem nosi\u0142em si\u0119 od wielu miesi\u0119cy. <\/strong><!--more--><\/p>\n<p>Czeka\u0142em na odpowiedni\u0105 okazj\u0119, no i doczeka\u0142em si\u0119 w ostatni weekend. Pi\u0142karz najpierw obroni\u0142, a potem strzeli\u0142 rywalom z ligi gola, cho\u0107 w zasadzie to nie strzela, a w\u0142a\u015bnie broni \u2013 bo jest bramkarzem.<\/p>\n<p>S\u0105dz\u0119, \u017ce ju\u017c co poniekt\u00f3rzy zorientowali si\u0119 o kogo chodzi. Pewnie nie rozja\u015bni\u0119 pozosta\u0142ym, jak dodam, \u017ce Jego dru\u017cyna w ekstraklasowej tabeli ust\u0119puje Piastowi Gliwice i Jagiellonii Bia\u0142ystok, a za to wyprzedza m.in. Legi\u0119 Warszawa czy Widzew \u0141\u00f3d\u017a (<strong>link do tabeli: <span style=\"color: #0000ff;\"><a style=\"color: #0000ff;\" href=\"http:\/\/www.90minut.pl\/liga\/1\/liga12353.html\" target=\"_blank\" rel=\"noopener\">http:\/\/www.90minut.pl\/liga\/1\/liga12353.html<\/a><\/span><\/strong>). Z t\u0105 ostatni\u0105 ekip\u0105 zagra ju\u017c w najbli\u017cszy pi\u0105tek o godz. 19-ej. \u00a0Na jakim stadionie? No c\u00f3\u017c\u2026 mecz b\u0119dzie w hali Centrum Sportu Wilan\u00f3w Warszawa.<\/p>\n<p>I wszystko ju\u017c jasne, bo ta liga to nie ekstraklasa pi\u0142ki no\u017cnej, a Futsal Ekstraklasa, dru\u017cyna to AZS UW Darkomp Warszawa, a nasz ch\u0142opak to Marcin Mianowicz, kt\u00f3ry w bramce \u201eWichra\u201d Sadowne niedawno imponowa\u0142 m.in. niesamowitym refleksem.<\/p>\n<p>Trzymajmy kciuki za Marcina i \u017cyczmy powo\u0142ania do Kadry Narodowej.<\/p>\n<p><strong>Tekst: <\/strong>RW<\/p>\n<p><strong>Foto:<\/strong> <span style=\"color: #0000ff;\"><a style=\"color: #0000ff;\" href=\"https:\/\/pl-pl.facebook.com\/futsal.azs.uw\/\" target=\"_blank\" rel=\"noopener\">https:\/\/pl-pl.facebook.com\/futsal.azs.uw\/<\/a><\/span><\/p>\n","protected":false},"excerpt":{"rendered":"<p>To\u00a0 nie sp\u00f3\u017aniony \u201eprima aprilis\u201d, a mocno sp\u00f3\u017anione info, z kt\u00f3rego napisaniem nosi\u0142em si\u0119 od wielu miesi\u0119cy.<\/p>\n","protected":false},"author":1,"featured_media":0,"comment_status":"closed","ping_status":"closed","sticky":false,"template":"","format":"standard","meta":{"footnotes":""},"categories":[5,2136,7],"tags":[3950,1161,3949],"class_list":["post-27381","post","type-post","status-publish","format-standard","hentry","category-newsy","category-pilka-nozna","category-sport","tag-azs-uw-darkomp-warszawa","tag-klub-sportowy-wicher-sadowne","tag-marcin-mianowicz"],"views":2650,"_links":{"self":[{"href":"https:\/\/info.sadowne.pl\/index.php?rest_route=\/wp\/v2\/posts\/27381","targetHints":{"allow":["GET"]}}],"collection":[{"href":"https:\/\/info.sadowne.pl\/index.php?rest_route=\/wp\/v2\/posts"}],"about":[{"href":"https:\/\/info.sadowne.pl\/index.php?rest_route=\/wp\/v2\/types\/post"}],"author":[{"embeddable":true,"href":"https:\/\/info.sadowne.pl\/index.php?rest_route=\/wp\/v2\/users\/1"}],"replies":[{"embeddable":true,"href":"https:\/\/info.sadowne.pl\/index.php?rest_route=%2Fwp%2Fv2%2Fcomments&post=27381"}],"version-history":[{"count":1,"href":"https:\/\/info.sadowne.pl\/index.php?rest_route=\/wp\/v2\/posts\/27381\/revisions"}],"predecessor-version":[{"id":27383,"href":"https:\/\/info.sadowne.pl\/index.php?rest_route=\/wp\/v2\/posts\/27381\/revisions\/27383"}],"wp:attachment":[{"href":"https:\/\/info.sadowne.pl\/index.php?rest_route=%2Fwp%2Fv2%2Fmedia&parent=27381"}],"wp:term":[{"taxonomy":"category","embeddable":true,"href":"https:\/\/info.sadowne.pl\/index.php?rest_route=%2Fwp%2Fv2%2Fcategories&post=27381"},{"taxonomy":"post_tag","embeddable":true,"href":"https:\/\/info.sadowne.pl\/index.php?rest_route=%2Fwp%2Fv2%2Ftags&post=27381"}],"curies":[{"name":"wp","href":"https:\/\/api.w.org\/{rel}","templated":true}]}}