{"id":27389,"date":"2023-04-13T11:38:51","date_gmt":"2023-04-13T09:38:51","guid":{"rendered":"http:\/\/info.sadowne.pl\/?p=27389"},"modified":"2023-04-13T11:38:51","modified_gmt":"2023-04-13T09:38:51","slug":"o-kajciu-i-naszych-bzikach-w-ostrowi","status":"publish","type":"post","link":"https:\/\/info.sadowne.pl\/?p=27389","title":{"rendered":"O \u201eKajciu\u201d i \u201eNaszych bzikach\u201d w Ostrowi,"},"content":{"rendered":"<p><strong><a href=\"http:\/\/info.sadowne.pl\/wp-content\/uploads\/2023\/04\/Brok120.jpg\" target=\"_blank\" rel=\"noopener\"><img loading=\"lazy\" decoding=\"async\" class=\"alignleft wp-image-27390 size-thumbnail\" src=\"http:\/\/info.sadowne.pl\/wp-content\/uploads\/2023\/04\/Brok120-180x130.jpg\" alt=\"\" width=\"180\" height=\"130\" \/><\/a>\u2026o rozwi\u0105z\u0142o\u015bci p\u0142ciowej Kurpi\u00f3w, ciernistej drodze o\u015bwiaty w gminie Or\u0142o oraz o powstaniu stra\u017cy ogniowych w Stoczku i Lipkach.<\/strong><!--more--><\/p>\n<p>Go\u015b\u0107 z gubernialnej \u0141om\u017cy nawiedzi\u0142 powiatow\u0105 Ostr\u00f3w i wielce si\u0119 uradowa\u0142, \u017ce spotka\u0142 tutaj kultur\u0119, mo\u017ce nie tak wybuja\u0142\u0105, jak w stolicy guberni, ale jednak kultur\u0119, a dok\u0142adniej to jej wersj\u0119 uosobion\u0105 w teatrze amatorskim. Dochodz\u0105 nas wie\u015bci, \u017ce ten wielce po\u017cyteczny objaw \u017cycia kulturalnego, niegdy\u015b u\u015bmiercony za spraw\u0105 kina i telewizji ponownie od\u017cywa w okolicy.<\/p>\n<p>Po c\u00f3\u017c badacze wybieraj\u0105 si\u0119 do centrum Afryki czy na wyspy Oceanii celem badania obyczaj\u00f3w plemion egzotycznych, skoro pan Dominik Staszewski po raz kolejny dowodzi, \u017ce tu\u017c pod naszym nosem \u017cyje lud osobliwy i charakteryzuj\u0105cy si\u0119 zwyczajami ekscentrycznymi pod wieloma wzgl\u0119dami. Ponownie zapraszamy na wsp\u00f3ln\u0105 wypraw\u0119 w g\u0142\u0105b pobliskiej, a tak ma\u0142o znanej puszczy.<\/p>\n<p>Jan Rzempo\u0142uch donosi z gminy Or\u0142o, \u017ce pomimo wielu mo\u017cliwo\u015bci, to ci\u0119\u017cko idzie budowa nowych szk\u00f3\u0142 w gminie, chlubnym za\u015b wyj\u0105tkiem jest tylko Ma\u0142kinia, ciesz\u0105ca si\u0119 dobrym duchem, w postaci m\u0119\u017ca niespo\u017cytej energii, ks. proboszcza Leona Go\u015bcickiego.<\/p>\n<p>Na koniec male\u0144ka notka, z radosn\u0105 informacj\u0105 o powstaniu ochotniczych stra\u017cy ogniowych w Stoczku i Lipkach.<\/p>\n<p>Pan Zygmunt Z. zakomunikowa\u0142, \u017ce wybiera si\u0119 wielkim wycieczkowcem na rejs po morzach i pyta, co redakcja o tym s\u0105dzi. No c\u00f3\u017c, nie b\u0119dziemy owija\u0107 w bawe\u0142n\u0119 \u2013 wsp\u00f3\u0142czujemy. Cz\u0142owiek to istota l\u0105dowa i z w\u0142asnej woli nie ma czego szuka\u0107 na morzach.<\/p>\n<p><strong>Wi\u0119cej na stronie <span style=\"color: #0000ff;\"><a style=\"color: #0000ff;\" href=\"https:\/\/madzelan.cba.pl\/o-kajciu-i-naszych-bzikach-w-ostrowi-o-rozwiazlosci-plciowej-kurpiow-ciernistej-drodze-oswiaty-w-gminie-orlo-oraz-o-powstaniu-strazy-ogniowych-w-stoczku-i-lipkach\/\" target=\"_blank\" rel=\"noopener\">https:\/\/madzelan.cba.pl\/o-kajciu-i-naszych-bzikach-w-ostrowi-o-rozwiazlosci-plciowej-kurpiow-ciernistej-drodze-oswiaty-w-gminie-orlo-oraz-o-powstaniu-strazy-ogniowych-w-stoczku-i-lipkach\/<\/a><\/span><\/strong><\/p>\n","protected":false},"excerpt":{"rendered":"<p>\u2026o rozwi\u0105z\u0142o\u015bci p\u0142ciowej Kurpi\u00f3w, ciernistej drodze o\u015bwiaty w gminie Or\u0142o oraz o powstaniu stra\u017cy ogniowych w Stoczku i Lipkach.<\/p>\n","protected":false},"author":1,"featured_media":0,"comment_status":"closed","ping_status":"closed","sticky":false,"template":"","format":"standard","meta":{"footnotes":""},"categories":[5,3436,31],"tags":[101,3004,2956],"class_list":["post-27389","post","type-post","status-publish","format-standard","hentry","category-newsy","category-opowiesci-historie-legendy-brokowskie-i-nie-tylko","category-historia-gminy","tag-historia-gminy-sadowne","tag-jerzy-madzelan","tag-opowiesci-historie-legendy-brokowskie-i-nie-tylko"],"views":1549,"_links":{"self":[{"href":"https:\/\/info.sadowne.pl\/index.php?rest_route=\/wp\/v2\/posts\/27389","targetHints":{"allow":["GET"]}}],"collection":[{"href":"https:\/\/info.sadowne.pl\/index.php?rest_route=\/wp\/v2\/posts"}],"about":[{"href":"https:\/\/info.sadowne.pl\/index.php?rest_route=\/wp\/v2\/types\/post"}],"author":[{"embeddable":true,"href":"https:\/\/info.sadowne.pl\/index.php?rest_route=\/wp\/v2\/users\/1"}],"replies":[{"embeddable":true,"href":"https:\/\/info.sadowne.pl\/index.php?rest_route=%2Fwp%2Fv2%2Fcomments&post=27389"}],"version-history":[{"count":1,"href":"https:\/\/info.sadowne.pl\/index.php?rest_route=\/wp\/v2\/posts\/27389\/revisions"}],"predecessor-version":[{"id":27391,"href":"https:\/\/info.sadowne.pl\/index.php?rest_route=\/wp\/v2\/posts\/27389\/revisions\/27391"}],"wp:attachment":[{"href":"https:\/\/info.sadowne.pl\/index.php?rest_route=%2Fwp%2Fv2%2Fmedia&parent=27389"}],"wp:term":[{"taxonomy":"category","embeddable":true,"href":"https:\/\/info.sadowne.pl\/index.php?rest_route=%2Fwp%2Fv2%2Fcategories&post=27389"},{"taxonomy":"post_tag","embeddable":true,"href":"https:\/\/info.sadowne.pl\/index.php?rest_route=%2Fwp%2Fv2%2Ftags&post=27389"}],"curies":[{"name":"wp","href":"https:\/\/api.w.org\/{rel}","templated":true}]}}