{"id":27392,"date":"2023-04-13T15:28:58","date_gmt":"2023-04-13T13:28:58","guid":{"rendered":"http:\/\/info.sadowne.pl\/?p=27392"},"modified":"2023-04-13T15:28:58","modified_gmt":"2023-04-13T13:28:58","slug":"sadowianki-czerwiec-2019","status":"publish","type":"post","link":"https:\/\/info.sadowne.pl\/?p=27392","title":{"rendered":"Sadowianki \u2013 czerwiec 2019"},"content":{"rendered":"<p><strong><a href=\"http:\/\/info.sadowne.pl\/wp-content\/uploads\/2023\/04\/sad748.jpg\"><img loading=\"lazy\" decoding=\"async\" class=\"alignleft size-thumbnail wp-image-27396\" src=\"http:\/\/info.sadowne.pl\/wp-content\/uploads\/2023\/04\/sad748-180x130.jpg\" alt=\"\" width=\"180\" height=\"130\" \/><\/a>Przypominamy tylko, \u017ce w roku 2023 Sadowianki obchodz\u0105 przys\u0142owiowe &#8222;Z\u0142ote Gody\u201d. Zesp\u00f3\u0142 rozpocz\u0105\u0142 swoj\u0105 artystyczn\u0105 przygod\u0119 50 lat temu. Brawo!<\/strong><!--more--><\/p>\n<p style=\"text-align: center;\"><span style=\"color: #0000ff;\"><strong>OCI\u0118TE \u2013 KRUPI\u0143SKIE<\/strong><\/span><\/p>\n<p><strong> <a href=\"http:\/\/info.sadowne.pl\/wp-content\/uploads\/2023\/04\/sad745.jpg\"><img loading=\"lazy\" decoding=\"async\" class=\"aligncenter size-full wp-image-27393\" src=\"http:\/\/info.sadowne.pl\/wp-content\/uploads\/2023\/04\/sad745.jpg\" alt=\"\" width=\"476\" height=\"76\" srcset=\"https:\/\/info.sadowne.pl\/wp-content\/uploads\/2023\/04\/sad745.jpg 476w, https:\/\/info.sadowne.pl\/wp-content\/uploads\/2023\/04\/sad745-300x48.jpg 300w\" sizes=\"auto, (max-width: 476px) 100vw, 476px\" \/><\/a><\/strong><\/p>\n<p style=\"text-align: center;\"><span style=\"color: #0000ff;\"><strong>15 czerwca 2019 roku<\/strong><\/span><\/p>\n<p style=\"text-align: center;\"><strong>O tym, jak to si\u0119 zacz\u0119\u0142o, opowiedzia\u0142 p. Piotr Olkowski radny gminy Sadowne.<\/strong><\/p>\n<p>Pan Piotr, pojecha\u0142 do Krupi\u0144skiego do p. Basi z \u017cyczeniami z okazji Dnia So\u0142tysa. Tam z pani\u0105 Basi\u0105 powspominali ostatnie wiejskie imprezy, mi\u0119dzy innymi <strong>Zapusty w Oci\u0119tem<\/strong>, kt\u00f3re zaprezentowa\u0142 nasz zesp\u00f3\u0142 <strong>SADOWIANKI<\/strong>. Pani Basia Laska, bo o niej mowa, pomy\u015bla\u0142a, \u017ce fajnie by\u0142oby zrobi\u0107 imprez\u0119, co\u015b na wz\u00f3r w\u0119growskiej biesiady weselnej.<\/p>\n<p>Pomys\u0142 spodoba\u0142 si\u0119 p. Piotrowi i zaproponowa\u0142, \u017ce ch\u0119tnie przy\u0142\u0105czy si\u0119 do wsp\u00f3\u0142pracy z ca\u0142ym so\u0142ectwem Oci\u0119te oraz wsp\u00f3lnie zaanga\u017cuj\u0105 w to samorz\u0105d gminny, powiatowy, a jak si\u0119 da to i wojew\u00f3dzki.<br \/>\nOd pomys\u0142u do realizacji wszystko potoczy\u0142o si\u0119 szybko.<\/p>\n<p><a href=\"http:\/\/info.sadowne.pl\/wp-content\/uploads\/2023\/04\/sad746.jpg\"><img loading=\"lazy\" decoding=\"async\" class=\"aligncenter size-full wp-image-27394\" src=\"http:\/\/info.sadowne.pl\/wp-content\/uploads\/2023\/04\/sad746.jpg\" alt=\"\" width=\"600\" height=\"415\" srcset=\"https:\/\/info.sadowne.pl\/wp-content\/uploads\/2023\/04\/sad746.jpg 600w, https:\/\/info.sadowne.pl\/wp-content\/uploads\/2023\/04\/sad746-300x208.jpg 300w\" sizes=\"auto, (max-width: 600px) 100vw, 600px\" \/><\/a><\/p>\n<p>W g\u0142\u00f3wnych rolach obsadzeni zostali so\u0142tys wsi Oci\u0119te <strong>Jaros\u0142aw<\/strong> <strong>Zy\u015bk \u2013 Pan M\u0142ody<\/strong> i so\u0142tys wsi Kolonia Z\u0142otki <strong>Emilia Buczy\u0144ska-Ko\u0142odziejek \u2013 Pani M\u0142oda<\/strong>.<\/p>\n<p>Pozostali samorz\u0105dowcy zostali zaanga\u017cowani w role dru\u017cb\u00f3w, swat\u00f3w, kum\u00f3w i rodzic\u00f3w, \u0142\u0105cznie z w\u00f3jtem Sadownego w roli Naczelnika Gminy.<\/p>\n<p>Swoj\u0105 obecno\u015bci\u0105 zaszczyci\u0142a wiejskie wesele przedstawicielka Urz\u0119du Marsza\u0142kowskiego Wojew\u00f3dztwa Mazowieckiego <strong>Pani El\u017cbieta Lanc<\/strong>.<\/p>\n<p><a href=\"http:\/\/info.sadowne.pl\/wp-content\/uploads\/2023\/04\/sad747.jpg\"><img loading=\"lazy\" decoding=\"async\" class=\"aligncenter size-full wp-image-27395\" src=\"http:\/\/info.sadowne.pl\/wp-content\/uploads\/2023\/04\/sad747.jpg\" alt=\"\" width=\"599\" height=\"435\" srcset=\"https:\/\/info.sadowne.pl\/wp-content\/uploads\/2023\/04\/sad747.jpg 599w, https:\/\/info.sadowne.pl\/wp-content\/uploads\/2023\/04\/sad747-300x218.jpg 300w, https:\/\/info.sadowne.pl\/wp-content\/uploads\/2023\/04\/sad747-180x130.jpg 180w\" sizes=\"auto, (max-width: 599px) 100vw, 599px\" \/><\/a><\/p>\n<p style=\"text-align: center;\"><strong>Pani El\u017cbieta Lanc i pan Waldemar Cyran.<\/strong><\/p>\n<p>Mieszka\u0144cy dw\u00f3ch so\u0142ectw zintegrowali si\u0119 wok\u00f3\u0142 pomys\u0142u wesela i z zaanga\u017cowaniem w\u0142\u0105czyli si\u0119 w prace przygotowawcze, dekoracyjne i kulinarne.<\/p>\n<p>Ko\u0142a Gospody\u0144 Wiejskich z Oci\u0119tego i Krupi\u0144skiego w\u0142asnor\u0119cznie przygotowa\u0142y tradycyjne potrawy weselne.<\/p>\n<p>Ponadto zaj\u0119\u0142y si\u0119 wystrojem \u015bwietlic tworz\u0105c, opr\u00f3cz sal weselnych, tradycyjne izby domu Pana M\u0142odego (\u015bwietlica Oci\u0119te) i domu Pani M\u0142odej (\u015bwietlica Krupi\u0144skie).<\/p>\n<p><a href=\"http:\/\/info.sadowne.pl\/wp-content\/uploads\/2023\/04\/sad748.jpg\"><img loading=\"lazy\" decoding=\"async\" class=\"aligncenter size-full wp-image-27396\" src=\"http:\/\/info.sadowne.pl\/wp-content\/uploads\/2023\/04\/sad748.jpg\" alt=\"\" width=\"601\" height=\"401\" srcset=\"https:\/\/info.sadowne.pl\/wp-content\/uploads\/2023\/04\/sad748.jpg 601w, https:\/\/info.sadowne.pl\/wp-content\/uploads\/2023\/04\/sad748-300x200.jpg 300w\" sizes=\"auto, (max-width: 601px) 100vw, 601px\" \/><\/a><\/p>\n<p style=\"text-align: center;\">Wesele rozpocz\u0119\u0142o si\u0119 w Oci\u0119tem w \u015bwietlicy, (czyli u pana m\u0142odego), gdzie przybywaj\u0105cych go\u015bci wita\u0142y <strong>SADOWIANKI, <\/strong>a tradycyjnego marsza weselnego gra\u0142 <strong>p. Andrzej Olton <\/strong><\/p>\n<p><strong><a href=\"http:\/\/info.sadowne.pl\/wp-content\/uploads\/2023\/04\/sad749.jpg\"><img loading=\"lazy\" decoding=\"async\" class=\"aligncenter size-full wp-image-27397\" src=\"http:\/\/info.sadowne.pl\/wp-content\/uploads\/2023\/04\/sad749.jpg\" alt=\"\" width=\"481\" height=\"641\" srcset=\"https:\/\/info.sadowne.pl\/wp-content\/uploads\/2023\/04\/sad749.jpg 481w, https:\/\/info.sadowne.pl\/wp-content\/uploads\/2023\/04\/sad749-225x300.jpg 225w\" sizes=\"auto, (max-width: 481px) 100vw, 481px\" \/><\/a><\/strong><\/p>\n<p style=\"text-align: center;\"><strong>Zbyszek Danaj i Andrzej Olton.<\/strong><\/p>\n<p>Nast\u0119pnie po kr\u00f3tkiej biesiadzie i b\u0142ogos\u0142awie\u0144stwie rodzic\u00f3w. W tej roli <strong>p. Maria Nowakowska i p. Janusz Kibart,<\/strong> ca\u0142y orszak weselny wyruszy\u0142 poln\u0105 drog\u0105 do wsi Krupi\u0144skie, do Panny M\u0142odej walcz\u0105c o przejazd z czterema bramami weselnymi, kt\u00f3re co kilka kilometr\u00f3w zatrzymywa\u0142y weselnik\u00f3w.<\/p>\n<p><a href=\"http:\/\/info.sadowne.pl\/wp-content\/uploads\/2023\/04\/sad750.jpg\"><img loading=\"lazy\" decoding=\"async\" class=\"aligncenter size-full wp-image-27398\" src=\"http:\/\/info.sadowne.pl\/wp-content\/uploads\/2023\/04\/sad750.jpg\" alt=\"\" width=\"600\" height=\"382\" srcset=\"https:\/\/info.sadowne.pl\/wp-content\/uploads\/2023\/04\/sad750.jpg 600w, https:\/\/info.sadowne.pl\/wp-content\/uploads\/2023\/04\/sad750-300x191.jpg 300w\" sizes=\"auto, (max-width: 600px) 100vw, 600px\" \/><\/a><\/p>\n<p style=\"text-align: center;\"><strong>B\u0142ogos\u0142awie\u0144stwo. <\/strong><\/p>\n<p><a href=\"http:\/\/info.sadowne.pl\/wp-content\/uploads\/2023\/04\/sad751.jpg\"><img loading=\"lazy\" decoding=\"async\" class=\"aligncenter size-full wp-image-27399\" src=\"http:\/\/info.sadowne.pl\/wp-content\/uploads\/2023\/04\/sad751.jpg\" alt=\"\" width=\"601\" height=\"410\" srcset=\"https:\/\/info.sadowne.pl\/wp-content\/uploads\/2023\/04\/sad751.jpg 601w, https:\/\/info.sadowne.pl\/wp-content\/uploads\/2023\/04\/sad751-300x205.jpg 300w\" sizes=\"auto, (max-width: 601px) 100vw, 601px\" \/><\/a><\/p>\n<p style=\"text-align: center;\"><strong>Weselni rodzice wraz z synem- panem m\u0142odym.<\/strong><\/p>\n<p style=\"text-align: center;\"><strong>Marysia Nowakowska, Jarek Zy\u015bk i Janusz Kibart.<\/strong><\/p>\n<p><strong> <a href=\"http:\/\/info.sadowne.pl\/wp-content\/uploads\/2023\/04\/sad752.jpg\"><img loading=\"lazy\" decoding=\"async\" class=\"aligncenter size-full wp-image-27400\" src=\"http:\/\/info.sadowne.pl\/wp-content\/uploads\/2023\/04\/sad752.jpg\" alt=\"\" width=\"602\" height=\"425\" srcset=\"https:\/\/info.sadowne.pl\/wp-content\/uploads\/2023\/04\/sad752.jpg 602w, https:\/\/info.sadowne.pl\/wp-content\/uploads\/2023\/04\/sad752-300x212.jpg 300w\" sizes=\"auto, (max-width: 602px) 100vw, 602px\" \/><\/a><\/strong><\/p>\n<p>Jak to na wsi bywa\u0142o dawniej, orszak sk\u0142ada\u0142 si\u0119 z zaprz\u0119g\u00f3w konnych oraz woz\u00f3w ci\u0105gni\u0119tych przez konie lub traktory.<\/p>\n<p><a href=\"http:\/\/info.sadowne.pl\/wp-content\/uploads\/2023\/04\/sad753.jpg\"><img loading=\"lazy\" decoding=\"async\" class=\"aligncenter size-full wp-image-27401\" src=\"http:\/\/info.sadowne.pl\/wp-content\/uploads\/2023\/04\/sad753.jpg\" alt=\"\" width=\"600\" height=\"290\" srcset=\"https:\/\/info.sadowne.pl\/wp-content\/uploads\/2023\/04\/sad753.jpg 600w, https:\/\/info.sadowne.pl\/wp-content\/uploads\/2023\/04\/sad753-300x145.jpg 300w\" sizes=\"auto, (max-width: 600px) 100vw, 600px\" \/><\/a><\/p>\n<p>Biesiada weselna rozpocz\u0119\u0142a si\u0119 \u015blubem udzielonym pod d\u0119bem przez Naczelnika Gminy \u2013<strong> p. Waldemara Cyrana \u2013<\/strong> obecnego w\u00f3jta.<\/p>\n<p>Zabaw\u0119 umila\u0142y zespo\u0142y ludowe <strong>Sadowianki i Zabrodzianki<\/strong>, a tak\u017ce zesp\u00f3\u0142 muzyczny <strong>Plejada <\/strong>graj\u0105cy do bia\u0142ego rana.<\/p>\n<p><a href=\"http:\/\/info.sadowne.pl\/wp-content\/uploads\/2023\/04\/sad754.jpg\"><img loading=\"lazy\" decoding=\"async\" class=\"aligncenter size-full wp-image-27402\" src=\"http:\/\/info.sadowne.pl\/wp-content\/uploads\/2023\/04\/sad754.jpg\" alt=\"\" width=\"600\" height=\"844\" srcset=\"https:\/\/info.sadowne.pl\/wp-content\/uploads\/2023\/04\/sad754.jpg 600w, https:\/\/info.sadowne.pl\/wp-content\/uploads\/2023\/04\/sad754-213x300.jpg 213w\" sizes=\"auto, (max-width: 600px) 100vw, 600px\" \/><\/a><\/p>\n<p><a href=\"http:\/\/info.sadowne.pl\/wp-content\/uploads\/2023\/04\/sad755.jpg\"><img loading=\"lazy\" decoding=\"async\" class=\"aligncenter size-full wp-image-27403\" src=\"http:\/\/info.sadowne.pl\/wp-content\/uploads\/2023\/04\/sad755.jpg\" alt=\"\" width=\"124\" height=\"124\" \/><\/a><\/p>\n<p style=\"text-align: center;\"><span style=\"color: #0000ff;\"><strong>SADOWNE<\/strong><strong>\u00a0<\/strong><\/span><\/p>\n<p style=\"text-align: center;\"><span style=\"color: #0000ff;\"><strong>20 czerwca 2019 roku<\/strong><\/span><\/p>\n<p><strong> <a href=\"http:\/\/info.sadowne.pl\/wp-content\/uploads\/2023\/04\/sad756.jpg\"><img loading=\"lazy\" decoding=\"async\" class=\"aligncenter size-full wp-image-27404\" src=\"http:\/\/info.sadowne.pl\/wp-content\/uploads\/2023\/04\/sad756.jpg\" alt=\"\" width=\"551\" height=\"107\" srcset=\"https:\/\/info.sadowne.pl\/wp-content\/uploads\/2023\/04\/sad756.jpg 551w, https:\/\/info.sadowne.pl\/wp-content\/uploads\/2023\/04\/sad756-300x58.jpg 300w\" sizes=\"auto, (max-width: 551px) 100vw, 551px\" \/><\/a><\/strong><\/p>\n<p><strong> <a href=\"http:\/\/info.sadowne.pl\/wp-content\/uploads\/2023\/04\/sad757.jpg\"><img loading=\"lazy\" decoding=\"async\" class=\"aligncenter size-full wp-image-27405\" src=\"http:\/\/info.sadowne.pl\/wp-content\/uploads\/2023\/04\/sad757.jpg\" alt=\"\" width=\"348\" height=\"516\" srcset=\"https:\/\/info.sadowne.pl\/wp-content\/uploads\/2023\/04\/sad757.jpg 348w, https:\/\/info.sadowne.pl\/wp-content\/uploads\/2023\/04\/sad757-202x300.jpg 202w\" sizes=\"auto, (max-width: 348px) 100vw, 348px\" \/><\/a><\/strong><\/p>\n<p style=\"text-align: center;\"><strong>Pi\u0119kna ko\u015bcielna uroczysto\u015b\u0107, w kt\u00f3rej ka\u017cdego roku uczestnicz\u0105 mieszka\u0144cy naszej sadowe\u0144skiej parafii.<\/strong><\/p>\n<p style=\"text-align: center;\"><strong>Przedstawiciele zespo\u0142u SADOWIANKI r\u00f3wnie\u017c maj\u0105 sw\u00f3j udzia\u0142 w procesji id\u0105cej do czterech o\u0142tarzy ulicami Sadownego.<\/strong><\/p>\n<p style=\"text-align: center;\"><span style=\"color: #0000ff;\"><strong>SADOWNE<\/strong><\/span><\/p>\n<p style=\"text-align: center;\"><span style=\"color: #0000ff;\"><strong>21 czerwca 2019 roku<\/strong><\/span><\/p>\n<p><a href=\"http:\/\/info.sadowne.pl\/wp-content\/uploads\/2023\/04\/sad758.jpg\"><img loading=\"lazy\" decoding=\"async\" class=\"aligncenter size-full wp-image-27406\" src=\"http:\/\/info.sadowne.pl\/wp-content\/uploads\/2023\/04\/sad758.jpg\" alt=\"\" width=\"500\" height=\"86\" srcset=\"https:\/\/info.sadowne.pl\/wp-content\/uploads\/2023\/04\/sad758.jpg 500w, https:\/\/info.sadowne.pl\/wp-content\/uploads\/2023\/04\/sad758-300x52.jpg 300w\" sizes=\"auto, (max-width: 500px) 100vw, 500px\" \/><\/a><\/p>\n<p style=\"text-align: center;\"><strong><em><span style=\"color: #000080;\">\u017beby wytrwa\u0107 w jednym stadle<\/span><br \/>\n<span style=\"color: #000080;\">Przez okres tak d\u0142ugi,<\/span><br \/>\n<span style=\"color: #000080;\">Musisz mi\u0142o\u015b\u0107 oraz wierno\u015b\u0107,<\/span><br \/>\n<span style=\"color: #000080;\">Wzi\u0105\u0107 na swoje s\u0142ugi.<\/span><\/p>\n<p><span style=\"color: #000080;\">One d\u017awiga\u0107 ci pomog\u0105,<\/span><br \/>\n<span style=\"color: #000080;\">Pod twym w\u0142asnym dachem,<\/span><br \/>\n<span style=\"color: #000080;\">Ci\u0119\u017ckie jarzmo, kt\u00f3re wcze\u015bniej,<\/span><br \/>\n<span style=\"color: #000080;\">Napawa\u0142o strachem.<\/span><\/p>\n<p><\/em><\/strong><\/p>\n<p style=\"text-align: center;\"><strong>13 par ma\u0142\u017ce\u0144skich z terenu Gminy Sadowne uroczy\u015bcie obchodzi\u0142o sw\u00f3j \u201ez\u0142oty\u201d Jubileusz.<\/strong><\/p>\n<p><strong> <a href=\"http:\/\/info.sadowne.pl\/wp-content\/uploads\/2023\/04\/sad759.jpg\"><img loading=\"lazy\" decoding=\"async\" class=\"aligncenter size-full wp-image-27407\" src=\"http:\/\/info.sadowne.pl\/wp-content\/uploads\/2023\/04\/sad759.jpg\" alt=\"\" width=\"606\" height=\"333\" srcset=\"https:\/\/info.sadowne.pl\/wp-content\/uploads\/2023\/04\/sad759.jpg 606w, https:\/\/info.sadowne.pl\/wp-content\/uploads\/2023\/04\/sad759-300x165.jpg 300w\" sizes=\"auto, (max-width: 606px) 100vw, 606px\" \/><\/a><\/strong><\/p>\n<p>Ma\u0142\u017conkowie, kt\u00f3rzy mog\u0105 pochwali\u0107 si\u0119 ponad pi\u0119\u0107dziesi\u0119cioletnim \u201esta\u017cem\u201d w ma\u0142\u017ce\u0144stwie, Na wr\u0119czenie medali Prezydenta RP \u201eZa d\u0142ugoletnie po\u017cycie ma\u0142\u017ce\u0144skie\u201d. zaproszonych zosta\u0142o 13 par ma\u0142\u017ce\u0144skich z Gminy Sadowne.<\/p>\n<p style=\"text-align: center;\"><strong><a href=\"http:\/\/info.sadowne.pl\/wp-content\/uploads\/2023\/04\/sad760.jpg\"><img loading=\"lazy\" decoding=\"async\" class=\"aligncenter size-full wp-image-27408\" src=\"http:\/\/info.sadowne.pl\/wp-content\/uploads\/2023\/04\/sad760.jpg\" alt=\"\" width=\"490\" height=\"379\" srcset=\"https:\/\/info.sadowne.pl\/wp-content\/uploads\/2023\/04\/sad760.jpg 490w, https:\/\/info.sadowne.pl\/wp-content\/uploads\/2023\/04\/sad760-300x232.jpg 300w\" sizes=\"auto, (max-width: 490px) 100vw, 490px\" \/><\/a><\/strong>Zast\u0119pca W\u00f3jta <strong>p. Marcin Gr\u0119da<\/strong>, W\u00f3jt Gminy Sadowne <strong>p. Waldemar Cyran<\/strong> <strong>z ma\u0142\u017conk\u0105 Katarzyn\u0105<\/strong>, Proboszcz Parafii Sadowne <strong>ks. Stanis\u0142aw Wojciechowski.<\/strong><\/p>\n<p><strong> <a href=\"http:\/\/info.sadowne.pl\/wp-content\/uploads\/2023\/04\/sad761.jpg\"><img loading=\"lazy\" decoding=\"async\" class=\"aligncenter size-full wp-image-27409\" src=\"http:\/\/info.sadowne.pl\/wp-content\/uploads\/2023\/04\/sad761.jpg\" alt=\"\" width=\"602\" height=\"296\" srcset=\"https:\/\/info.sadowne.pl\/wp-content\/uploads\/2023\/04\/sad761.jpg 602w, https:\/\/info.sadowne.pl\/wp-content\/uploads\/2023\/04\/sad761-300x148.jpg 300w\" sizes=\"auto, (max-width: 602px) 100vw, 602px\" \/><\/a><\/strong><\/p>\n<p>Podczas uroczystego spotkania w Restauracji Za\u015bcianek Nowy Styl w Sadownem, w imieniu Prezydenta RP Andrzeja Dudy ma\u0142\u017conkom medale wr\u0119czyli: W\u00f3jt Gminy Sadowne <strong>p. Waldemar Cyran<\/strong> <strong>z ma\u0142\u017conk\u0105 Katarzyn\u0105<\/strong>, Zast\u0119pca W\u00f3jta <strong>p. Marcin Gr\u0119da<\/strong>, Kierownik USC w Sadownem <strong>p. Renata Urbankowska<\/strong> i Proboszcz sadowie\u0144skiej Parafii <strong>ks. Stanis\u0142aw Wojciechowski.<\/strong><\/p>\n<p>Uroczysto\u015b\u0107 specjalnie dla naszych Jubilat\u00f3w przygotowa\u0142 miejscowy Urz\u0105d Stanu Cywilnego, a poprzedzi\u0142a j\u0105 msza \u015bw. w ich intencji, odprawiona w miejscowym ko\u015bciele parafialnym.<\/p>\n<p><a href=\"http:\/\/info.sadowne.pl\/wp-content\/uploads\/2023\/04\/sad762.jpg\"><img loading=\"lazy\" decoding=\"async\" class=\"aligncenter size-full wp-image-27410\" src=\"http:\/\/info.sadowne.pl\/wp-content\/uploads\/2023\/04\/sad762.jpg\" alt=\"\" width=\"365\" height=\"574\" srcset=\"https:\/\/info.sadowne.pl\/wp-content\/uploads\/2023\/04\/sad762.jpg 365w, https:\/\/info.sadowne.pl\/wp-content\/uploads\/2023\/04\/sad762-191x300.jpg 191w\" sizes=\"auto, (max-width: 365px) 100vw, 365px\" \/><\/a><\/p>\n<p style=\"text-align: center;\">\u017byczenia od zespo\u0142u <strong>SADOWIANKI <\/strong>przekaza\u0142a<\/p>\n<p style=\"text-align: center;\">kierownik zespo\u0142u \u2013 kol. <strong>Krysia Wetoszka.<\/strong><\/p>\n<p><a href=\"http:\/\/info.sadowne.pl\/wp-content\/uploads\/2023\/04\/sad763.jpg\"><img loading=\"lazy\" decoding=\"async\" class=\"aligncenter size-full wp-image-27411\" src=\"http:\/\/info.sadowne.pl\/wp-content\/uploads\/2023\/04\/sad763.jpg\" alt=\"\" width=\"439\" height=\"510\" srcset=\"https:\/\/info.sadowne.pl\/wp-content\/uploads\/2023\/04\/sad763.jpg 439w, https:\/\/info.sadowne.pl\/wp-content\/uploads\/2023\/04\/sad763-258x300.jpg 258w\" sizes=\"auto, (max-width: 439px) 100vw, 439px\" \/><\/a><\/p>\n<p style=\"text-align: center;\">Kierownik muzyczny zespo\u0142u \u2013 <strong>kol. Andrzej Olton.<\/strong><\/p>\n<p>Po dekoracji oczywi\u015bcie nie oby\u0142o si\u0119 bez \u017cycze\u0144, lampki szampana i s\u0142odkiego pocz\u0119stunku \u2013 r\u00f3wnie\u017c niespodzianki w postaci tortu.<\/p>\n<p><strong> <a href=\"http:\/\/info.sadowne.pl\/wp-content\/uploads\/2023\/04\/sad764.jpg\"><img loading=\"lazy\" decoding=\"async\" class=\"aligncenter size-full wp-image-27412\" src=\"http:\/\/info.sadowne.pl\/wp-content\/uploads\/2023\/04\/sad764.jpg\" alt=\"\" width=\"605\" height=\"277\" srcset=\"https:\/\/info.sadowne.pl\/wp-content\/uploads\/2023\/04\/sad764.jpg 605w, https:\/\/info.sadowne.pl\/wp-content\/uploads\/2023\/04\/sad764-300x137.jpg 300w\" sizes=\"auto, (max-width: 605px) 100vw, 605px\" \/><\/a><\/strong><\/p>\n<p style=\"text-align: center;\">W tak uroczystej chwili Jubilatom towarzyszyli te\u017c najbli\u017csi, a opraw\u0119 muzyczn\u0105 przygotowa\u0142 <strong>Zesp\u00f3\u0142 \u015apiewaczy \u201eSadowianki\u201d<\/strong>.<\/p>\n<p style=\"text-align: center;\"><a href=\"http:\/\/info.sadowne.pl\/wp-content\/uploads\/2023\/04\/sad765.jpg\"><img loading=\"lazy\" decoding=\"async\" class=\"aligncenter size-full wp-image-27413\" src=\"http:\/\/info.sadowne.pl\/wp-content\/uploads\/2023\/04\/sad765.jpg\" alt=\"\" width=\"603\" height=\"354\" srcset=\"https:\/\/info.sadowne.pl\/wp-content\/uploads\/2023\/04\/sad765.jpg 603w, https:\/\/info.sadowne.pl\/wp-content\/uploads\/2023\/04\/sad765-300x176.jpg 300w\" sizes=\"auto, (max-width: 603px) 100vw, 603px\" \/><\/a><\/p>\n<p style=\"text-align: center;\"><strong>Zesp\u00f3\u0142 \u015apiewaczy SADOWIANKI<\/strong>.<\/p>\n<p><strong>\u0179r\u00f3d\u0142o:<\/strong> SADOWIANKI, Barbara Wr\u00f3bel, Sadowne 2023<\/p>\n","protected":false},"excerpt":{"rendered":"<p>Przypominamy tylko, \u017ce w roku 2023 Sadowianki obchodz\u0105 przys\u0142owiowe &#8222;Z\u0142ote Gody\u201d. Zesp\u00f3\u0142 rozpocz\u0105\u0142 swoj\u0105 artystyczn\u0105 przygod\u0119 50 lat temu. Brawo!<\/p>\n","protected":false},"author":1,"featured_media":0,"comment_status":"closed","ping_status":"closed","sticky":false,"template":"","format":"standard","meta":{"footnotes":""},"categories":[5,31,1202],"tags":[3952,1218,960],"class_list":["post-27392","post","type-post","status-publish","format-standard","hentry","category-newsy","category-historia-gminy","category-zespol-spiewaczy-sadowianki","tag-50-lecie-zespolu-spiewaczego-sadowianki","tag-barbara-wrobel","tag-zespol-spiewaczy-sadowianki"],"views":1956,"_links":{"self":[{"href":"https:\/\/info.sadowne.pl\/index.php?rest_route=\/wp\/v2\/posts\/27392","targetHints":{"allow":["GET"]}}],"collection":[{"href":"https:\/\/info.sadowne.pl\/index.php?rest_route=\/wp\/v2\/posts"}],"about":[{"href":"https:\/\/info.sadowne.pl\/index.php?rest_route=\/wp\/v2\/types\/post"}],"author":[{"embeddable":true,"href":"https:\/\/info.sadowne.pl\/index.php?rest_route=\/wp\/v2\/users\/1"}],"replies":[{"embeddable":true,"href":"https:\/\/info.sadowne.pl\/index.php?rest_route=%2Fwp%2Fv2%2Fcomments&post=27392"}],"version-history":[{"count":1,"href":"https:\/\/info.sadowne.pl\/index.php?rest_route=\/wp\/v2\/posts\/27392\/revisions"}],"predecessor-version":[{"id":27414,"href":"https:\/\/info.sadowne.pl\/index.php?rest_route=\/wp\/v2\/posts\/27392\/revisions\/27414"}],"wp:attachment":[{"href":"https:\/\/info.sadowne.pl\/index.php?rest_route=%2Fwp%2Fv2%2Fmedia&parent=27392"}],"wp:term":[{"taxonomy":"category","embeddable":true,"href":"https:\/\/info.sadowne.pl\/index.php?rest_route=%2Fwp%2Fv2%2Fcategories&post=27392"},{"taxonomy":"post_tag","embeddable":true,"href":"https:\/\/info.sadowne.pl\/index.php?rest_route=%2Fwp%2Fv2%2Ftags&post=27392"}],"curies":[{"name":"wp","href":"https:\/\/api.w.org\/{rel}","templated":true}]}}