{"id":27472,"date":"2023-04-28T18:07:20","date_gmt":"2023-04-28T16:07:20","guid":{"rendered":"http:\/\/info.sadowne.pl\/?p=27472"},"modified":"2023-04-29T14:45:48","modified_gmt":"2023-04-29T12:45:48","slug":"wiwat-maj-trzeci-maj","status":"publish","type":"post","link":"https:\/\/info.sadowne.pl\/?p=27472","title":{"rendered":"\u201eWiwat maj, trzeci maj\u201d"},"content":{"rendered":"<p><a href=\"http:\/\/info.sadowne.pl\/wp-content\/uploads\/2023\/04\/2023.04.28.1.jpg\" target=\"_blank\" rel=\"noopener\"><img loading=\"lazy\" decoding=\"async\" class=\"alignleft wp-image-27473 size-thumbnail\" src=\"http:\/\/info.sadowne.pl\/wp-content\/uploads\/2023\/04\/2023.04.28.1-180x130.jpg\" alt=\"\" width=\"180\" height=\"130\" \/><\/a><strong>232 lata temu uchwalono Konstytucj\u0119 3 maja. Szko\u0142a Podstawowa im. b\u0142. ks. Edwarda Grzyma\u0142y w Sadownem uczci\u0142a t\u0119 rocznic\u0119 uroczyst\u0105 akademi\u0105.<\/strong><!--more--><\/p>\n<p>232 lata temu, 3 maja 1791 r., Sejm Czteroletni przyj\u0105\u0142 ustaw\u0119 rz\u0105dow\u0105, kt\u00f3ra przesz\u0142a do historii jako Konstytucja 3 maja. By\u0142a to druga na \u015bwiecie i pierwsza w Europie ustawa reguluj\u0105ca organizacj\u0119 w\u0142adz pa\u0144stwowych, a tak\u017ce prawa i obowi\u0105zki obywateli, wci\u0105\u017c jeszcze podzielonych na stany.<\/p>\n<p>Po upadku Rzeczypospolitej Konstytucja 3 maja sta\u0142a si\u0119 symbolem wielkich dokona\u0144 i dowodem na to, \u017ce mo\u017cna by\u0142o stworzy\u0107 silne, sprawne i nowoczesne pa\u0144stwo. Jej legenda pobudza\u0142a do walk o jego odrodzenie przez ca\u0142y okres zabor\u00f3w. Polacy dzi\u0119ki przyj\u0119ciu Konstytucji 3 maja odzyskali poczucie w\u0142asnej warto\u015bci i szacunek dla swego politycznego dziedzictwa. W latach niewoli by\u0142y to wa\u017cne czynniki wzmacniaj\u0105ce wol\u0119 walki o odzyskanie pa\u0144stwowo\u015bci.<\/p>\n<p>28 kwietnia br. w Szkole Podstawowej im. b\u0142. ks. Edwarda Grzyma\u0142y w Sadownem odby\u0142a si\u0119 uroczysta akademia upami\u0119tniaj\u0105ca to wydarzenie. Po wprowadzeniu do hali sportowej sztandaru Szko\u0142y i od\u015bpiewaniu hymnu narodowego, g\u0142os zabra\u0142a p. dyrektor Ma\u0142gorzat Koro\u015b. Powita\u0142a przyby\u0142ych go\u015bci, nauczycieli i uczni\u00f3w, w kilku s\u0142owach nakre\u015bli\u0142a te\u017c rys historyczny uchwalenia Konstytucji 3 maja i kolejnych.<\/p>\n<p>Po cz\u0119\u015bci oficjalnej \u201eg\u0142os\u201d zabrali uczniowie, kt\u00f3rzy przedstawili tematyczny monta\u017c s\u0142owno \u2013 muzyczny, zawieraj\u0105cy r\u00f3wnie\u017c prezentacj\u0119 multimedialn\u0105 przygotowan\u0105 przez p. S\u0142awomira Akonoma. Monta\u017c zako\u0144czy\u0142 \u201etaniec\u201d z polskimi barwami narodowymi, kt\u00f3rego efektem by\u0142o utworzenie flagi Polski.<\/p>\n<p>Na zako\u0144czenie uroczysto\u015bci g\u0142os zabrali jeszcze: p. Marcin Gr\u0119da \u2013 Zast\u0119pca W\u00f3jta Gminy Sadowne, ks. Antoni Kunicki \u2013 proboszcz parafii Sadowne i p. Tomasz Szymanik \u2013 Przewodnicz\u0105cy Rady Gminy Sadowne. W wyst\u0105pieniach pad\u0142y s\u0142owa podzi\u0119kowania za przygotowanie tej uroczysto\u015bci i utrwalanie tak wa\u017cnej dla nas wszystkich historii Polski.<\/p>\n<p>Warto wspomnie\u0107, \u017ce uroczysto\u015b\u0107 szkoln\u0105 przygotowali: p. Aneta Popowska \u2013 Filipiak, p. Maria W\u00f3dka, p. Sylwia Ilczuk i p. S\u0142awomir Akonom. Wyrazy uznania\u2026.<\/p>\n<p><span style=\"color: #0000ff;\"><a style=\"color: #0000ff;\" href=\"https:\/\/photos.app.goo.gl\/AMHAFnVXZJpWMRCJA\" target=\"_blank\" rel=\"noopener\"><strong>Zdj\u0119cia w galerii Google&gt;&gt;&gt;<\/strong><\/a><\/span><\/p>\n<p><strong>Tekst\/foto:<\/strong> S\u0142awek Chyli\u0144ski<\/p>\n","protected":false},"excerpt":{"rendered":"<p>232 lata temu uchwalono Konstytucj\u0119 3 maja. Szko\u0142a Podstawowa im. b\u0142. ks. Edwarda Grzyma\u0142y w Sadownem uczci\u0142a t\u0119 rocznic\u0119 uroczyst\u0105 akademi\u0105.<\/p>\n","protected":false},"author":1,"featured_media":0,"comment_status":"closed","ping_status":"closed","sticky":false,"template":"","format":"standard","meta":{"footnotes":""},"categories":[5,1752,84],"tags":[3961,16],"class_list":["post-27472","post","type-post","status-publish","format-standard","hentry","category-newsy","category-edukacja","category-szkola-podstawowa-im-cz-wycecha","tag-232-rocznica-uchwalenia-konstytucji-3-maja","tag-szkola-podstawowa-w-sadownem"],"views":1865,"_links":{"self":[{"href":"https:\/\/info.sadowne.pl\/index.php?rest_route=\/wp\/v2\/posts\/27472","targetHints":{"allow":["GET"]}}],"collection":[{"href":"https:\/\/info.sadowne.pl\/index.php?rest_route=\/wp\/v2\/posts"}],"about":[{"href":"https:\/\/info.sadowne.pl\/index.php?rest_route=\/wp\/v2\/types\/post"}],"author":[{"embeddable":true,"href":"https:\/\/info.sadowne.pl\/index.php?rest_route=\/wp\/v2\/users\/1"}],"replies":[{"embeddable":true,"href":"https:\/\/info.sadowne.pl\/index.php?rest_route=%2Fwp%2Fv2%2Fcomments&post=27472"}],"version-history":[{"count":3,"href":"https:\/\/info.sadowne.pl\/index.php?rest_route=\/wp\/v2\/posts\/27472\/revisions"}],"predecessor-version":[{"id":27479,"href":"https:\/\/info.sadowne.pl\/index.php?rest_route=\/wp\/v2\/posts\/27472\/revisions\/27479"}],"wp:attachment":[{"href":"https:\/\/info.sadowne.pl\/index.php?rest_route=%2Fwp%2Fv2%2Fmedia&parent=27472"}],"wp:term":[{"taxonomy":"category","embeddable":true,"href":"https:\/\/info.sadowne.pl\/index.php?rest_route=%2Fwp%2Fv2%2Fcategories&post=27472"},{"taxonomy":"post_tag","embeddable":true,"href":"https:\/\/info.sadowne.pl\/index.php?rest_route=%2Fwp%2Fv2%2Ftags&post=27472"}],"curies":[{"name":"wp","href":"https:\/\/api.w.org\/{rel}","templated":true}]}}