{"id":27507,"date":"2023-05-03T19:14:15","date_gmt":"2023-05-03T17:14:15","guid":{"rendered":"http:\/\/info.sadowne.pl\/?p=27507"},"modified":"2023-05-03T21:35:42","modified_gmt":"2023-05-03T19:35:42","slug":"rocznica-konstytucji-3-maja-i-dzien-strazaka","status":"publish","type":"post","link":"https:\/\/info.sadowne.pl\/?p=27507","title":{"rendered":"Rocznica Konstytucji 3 Maja i Dzie\u0144 Stra\u017caka"},"content":{"rendered":"<p><a href=\"http:\/\/info.sadowne.pl\/wp-content\/uploads\/2023\/05\/2023.05.03.1.jpg\" target=\"_blank\" rel=\"noopener\"><img loading=\"lazy\" decoding=\"async\" class=\"alignleft wp-image-27508 size-thumbnail\" src=\"http:\/\/info.sadowne.pl\/wp-content\/uploads\/2023\/05\/2023.05.03.1-180x130.jpg\" alt=\"\" width=\"180\" height=\"130\" \/><\/a><strong>3 maja 2023 roku uroczyst\u0105 msz\u0105 \u015bwi\u0119t\u0105 za Ojczyzn\u0119 i Stra\u017cak\u00f3w w ko\u015bciele parafialnym pw. \u015bw. Jana Chrzciciela w Sadownem rozpocz\u0119to obchody \u015awi\u0119ta Konstytucji 3 Maja i Dnia Stra\u017caka.<\/strong><!--more--><\/p>\n<p>Msza \u015bwi\u0119ta rozpocz\u0119\u0142a si\u0119 o godz. 11.00 i koncelebrowa\u0142 j\u0105 proboszcz parafii Sadowne ks. Antoni Kunicki oraz ksi\u0119\u017ca tej parafii. Wierni w t\u0119 niedziel\u0119 uczcili 232. rocznic\u0119 uchwalenia Konstytucji Rzeczypospolitej Obojga Narod\u00f3w. By\u0142a ona pierwsz\u0105 konstytucj\u0105 w nowo\u017cytnej Europie, drug\u0105 po ameryka\u0144skiej na \u015bwiecie, a jednocze\u015bnie donios\u0142ym dzie\u0142em my\u015bli polskiego O\u015bwiecenia.<\/p>\n<p>Niedzielne nabo\u017ce\u0144stwo by\u0142o te\u017c okazj\u0105 do uczczenia dnia \u015awi\u0119tego Floriana \u2013 Dnia Stra\u017caka, kt\u00f3ry obchodzony jest 4 maja przez bra\u0107 stra\u017cack\u0105. Podczas mszy \u015bw. ko\u015bci\u00f3\u0142 zape\u0142ni\u0142 si\u0119 mundurami stra\u017cackimi, a tak\u017ce sztandarami w towarzystwie asysty z Jednostek OSP gminy Sadowne, Szko\u0142y Podstawowej im. b\u0142. ks. Edwarda Grzyma\u0142y w Sadownem i Zespo\u0142u Szk\u00f3\u0142 Ponadpodstawowych w Sadownem. Obecno\u015b\u0107 swoj\u0105 zaznaczyli r\u00f3wnie\u017c harcerze ze 123. Dru\u017cyny Harcerskiej \u201eW\u0142\u00f3czykije\u201d, dzia\u0142aj\u0105cej przy Szkole Podstawowej w Sadownem.<\/p>\n<p>Po mszy uroczysto\u015b\u0107 przenios\u0142a si\u0119 na Plac Ko\u015bcielny, pod Kamie\u0144 Pami\u0119ci Mieszka\u0144c\u00f3w Sadownego, gdzie dalej poprowadzi\u0142 j\u0105 Zast\u0119pca W\u00f3jta Gminy Sadowne p. Marcin Gr\u0119da. P. Waldemar Cyran, W\u00f3jt Gminy Sadowne, przypomnia\u0142 histori\u0119 uchwalenia Konstytucji 3 Maja i podkre\u015bli\u0142 jej wag\u0119.<\/p>\n<p>G\u0142os zabrali r\u00f3wnie\u017c: p. El\u017cbieta Lanc \u2013 cz\u0142onek Zarz\u0105du Wojew\u00f3dztwa Mazowieckiego, p. Marek Renik \u2013 Wicestarosta W\u0119growski, a nast\u0119pnie Zesp\u00f3\u0142 \u015apiewaczy SADOWIANKI wykona\u0142 kilka pie\u015bni patriotycznych. Delegacje z\u0142o\u017cy\u0142y pod Kamieniem kwiaty w imieniu: Gminy, Samorz\u0105du Wojew\u00f3dztwa Mazowieckiego, Wojewody Mazowieckiego, Starostwa Powiatowego w W\u0119growie, Zarz\u0105du Gminnego Ochotniczej Stra\u017cy Po\u017carnej w Sadownem, Rady Powiatu W\u0119growskiego i Szko\u0142y Podstawowej w Sadownem. Oddano te\u017c na wiwat trzy strza\u0142y z armatek, kt\u00f3re dostarczy\u0142o i przygotowa\u0142o na t\u0119 uroczysto\u015b\u0107 Bractwo Kurkowe.<\/p>\n<p>Po wykonaniu wsp\u00f3lnej fotografii, uczestnicy przeszli na parking przy Urz\u0119dzie Gminy Sadowne, gdzie kontynuowano uroczysto\u015b\u0107 &#8211; tu ju\u017c zwi\u0105zan\u0105 z Dniem Stra\u017caka. Gotowo\u015b\u0107 Jednostek OSP gminy Sadowne do uroczysto\u015bci zameldowa\u0142 Prezesowi Gminnego ZOSP Druhowi Waldemarowi Cyranowi Druh Krzysztof Sych \u2013 Komendant Gminny OSP w Sadownem. Dh Waldemar Cyran z\u0142o\u017cy\u0142 \u017cyczenia dalszych sukces\u00f3w druhom OSP i zawodowej Stra\u017cy Po\u017carnej i zapewni\u0142 o swoim wsparciu poszczeg\u00f3lnych Jednostek w zakresie podnoszenia ich mobilno\u015bci przeciwpo\u017carowej. Ponownie g\u0142os zabrali r\u00f3wnie\u017c: p. El\u017cbieta Lanc, p. Marek Renik i ks. Antoni Kunicki, po czym wr\u0119czono podzi\u0119kowania i upominki Jednostkom OSP za dzia\u0142alno\u015b\u0107 w ostatnim roku. Podzi\u0119kowanie otrzyma\u0142 r\u00f3wnie\u017c Zesp\u00f3\u0142 \u015apiewaczy SADOWIANKI, a tak\u017ce Zesp\u00f3\u0142 Ta\u0144ca Historycznego CHOREA ANTIQUA oraz wokalista Leonid Volodko-Kunicki, kt\u00f3rzy u\u015bwietnili uroczysto\u015b\u0107 swoim programem \u201eMazowsze \u015bwiat POLONEZA i mi\u0142o\u015bci\u201d, a prowadz\u0105cym by\u0142 p. Pawe\u0142 \u015awi\u0119torecki.<\/p>\n<p>Uwie\u0144czeniem trzeciomajowego spotkania w Sadownem by\u0142 pocz\u0119stunek i piknikowa biesiada w sadowie\u0144skiej remizie stra\u017cackiej. Po godz. 14-tej zainteresowani mogli te\u017c wzi\u0105\u0107 udzia\u0142 w Turnieju strzeleckim zorganizowanym na terenie polany Ko\u0142a \u0141owieckiego \u015bw. Huberta w Sadownem.<\/p>\n<p>P.S. Ju\u017c teraz, w imieniu p. Marsza\u0142ek El\u017cbiety Lanc zapraszamy 3 czerwca na wyst\u0119p Pa\u0144stwowego Zespo\u0142u Pie\u015bni i Ta\u0144ca \u201eMazowsze\u201d (p. Marsza\u0142ek obieca\u0142a, \u017ce przyjad\u0105 do Sadownego) oraz na VIII Mi\u0119dzynarodowy Festiwal Poloneza w Polsce, kt\u00f3ry odb\u0119dzie si\u0119 w dniach 17 \u2013 25 czerwca br., z koncertem fina\u0142owym w Sadownem (to obieca\u0142a Fundacja CZE-NE-KA &#8211; obchodz\u0105ca w tym roku XXV-lecie oraz Zesp\u00f3\u0142 CHOREA ANTIQUA &#8211; obchodz\u0105cy jubileusz XXXV-lecia).<\/p>\n<p><span style=\"color: #0000ff;\"><a style=\"color: #0000ff;\" href=\"https:\/\/photos.app.goo.gl\/3DBsXxxys655zLja6\" target=\"_blank\" rel=\"noopener\"><strong>Zdj\u0119cia w galerii Google&gt;&gt;&gt;<\/strong><\/a><\/span><\/p>\n<p><strong>Tekst\/foto:<\/strong> S\u0142awek Chyli\u0144ski<\/p>\n","protected":false},"excerpt":{"rendered":"<p>3 maja 2023 roku uroczyst\u0105 msz\u0105 \u015bwi\u0119t\u0105 za Ojczyzn\u0119 i Stra\u017cak\u00f3w w ko\u015bciele parafialnym pw. \u015bw. Jana Chrzciciela w Sadownem rozpocz\u0119to obchody \u015awi\u0119ta Konstytucji 3 Maja i Dnia Stra\u017caka.<\/p>\n","protected":false},"author":1,"featured_media":0,"comment_status":"closed","ping_status":"closed","sticky":false,"template":"","format":"standard","meta":{"footnotes":""},"categories":[5,41],"tags":[3961,1327],"class_list":["post-27507","post","type-post","status-publish","format-standard","hentry","category-newsy","category-wiesci-gminne","tag-232-rocznica-uchwalenia-konstytucji-3-maja","tag-dzien-strazaka-w-sadownem"],"views":2006,"_links":{"self":[{"href":"https:\/\/info.sadowne.pl\/index.php?rest_route=\/wp\/v2\/posts\/27507","targetHints":{"allow":["GET"]}}],"collection":[{"href":"https:\/\/info.sadowne.pl\/index.php?rest_route=\/wp\/v2\/posts"}],"about":[{"href":"https:\/\/info.sadowne.pl\/index.php?rest_route=\/wp\/v2\/types\/post"}],"author":[{"embeddable":true,"href":"https:\/\/info.sadowne.pl\/index.php?rest_route=\/wp\/v2\/users\/1"}],"replies":[{"embeddable":true,"href":"https:\/\/info.sadowne.pl\/index.php?rest_route=%2Fwp%2Fv2%2Fcomments&post=27507"}],"version-history":[{"count":7,"href":"https:\/\/info.sadowne.pl\/index.php?rest_route=\/wp\/v2\/posts\/27507\/revisions"}],"predecessor-version":[{"id":27515,"href":"https:\/\/info.sadowne.pl\/index.php?rest_route=\/wp\/v2\/posts\/27507\/revisions\/27515"}],"wp:attachment":[{"href":"https:\/\/info.sadowne.pl\/index.php?rest_route=%2Fwp%2Fv2%2Fmedia&parent=27507"}],"wp:term":[{"taxonomy":"category","embeddable":true,"href":"https:\/\/info.sadowne.pl\/index.php?rest_route=%2Fwp%2Fv2%2Fcategories&post=27507"},{"taxonomy":"post_tag","embeddable":true,"href":"https:\/\/info.sadowne.pl\/index.php?rest_route=%2Fwp%2Fv2%2Ftags&post=27507"}],"curies":[{"name":"wp","href":"https:\/\/api.w.org\/{rel}","templated":true}]}}