{"id":2752,"date":"2013-08-09T12:38:51","date_gmt":"2013-08-09T10:38:51","guid":{"rendered":"http:\/\/www.infosadowne.boo.pl\/?p=2752"},"modified":"2013-08-27T21:01:46","modified_gmt":"2013-08-27T19:01:46","slug":"nowa-wystawa-w-izbie-regionalnej","status":"publish","type":"post","link":"https:\/\/info.sadowne.pl\/?p=2752","title":{"rendered":"Nowa wystawa w Izbie Regionalnej"},"content":{"rendered":"<p style=\"text-align: justify;\"><strong><img loading=\"lazy\" decoding=\"async\" class=\"alignleft size-thumbnail wp-image-2754\" alt=\"2013.08.09\" src=\"http:\/\/www.info.sadowne.pl\/wp-content\/uploads\/2013\/08\/2013.08.09-180x130.jpg\" width=\"180\" height=\"130\" \/>Ju\u017c mo\u017cna ogl\u0105da\u0107 now\u0105 wystaw\u0119 plastyczn\u0105 w Izbie Regionalnej Muzeum Ziemi Sadowie\u0144skiej. Tym razem prezentowane s\u0105 tu prace Krzysztofa Ogonowskiego \u2013 mieszka\u0144ca Piastowa, urodzonego w Sadownem.<!--more--><\/strong><\/p>\n<p style=\"text-align: justify;\">Autor prac rysuje, maluje i rze\u017abi od zawsze. Pos\u0142uguje si\u0119 swobodnie pi\u00f3rkiem, w\u0119glem, kredk\u0105, akwarel\u0105, jak i farbami olejnymi. Tworzywem artystycznym mo\u017ce by\u0107 dla niego prawie wszystko, od drewna do modeliny. Najch\u0119tniej maluje pejza\u017ce, kwiaty i martw\u0105 natur\u0119. Lubi tworzy\u0107 grafiki.<\/p>\n<p style=\"text-align: justify;\">Wi\u0119cej o pracach i arty\u015bcie mo\u017cna dowiedzie\u0107 si\u0119 w Izbie Regionalnej (parter Gminnego O\u015brodka Kultury). Wystawa czynna do ko\u0144ca wakacji w godzinach pracy Muzeum.<\/p>\n<p style=\"text-align: justify;\">\n","protected":false},"excerpt":{"rendered":"<p>Ju\u017c mo\u017cna ogl\u0105da\u0107 now\u0105 wystaw\u0119 plastyczn\u0105 w Izbie Regionalnej Muzeum Ziemi Sadowie\u0144skiej. Tym razem prezentowane s\u0105 tu prace Krzysztofa Ogonowskiego \u2013 mieszka\u0144ca Piastowa, urodzonego w Sadownem.<\/p>\n","protected":false},"author":1,"featured_media":0,"comment_status":"open","ping_status":"open","sticky":false,"template":"","format":"standard","meta":{"footnotes":""},"categories":[5,6,81],"tags":[332,79,257],"class_list":["post-2752","post","type-post","status-publish","format-standard","hentry","category-newsy","category-kultura-rozrywka-edukacja","category-muzeum","tag-krzysztof-ogonowski","tag-muzeum-ziemi-sadowienskiej","tag-wystawa-malarstwa-w-sadownem"],"views":2919,"_links":{"self":[{"href":"https:\/\/info.sadowne.pl\/index.php?rest_route=\/wp\/v2\/posts\/2752","targetHints":{"allow":["GET"]}}],"collection":[{"href":"https:\/\/info.sadowne.pl\/index.php?rest_route=\/wp\/v2\/posts"}],"about":[{"href":"https:\/\/info.sadowne.pl\/index.php?rest_route=\/wp\/v2\/types\/post"}],"author":[{"embeddable":true,"href":"https:\/\/info.sadowne.pl\/index.php?rest_route=\/wp\/v2\/users\/1"}],"replies":[{"embeddable":true,"href":"https:\/\/info.sadowne.pl\/index.php?rest_route=%2Fwp%2Fv2%2Fcomments&post=2752"}],"version-history":[{"count":4,"href":"https:\/\/info.sadowne.pl\/index.php?rest_route=\/wp\/v2\/posts\/2752\/revisions"}],"predecessor-version":[{"id":2985,"href":"https:\/\/info.sadowne.pl\/index.php?rest_route=\/wp\/v2\/posts\/2752\/revisions\/2985"}],"wp:attachment":[{"href":"https:\/\/info.sadowne.pl\/index.php?rest_route=%2Fwp%2Fv2%2Fmedia&parent=2752"}],"wp:term":[{"taxonomy":"category","embeddable":true,"href":"https:\/\/info.sadowne.pl\/index.php?rest_route=%2Fwp%2Fv2%2Fcategories&post=2752"},{"taxonomy":"post_tag","embeddable":true,"href":"https:\/\/info.sadowne.pl\/index.php?rest_route=%2Fwp%2Fv2%2Ftags&post=2752"}],"curies":[{"name":"wp","href":"https:\/\/api.w.org\/{rel}","templated":true}]}}