{"id":27527,"date":"2023-05-08T15:10:54","date_gmt":"2023-05-08T13:10:54","guid":{"rendered":"http:\/\/info.sadowne.pl\/?p=27527"},"modified":"2023-05-08T15:11:31","modified_gmt":"2023-05-08T13:11:31","slug":"kronika-strazacka-01-07-maja-2023","status":"publish","type":"post","link":"https:\/\/info.sadowne.pl\/?p=27527","title":{"rendered":"Kronika stra\u017cacka 01 \u2013 07 maja 2023"},"content":{"rendered":"<p><strong><a href=\"http:\/\/info.sadowne.pl\/wp-content\/uploads\/2013\/07\/straz3.jpg\"><img loading=\"lazy\" decoding=\"async\" class=\"alignleft size-thumbnail wp-image-2625\" src=\"http:\/\/info.sadowne.pl\/wp-content\/uploads\/2013\/07\/straz3-180x130.jpg\" alt=\"\" width=\"180\" height=\"130\" \/><\/a>W<\/strong> <strong>okresie<\/strong> <strong>od<\/strong><strong> 01 &#8211; 07.05.2023 <\/strong><strong>na<\/strong> <strong>terenie<\/strong> <strong>powiatu<\/strong> <strong>w\u0119growskiego<\/strong> <strong>zanotowano: <\/strong><strong>12 <\/strong><strong>zdarze\u0144,<\/strong> <strong>przy<\/strong> <strong>kt\u00f3rych<\/strong> <strong>interweniowa\u0142y<\/strong> <strong>jednostki<\/strong> <strong>ochrony<\/strong> <strong>przeciwpo\u017carowej, w tym:<\/strong><strong> 6 po\u017car\u00f3w, 4 miejscowe zagro\u017cenia i 2 alarmy fa\u0142szywe.<\/strong><!--more--><\/p>\n<p><strong>01.05.2023 \u2013 Sulki, gm. Wierzbno \u2013 Po\u017car pozosta\u0142o\u015bci ro\u015blinnych.<\/strong><\/p>\n<p>Do SKKP w W\u0119growie wp\u0142yn\u0119\u0142a informacja o podpalonych ha\u0142dach ga\u0142\u0119zi blisko posesji.\u00a0 Po doje\u017adzie na miejsce zdarzenia zast\u0119p\u00f3w OSP Wierzbno, stra\u017cacy stwierdzili, \u017ce na posesji prywatnej pod nadzorem w\u0142a\u015bciciela pal\u0105 si\u0119 dwie sterty ga\u0142\u0119zi o \u0142\u0105cznej powierzchni 8m2. Dzia\u0142ania zast\u0119p\u00f3w polega\u0142y na zabezpieczeniu miejsca zdarzenia i podaniu dw\u00f3ch pr\u0105d\u00f3w wody w natarciu co doprowadzi\u0142o do lokalizacji i ugaszenia po\u017caru. Po pouczeniu w\u0142a\u015bciciela o zakazie wypalania pozosta\u0142o\u015bci ro\u015blinnych, zast\u0119py zako\u0144czy\u0142y dzia\u0142ania i powr\u00f3ci\u0142y do koszar. W DZIA\u0141ANIACH RATOWNICZYCH UDZIA\u0141 BRA\u0141O: 2 zast\u0119py OSP, 10 ratownik\u00f3w.<strong>\u00a0<\/strong><\/p>\n<p><strong>02.05.2023 <\/strong>\u2013 <strong>Szaruty, gm. Liw \u2013 Usuwanie zanieczyszczenia drogi wojew\u00f3dzkiej 696.<\/strong><\/p>\n<p>Do SKKP wp\u0142yn\u0119\u0142a pro\u015bba Policji o usuni\u0119cie z DW-696 rozsypanego na jezdni\u0119 nawozu stwarzaj\u0105cego niebezpiecze\u0144stwo po\u015blizgu. Na miejscu by\u0142a Policja. Po doje\u017adzie na miejsce zdarzenia zast\u0119pu JRG W\u0119gr\u00f3w, KDR po rozpoznaniu stwierdzi\u0142, \u017ce na jezdni drogi wojew\u00f3dzkiej znajduje si\u0119 rozsypany naw\u00f3z rolniczy (wapno nawozowe) na odcinku ok. 400m &#8211; kt\u00f3re stwarza\u0142o zagro\u017cenie po\u015blizgu w ruchu drogowym. Zabezpieczono miejsce zdarzenia. Ruch drogowy zabezpieczy\u0142a Policja. Dzia\u0142ania zast\u0119pu\u00a0 polega\u0142y na usuni\u0119ciu nawozu z jezdni za pomoc\u0105 miote\u0142 po czym dzia\u0142ania zako\u0144czono. W dzia\u0142aniach ratowniczych udzia\u0142 bra\u0142o: 1 zast\u0119p PSP, 3 ratownik\u00f3w.<\/p>\n<p><strong>04.05.2023 <\/strong>\u2013 <strong>Brzuza, gm. \u0141och\u00f3w \u2013 po\u017car lasu.<\/strong><\/p>\n<p>Do KP PSP w W\u0119growie wp\u0142yn\u0119\u0142a informacja o po\u017carze lasu w okolicach miejscowo\u015bci Brzuza. Dy\u017curny na miejsce zdarzenia zadysponowa\u0142 pobliskie OSP oraz Posterunek JRG PSP. Po doje\u017adzie na miejsce zdarzenia pierwszych zast\u0119p\u00f3w, stra\u017cacy stwierdzili, \u017ce pali si\u0119 w kilku miejscach \u015bci\u00f3\u0142ka samosiejki oraz sucha trawa na nieu\u017cytkach rolnych, \u0142\u0105cznie oko\u0142o 1ha. Dojazd jest utrudniony, potrzebne kolejne zast\u0119py. Dzia\u0142ania zast\u0119p\u00f3w polega\u0142y na podaniu dw\u00f3ch pr\u0105d\u00f3w wody na pal\u0105c\u0105 si\u0119 \u015bci\u00f3\u0142k\u0119 a pozostali ratownicy przy u\u017cyciu t\u0142umic gasili pal\u0105c\u0105 si\u0119 such\u0105 traw\u0119, na miejsce przyby\u0142y kolejne zast\u0119py kt\u00f3re wspar\u0142y prowadzone dzia\u0142ania co doprowadzi\u0142o do lokalizacji a nast\u0119pnie do likwidacji po\u017caru. Po dok\u0142adnym przelaniu dzia\u0142a zako\u0144czono a zast\u0119py powr\u00f3ci\u0142y do koszar. W dzia\u0142aniach ratowniczych udzia\u0142 bra\u0142o: 5 zast\u0119p\u00f3w, 22 ratownik\u00f3w.<\/p>\n<p><strong>06.05.2023 <\/strong>\u2013<strong> Liw \u2013 Zabezpieczenie l\u0105dowania LPR, pomoc medyczna.<\/strong><\/p>\n<p>Do SK KP PSP W\u0119gr\u00f3w wyp\u0142yn\u0119\u0142o zg\u0142oszenie o zabezpieczenie miejsca l\u0105dowania \u015bmig\u0142owca LPR. Do zdarzenia zadysponowano dwa zast\u0119py JRG W\u0119gr\u00f3w oraz pobliskie OSP Liw. Po przybyciu na miejsce zdarzenia stra\u017cy po\u017carnej stwierdzono, \u017ce poszkodowanym jest m\u0119\u017cczyzna, nieprzytomny, brak funkcji \u017cyciowych. Resuscytacj\u0119 kr\u0105\u017ceniowo-oddechow\u0105 \u00a0do czasu przyjazdu stra\u017cak\u00f3w udziela\u0142a rodzina poszkodowanego. Dzia\u0142ania zast\u0119p\u00f3w polega\u0142y na: udzieleniu kwalifikowanej pomocy przedmedycznej, zabezpieczeniu miejsca zdarzenia, wyznaczeniu miejsce do l\u0105dowania LPR. Poszkodowanego przekazano po przybyciu lekarzowi z LPR. Dalsze dzia\u0142ania jednostek stra\u017cy po\u017carnej polega\u0142y na pomocy zespo\u0142owi ratownictwa medycznemu w prowadzeniu RKO (ok.30minut). W wyniku braku wskaza\u0144 dalszego prowadzenia RKO, lekarz stwierdzi\u0142 zgon poszkodowanego. Zast\u0119p JRG GCBA wr\u00f3ci\u0142 do bazy. Natomiast do zabezpieczenia miejsce zdarzenia i l\u0105dowiska \u015bmig\u0142owca na miejscu zosta\u0142 zast\u0119p SLRt oraz OSP Liw. Po odlocie LPR dzia\u0142ania zako\u0144czono. Zast\u0119py wr\u00f3ci\u0142y do bazy. W dzia\u0142aniach ratowniczych udzia\u0142 bra\u0142o: 3 zast\u0119py, 12 ratownik\u00f3w.<\/p>\n<p><strong>KP PSP W\u0119gr\u00f3w<\/strong><\/p>\n<p>&nbsp;<\/p>\n","protected":false},"excerpt":{"rendered":"<p>W okresie od 01 &#8211; 07.05.2023 na terenie powiatu w\u0119growskiego zanotowano: 12 zdarze\u0144, przy kt\u00f3rych interweniowa\u0142y jednostki ochrony przeciwpo\u017carowej, w tym: 6 po\u017car\u00f3w, 4 miejscowe zagro\u017cenia i 2 alarmy fa\u0142szywe.<\/p>\n","protected":false},"author":1,"featured_media":0,"comment_status":"closed","ping_status":"closed","sticky":false,"template":"","format":"standard","meta":{"footnotes":""},"categories":[5,4,267],"tags":[491,643],"class_list":["post-27527","post","type-post","status-publish","format-standard","hentry","category-newsy","category-policja-straz-pozarna-pogotowie-ratunkowe","category-straz-pozarna-policja-straz-pozarna-pogotowie-ratunkowe","tag-komenda-powiatowa-panstwowej-strazy-pozarnej-w-wegrowie","tag-kronika-strazacka"],"views":1625,"_links":{"self":[{"href":"https:\/\/info.sadowne.pl\/index.php?rest_route=\/wp\/v2\/posts\/27527","targetHints":{"allow":["GET"]}}],"collection":[{"href":"https:\/\/info.sadowne.pl\/index.php?rest_route=\/wp\/v2\/posts"}],"about":[{"href":"https:\/\/info.sadowne.pl\/index.php?rest_route=\/wp\/v2\/types\/post"}],"author":[{"embeddable":true,"href":"https:\/\/info.sadowne.pl\/index.php?rest_route=\/wp\/v2\/users\/1"}],"replies":[{"embeddable":true,"href":"https:\/\/info.sadowne.pl\/index.php?rest_route=%2Fwp%2Fv2%2Fcomments&post=27527"}],"version-history":[{"count":2,"href":"https:\/\/info.sadowne.pl\/index.php?rest_route=\/wp\/v2\/posts\/27527\/revisions"}],"predecessor-version":[{"id":27529,"href":"https:\/\/info.sadowne.pl\/index.php?rest_route=\/wp\/v2\/posts\/27527\/revisions\/27529"}],"wp:attachment":[{"href":"https:\/\/info.sadowne.pl\/index.php?rest_route=%2Fwp%2Fv2%2Fmedia&parent=27527"}],"wp:term":[{"taxonomy":"category","embeddable":true,"href":"https:\/\/info.sadowne.pl\/index.php?rest_route=%2Fwp%2Fv2%2Fcategories&post=27527"},{"taxonomy":"post_tag","embeddable":true,"href":"https:\/\/info.sadowne.pl\/index.php?rest_route=%2Fwp%2Fv2%2Ftags&post=27527"}],"curies":[{"name":"wp","href":"https:\/\/api.w.org\/{rel}","templated":true}]}}