{"id":27536,"date":"2023-05-11T14:14:21","date_gmt":"2023-05-11T12:14:21","guid":{"rendered":"http:\/\/info.sadowne.pl\/?p=27536"},"modified":"2023-05-11T14:14:21","modified_gmt":"2023-05-11T12:14:21","slug":"sadowianki-brok-stoczek-sadowne","status":"publish","type":"post","link":"https:\/\/info.sadowne.pl\/?p=27536","title":{"rendered":"Sadowianki &#8211; Brok, Stoczek, Sadowne"},"content":{"rendered":"<p><strong><a href=\"http:\/\/info.sadowne.pl\/wp-content\/uploads\/2023\/05\/sad790.jpg\"><img loading=\"lazy\" decoding=\"async\" class=\"alignleft size-thumbnail wp-image-27538\" src=\"http:\/\/info.sadowne.pl\/wp-content\/uploads\/2023\/05\/sad790-180x130.jpg\" alt=\"\" width=\"180\" height=\"130\" \/><\/a>BROK &#8211; <\/strong><strong>7 lipca 2019 roku.<\/strong><!--more--><\/p>\n<p><a href=\"http:\/\/info.sadowne.pl\/wp-content\/uploads\/2023\/05\/sad789.jpg\"><img loading=\"lazy\" decoding=\"async\" class=\"aligncenter size-full wp-image-27537\" src=\"http:\/\/info.sadowne.pl\/wp-content\/uploads\/2023\/05\/sad789.jpg\" alt=\"\" width=\"526\" height=\"86\" srcset=\"https:\/\/info.sadowne.pl\/wp-content\/uploads\/2023\/05\/sad789.jpg 526w, https:\/\/info.sadowne.pl\/wp-content\/uploads\/2023\/05\/sad789-300x49.jpg 300w\" sizes=\"auto, (max-width: 526px) 100vw, 526px\" \/><\/a><\/p>\n<p style=\"text-align: center;\">To jedno z najwi\u0119kszych letnich wydarze\u0144<\/p>\n<p style=\"text-align: center;\">kulturalnych w powiecie, kt\u00f3re jest rozpoznawalne w ca\u0142ym regionie, a tak\u017ce poza jego granicami. S\u0142ynie z dobrej muzyki, zabawy, wspania\u0142ej atmosfery oraz pi\u0119knej przyrody.<\/p>\n<p style=\"text-align: center;\">Dzi\u0119ki temu ka\u017cdego roku impreza przyci\u0105ga coraz wi\u0119ksz\u0105 rzesz\u0119 uczestnik\u00f3w. Jak ka\u017cdego roku drugiego dnia biesiady pojawiaj\u0105 si\u0119 zespo\u0142y ludowe i folklorystyczne.<\/p>\n<p style=\"text-align: center;\">W\u015br\u00f3d wykonawc\u00f3w zawsze jeste\u015bmy, my <strong>SADOWIANKI.<\/strong><\/p>\n<p><a href=\"http:\/\/info.sadowne.pl\/wp-content\/uploads\/2023\/05\/sad790.jpg\"><img loading=\"lazy\" decoding=\"async\" class=\"aligncenter size-full wp-image-27538\" src=\"http:\/\/info.sadowne.pl\/wp-content\/uploads\/2023\/05\/sad790.jpg\" alt=\"\" width=\"608\" height=\"405\" srcset=\"https:\/\/info.sadowne.pl\/wp-content\/uploads\/2023\/05\/sad790.jpg 608w, https:\/\/info.sadowne.pl\/wp-content\/uploads\/2023\/05\/sad790-300x200.jpg 300w\" sizes=\"auto, (max-width: 608px) 100vw, 608px\" \/><\/a><\/p>\n<p style=\"text-align: center;\"><strong>SADOWIANKI \u2013 Brok 2019<\/strong><\/p>\n<p style=\"text-align: center;\"><span style=\"color: #0000ff;\"><strong>STOCZEK<\/strong><\/span><\/p>\n<p style=\"text-align: center;\"><span style=\"color: #0000ff;\"><strong>7 lipca 2019 roku<\/strong><\/span><\/p>\n<p><strong> <a href=\"http:\/\/info.sadowne.pl\/wp-content\/uploads\/2023\/05\/sad791.jpg\"><img loading=\"lazy\" decoding=\"async\" class=\"aligncenter size-full wp-image-27539\" src=\"http:\/\/info.sadowne.pl\/wp-content\/uploads\/2023\/05\/sad791.jpg\" alt=\"\" width=\"524\" height=\"95\" srcset=\"https:\/\/info.sadowne.pl\/wp-content\/uploads\/2023\/05\/sad791.jpg 524w, https:\/\/info.sadowne.pl\/wp-content\/uploads\/2023\/05\/sad791-300x54.jpg 300w\" sizes=\"auto, (max-width: 524px) 100vw, 524px\" \/><\/a><\/strong><\/p>\n<p style=\"text-align: center;\"><strong>Festiwal <\/strong><\/p>\n<p style=\"text-align: center;\"><strong>rozpocz\u0105\u0142 si\u0119 o godz. 14 na targowisku w Stoczku. <\/strong><\/p>\n<p><strong>Konkurs zespo\u0142\u00f3w regionalnych<\/strong>, kt\u00f3ry rozstrzygni\u0119to podczas festiwalu w Stoczku, cieszy\u0142 si\u0119 ogromnym zainteresowaniem. W muzycznej rywalizacji udzia\u0142 wzi\u0119\u0142o 9 zespo\u0142\u00f3w dzia\u0142aj\u0105cych przy ko\u0142ach gospody\u0144 wiejskich z gminy Stoczek i s\u0105siaduj\u0105cych teren\u00f3w. Publiczno\u015b\u0107 bawi\u0142a si\u0119 przy d\u017awi\u0119kach zespo\u0142\u00f3w takich jak:<\/p>\n<p><strong>\u00a0&#8211; \u201eJarz\u0119bina\u201d z Broku, &#8211; Zesp\u00f3\u0142 \u015apiewaczy \u201eSadowianki\u201d <\/strong><strong>z Sadownego, &#8211; \u201e\u015awitanki\u201d z Przed\u015bwitu ko\u0142o Ostrowi Mazowieckiej, &#8211; Zesp\u00f3\u0142 ludowy \u201eMa\u0142kinianka\u201d z Ma\u0142kini G\u00f3rnej, &#8211; Zesp\u00f3\u0142 \u015apiewaczy \u201eNadbu\u017canie\u201d z Nura, &#8211; Zesp\u00f3\u0142 \u015bpiewaczy \u201eWyszkowiacy\u201d z Wyszkowa, &#8211; Zesp\u00f3\u0142 Ludowy \u201eW\u0119growianie\u201d z W\u0119growa, &#8211; Zesp\u00f3\u0142 Ludowy Wi\u015bniewiacy im. Zbigniewa Myrchy z Wi\u015bniewa, &#8211; Ko\u0142o \u201eWici\u201d z Trzci\u0144ca ko\u0142o Sk\u00f3rca.<\/strong><\/p>\n<p><a href=\"http:\/\/info.sadowne.pl\/wp-content\/uploads\/2023\/05\/sad792.jpg\"><img loading=\"lazy\" decoding=\"async\" class=\"aligncenter size-full wp-image-27540\" src=\"http:\/\/info.sadowne.pl\/wp-content\/uploads\/2023\/05\/sad792.jpg\" alt=\"\" width=\"606\" height=\"292\" srcset=\"https:\/\/info.sadowne.pl\/wp-content\/uploads\/2023\/05\/sad792.jpg 606w, https:\/\/info.sadowne.pl\/wp-content\/uploads\/2023\/05\/sad792-300x145.jpg 300w\" sizes=\"auto, (max-width: 606px) 100vw, 606px\" \/><\/a><\/p>\n<p style=\"text-align: center;\"><strong>SADOWIANKI<\/strong><\/p>\n<p>By\u0142a to pierwsza tego typu impreza w gminie. Organizatorem by\u0142o Stowarzyszenie Na Rzecz Rozwoju Gminy Stoczek, a partnerami w projekcie byli Urz\u0105d Gminy w Stoczku i Ochotnicze Stra\u017ce Po\u017carne z terenu gminy.<\/p>\n<p><strong><a href=\"http:\/\/info.sadowne.pl\/wp-content\/uploads\/2023\/05\/sad793.jpg\"><img loading=\"lazy\" decoding=\"async\" class=\"aligncenter size-full wp-image-27541\" src=\"http:\/\/info.sadowne.pl\/wp-content\/uploads\/2023\/05\/sad793.jpg\" alt=\"\" width=\"602\" height=\"524\" srcset=\"https:\/\/info.sadowne.pl\/wp-content\/uploads\/2023\/05\/sad793.jpg 602w, https:\/\/info.sadowne.pl\/wp-content\/uploads\/2023\/05\/sad793-300x261.jpg 300w\" sizes=\"auto, (max-width: 602px) 100vw, 602px\" \/><\/a><br \/>\n<\/strong><\/p>\n<p style=\"text-align: center;\"><strong>Nasza kierownik zespo\u0142u Krysia Wetoszka<\/strong><\/p>\n<p style=\"text-align: center;\"><strong>oraz Cz\u0142onek Zarz\u0105du Wojew\u00f3dztwa Mazowieckiego p. El\u017cbieta Lanc\u00a0 <\/strong><\/p>\n<p><strong>\u00a0<\/strong><strong>Dzia\u0142alno\u015b\u0107 zespo\u0142\u00f3w ludowych <\/strong>bardzo pozytywnie wp\u0142ywa na zachowanie tradycji i tre\u015bci kultury ludowej, a\u00a0 przede wszystkim buduje spo\u0142eczno\u015b\u0107 zaanga\u017cowan\u0105 w\u00a0ich poszukiwanie i\u00a0ochron\u0119. Obecny, sceniczny kontekst tradycji ma \u015bcis\u0142y zwi\u0105zek z\u00a0przegl\u0105dami i\u00a0festiwalami, zw\u0142aszcza tymi posiadaj\u0105cymi formu\u0142\u0119 konkursow\u0105.<\/p>\n<p>Potrzeba dostosowania si\u0119 do wymog\u00f3w festiwalowego jury niejednokrotnie wymusza na zespo\u0142ach ludowych konieczno\u015b\u0107 konsultacji ze specjalist\u0105, poszukiwania repertuaru w\u00a0terenie, w\u00a0literaturze etnograficznej, w\u00a0nagraniach archiwalnych, zakupu drogich, poprawnych, \u201eautentycznych\u201d stroj\u00f3w ludowych.<\/p>\n<p>Nasz zesp\u00f3l dzia\u0142a samodzielnie, Nie mamy specjalist\u00f3w wspieraj\u0105cych nas, jednak\u00a0 czujemy potrzeb\u0119 dzia\u0142ania i\u00a0zmian we w\u0142asnej miejscowo\u015bci.<\/p>\n<p>Chcemy muzykowa\u0107, spotyka\u0107 si\u0119, promowa\u0107 nasz\u0105 miejscowo\u015b\u0107, a\u00a0najbardziej staramy si\u0119 <strong>\u201eocali\u0107 od zapomnienia\u201d<\/strong> miejscowe dziedzictwo kulturowe, w tym stare obrz\u0119dy i zwyczaje przekazywane nam przez naszych rodzic\u00f3w, dziad\u00f3w i pradziad\u00f3w. Ponadto zesp\u00f3\u0142 nasz stanowi wa\u017cn\u0105 dost\u0119pn\u0105 dla mieszka\u0144c\u00f3w wsi, zw\u0142aszcza tych w\u00a0wieku senioralnym, form\u0119 dzia\u0142alno\u015bci i\u00a0ekspresji artystycznej.<\/p>\n<p><a href=\"http:\/\/info.sadowne.pl\/wp-content\/uploads\/2023\/05\/sad794.jpg\"><img loading=\"lazy\" decoding=\"async\" class=\"aligncenter size-full wp-image-27542\" src=\"http:\/\/info.sadowne.pl\/wp-content\/uploads\/2023\/05\/sad794.jpg\" alt=\"\" width=\"602\" height=\"372\" srcset=\"https:\/\/info.sadowne.pl\/wp-content\/uploads\/2023\/05\/sad794.jpg 602w, https:\/\/info.sadowne.pl\/wp-content\/uploads\/2023\/05\/sad794-300x185.jpg 300w\" sizes=\"auto, (max-width: 602px) 100vw, 602px\" \/><\/a><\/p>\n<p style=\"text-align: center;\"><strong>Tereska Piwek, Ala Bahniuk, Basia Decyk, Andrzej Olton, Jadzia Borowa, Marysia Szymanik, Basia Spaltabaka, Tereska Rostek, Henia Kibart. <\/strong><\/p>\n<p><a href=\"http:\/\/info.sadowne.pl\/wp-content\/uploads\/2023\/05\/sad795.jpg\"><img loading=\"lazy\" decoding=\"async\" class=\"aligncenter size-full wp-image-27543\" src=\"http:\/\/info.sadowne.pl\/wp-content\/uploads\/2023\/05\/sad795.jpg\" alt=\"\" width=\"607\" height=\"273\" srcset=\"https:\/\/info.sadowne.pl\/wp-content\/uploads\/2023\/05\/sad795.jpg 607w, https:\/\/info.sadowne.pl\/wp-content\/uploads\/2023\/05\/sad795-300x135.jpg 300w\" sizes=\"auto, (max-width: 607px) 100vw, 607px\" \/><\/a><\/p>\n<p style=\"text-align: center;\"><span style=\"color: #0000ff;\"><strong>TVP 3 Warszawa<\/strong><\/span><strong> \u2013 <\/strong><strong>redaktor p. Ewa Ry\u0142ko<\/strong> <strong>wywiad<\/strong><\/p>\n<p style=\"text-align: center;\"><strong>z SADOWIANKAMI<\/strong><\/p>\n<p style=\"text-align: center;\"><strong>podczas Festiwalu Muzyki Regionalnej w Stoczku.<\/strong><\/p>\n<p style=\"text-align: center;\"><span style=\"color: #0000ff;\"><strong>SADOWNE<\/strong><\/span><\/p>\n<p style=\"text-align: center;\"><span style=\"color: #0000ff;\"><strong>28 lipca 2019 roku<\/strong><\/span><strong>\u00a0<\/strong><\/p>\n<h3 style=\"text-align: center;\"><span style=\"color: #ff0000;\"><strong>Ochotnicza Stra\u017c Po\u017carna w Sadownem obchodzi\u0142a setne urodziny.<\/strong><\/span><\/h3>\n<p><a href=\"http:\/\/info.sadowne.pl\/wp-content\/uploads\/2023\/05\/sad796.jpg\"><img loading=\"lazy\" decoding=\"async\" class=\"aligncenter size-full wp-image-27544\" src=\"http:\/\/info.sadowne.pl\/wp-content\/uploads\/2023\/05\/sad796.jpg\" alt=\"\" width=\"606\" height=\"258\" srcset=\"https:\/\/info.sadowne.pl\/wp-content\/uploads\/2023\/05\/sad796.jpg 606w, https:\/\/info.sadowne.pl\/wp-content\/uploads\/2023\/05\/sad796-300x128.jpg 300w\" sizes=\"auto, (max-width: 606px) 100vw, 606px\" \/><\/a><\/p>\n<p>100 lat temu powsta\u0142a druga w gminie Sadowne jednostka Ochotniczej Stra\u017cy Po\u017carnej. Po OSP <strong>w Wilczog\u0119bach<\/strong>, w czerwcu 1919 do spo\u0142eczno\u015bci stra\u017cackiej przyst\u0105pili <strong>druhowie z Sadownego.<\/strong><\/p>\n<p><a href=\"http:\/\/info.sadowne.pl\/wp-content\/uploads\/2023\/05\/sad797.jpg\"><img loading=\"lazy\" decoding=\"async\" class=\"aligncenter size-full wp-image-27545\" src=\"http:\/\/info.sadowne.pl\/wp-content\/uploads\/2023\/05\/sad797.jpg\" alt=\"\" width=\"608\" height=\"414\" srcset=\"https:\/\/info.sadowne.pl\/wp-content\/uploads\/2023\/05\/sad797.jpg 608w, https:\/\/info.sadowne.pl\/wp-content\/uploads\/2023\/05\/sad797-300x204.jpg 300w\" sizes=\"auto, (max-width: 608px) 100vw, 608px\" \/><\/a><\/p>\n<p>Uhonorowaniem stu lat istnienia <strong>OSP Sadowne <\/strong>by\u0142o uroczyste ods\u0142oni\u0119cie kamienia upami\u0119tniaj\u0105cego za\u0142o\u017cycieli i kontynuator\u00f3w dzia\u0142alno\u015bci tej Jednostki, a tak\u017ce imienne wyr\u00f3\u017cnienie zas\u0142u\u017conych stra\u017cak\u00f3w oraz os\u00f3b wspieraj\u0105cych OSP, a tak\u017ce samej Jednostki\u2013 medalem przyznanym przez Prezesa Zwi\u0105zku Ochotniczych Stra\u017cy Po\u017carnych Waldemara Pawlaka. Rozpocz\u0119\u0142a j\u0105 msza w miejscowym ko\u015bciele parafialnym, kt\u00f3r\u0105 odprawi\u0142 w intencji stra\u017cak\u00f3w proboszcz parafii <strong>ks. Antoni Kunicki<\/strong>.<\/p>\n<p><a href=\"http:\/\/info.sadowne.pl\/wp-content\/uploads\/2023\/05\/sad798.jpg\"><img loading=\"lazy\" decoding=\"async\" class=\"aligncenter size-full wp-image-27546\" src=\"http:\/\/info.sadowne.pl\/wp-content\/uploads\/2023\/05\/sad798.jpg\" alt=\"\" width=\"606\" height=\"417\" srcset=\"https:\/\/info.sadowne.pl\/wp-content\/uploads\/2023\/05\/sad798.jpg 606w, https:\/\/info.sadowne.pl\/wp-content\/uploads\/2023\/05\/sad798-300x206.jpg 300w\" sizes=\"auto, (max-width: 606px) 100vw, 606px\" \/><\/a><\/p>\n<p>W\u015br\u00f3d zaproszonych go\u015bci takich jak:<\/p>\n<p>&#8211; Pose\u0142 \u2013 <strong>p. Teresa Wargocka<\/strong><\/p>\n<p>&#8211; Cz\u0142onek Zarz\u0105du Wojew\u00f3dztwa Mazowieckiego \u2013 <strong>p. El\u017cbieta Lanc<\/strong><\/p>\n<p>&#8211; Z-ca Komendanta Wojew\u00f3dzkiego PSP \u2013 <strong>p. Miros\u0142aw Jasztal<\/strong><\/p>\n<p>&#8211; Prezes Zarz\u0105du Wojew\u00f3dzkiego OSP RP \u2013 <strong>p. Antoni Jan Tarczy\u0144ski<\/strong><\/p>\n<p>&#8211; Z-ca Komendanta PSP w W\u0119growie \u2013 <strong>p. Dariusz Maci\u0105g<\/strong><\/p>\n<p>&#8211; Starosta W\u0119growski \u2013 <strong>p. Ewa Besztak <\/strong><\/p>\n<p>i wielu innych znalaz\u0142y\u015bmy si\u0119 my skromne, wsp\u00f3\u0142pracuj\u0105ce z nasz\u0105 OSP \u2013\u00a0 <strong>SADOWIANKI.<\/strong><\/p>\n<p><a href=\"http:\/\/info.sadowne.pl\/wp-content\/uploads\/2023\/05\/sad799.jpg\"><img loading=\"lazy\" decoding=\"async\" class=\"aligncenter size-full wp-image-27547\" src=\"http:\/\/info.sadowne.pl\/wp-content\/uploads\/2023\/05\/sad799.jpg\" alt=\"\" width=\"601\" height=\"444\" srcset=\"https:\/\/info.sadowne.pl\/wp-content\/uploads\/2023\/05\/sad799.jpg 601w, https:\/\/info.sadowne.pl\/wp-content\/uploads\/2023\/05\/sad799-300x222.jpg 300w\" sizes=\"auto, (max-width: 601px) 100vw, 601px\" \/><\/a><\/p>\n<p>G\u0142\u00f3wna cz\u0119\u015b\u0107 uroczysto\u015bci odby\u0142a si\u0119 po przemarszu na plac przy Urz\u0119dzie Gminy w Sadownem, gdzie dow\u00f3dc\u0105 ca\u0142ej uroczysto\u015bci by\u0142 <strong>druh Jan Dziubak<\/strong>, a u\u015bwietnili j\u0105 przybyli go\u015bcie, reprezentuj\u0105cy wszystkie szczeble w\u0142adzy pa\u0144stwowej oraz zawodowej i ochotniczej stra\u017cy po\u017carnej, a tak\u017ce mieszka\u0144cy Gminy Sadowne.<\/p>\n<p>Podczas przemarszu prezentowane by\u0142y fragmenty musztry paradnej gminnych Jednostek OSP i Ko\u0142a \u0141owieckiego LOT, kt\u00f3re reprezentowa\u0142y poczty sztandarowe, a kt\u00f3rym akompaniowa\u0142a orkiestra d\u0119ta z Bra\u0144szczyka.<\/p>\n<p><a href=\"http:\/\/info.sadowne.pl\/wp-content\/uploads\/2023\/05\/sad800.jpg\"><img loading=\"lazy\" decoding=\"async\" class=\"aligncenter size-full wp-image-27548\" src=\"http:\/\/info.sadowne.pl\/wp-content\/uploads\/2023\/05\/sad800.jpg\" alt=\"\" width=\"606\" height=\"277\" srcset=\"https:\/\/info.sadowne.pl\/wp-content\/uploads\/2023\/05\/sad800.jpg 606w, https:\/\/info.sadowne.pl\/wp-content\/uploads\/2023\/05\/sad800-300x137.jpg 300w\" sizes=\"auto, (max-width: 606px) 100vw, 606px\" \/><\/a><\/p>\n<p>Jednostka OSP w Sadownem za zas\u0142ugi dla wojew\u00f3dztwa mazowieckiego uhonorowana zosta\u0142a r\u00f3wnie\u017c Medalem Pami\u0105tkowym <strong>PRO MASOVIA<\/strong>, a Marsza\u0142ek Wojew\u00f3dztwa Mazowieckiego nie zapomnia\u0142 te\u017c o specjalnych wyr\u00f3\u017cnieniach dla stra\u017cak\u00f3w.<\/p>\n<p>Nast\u0119pnie go\u015bcie honorowi i sponsorzy OSP Sadowne wbili symboliczne gwo\u017adzie w tablic\u0119 upami\u0119tniaj\u0105c\u0105 uroczysto\u015b\u0107 100-lecia, a wsp\u00f3\u0142pracuj\u0105cy z sadowie\u0144skimi stra\u017cakami otrzymali okoliczno\u015bciowe statuetki.<\/p>\n<p><a href=\"http:\/\/info.sadowne.pl\/wp-content\/uploads\/2023\/05\/sad801.jpg\"><img loading=\"lazy\" decoding=\"async\" class=\"aligncenter size-full wp-image-27549\" src=\"http:\/\/info.sadowne.pl\/wp-content\/uploads\/2023\/05\/sad801.jpg\" alt=\"\" width=\"606\" height=\"338\" srcset=\"https:\/\/info.sadowne.pl\/wp-content\/uploads\/2023\/05\/sad801.jpg 606w, https:\/\/info.sadowne.pl\/wp-content\/uploads\/2023\/05\/sad801-300x167.jpg 300w\" sizes=\"auto, (max-width: 606px) 100vw, 606px\" \/><\/a><\/p>\n<p style=\"text-align: center;\"><strong>Krysia Wetoszka wbija symboliczny gw\u00f3\u017ad\u017a.<\/strong><\/p>\n<p><a href=\"http:\/\/info.sadowne.pl\/wp-content\/uploads\/2023\/05\/sad802.jpg\"><img loading=\"lazy\" decoding=\"async\" class=\"aligncenter size-full wp-image-27550\" src=\"http:\/\/info.sadowne.pl\/wp-content\/uploads\/2023\/05\/sad802.jpg\" alt=\"\" width=\"604\" height=\"695\" srcset=\"https:\/\/info.sadowne.pl\/wp-content\/uploads\/2023\/05\/sad802.jpg 604w, https:\/\/info.sadowne.pl\/wp-content\/uploads\/2023\/05\/sad802-261x300.jpg 261w\" sizes=\"auto, (max-width: 604px) 100vw, 604px\" \/><\/a><\/p>\n<p style=\"text-align: center;\">Pami\u0105tkowe zdj\u0119cie.<\/p>\n<p><a href=\"http:\/\/info.sadowne.pl\/wp-content\/uploads\/2023\/05\/sad803.jpg\"><img loading=\"lazy\" decoding=\"async\" class=\"aligncenter size-full wp-image-27551\" src=\"http:\/\/info.sadowne.pl\/wp-content\/uploads\/2023\/05\/sad803.jpg\" alt=\"\" width=\"277\" height=\"288\" \/><\/a><\/p>\n<p>&nbsp;<\/p>\n<p style=\"text-align: center;\"><span style=\"color: #0000ff;\"><strong>BROK<\/strong><\/span><\/p>\n<p style=\"text-align: center;\"><span style=\"color: #0000ff;\"><strong>10 sierpnia 2019 roku<\/strong><\/span><\/p>\n<h3 style=\"text-align: center;\"><strong>Nadbu<\/strong><strong>\u017c<\/strong><strong>a<\/strong><strong>\u0144<\/strong><strong>ski Festiwal Folkloru <\/strong><strong>i Kultury \u2013<\/strong><\/h3>\n<p><strong> <a href=\"http:\/\/info.sadowne.pl\/wp-content\/uploads\/2023\/05\/sad804.jpg\"><img loading=\"lazy\" decoding=\"async\" class=\"aligncenter size-full wp-image-27552\" src=\"http:\/\/info.sadowne.pl\/wp-content\/uploads\/2023\/05\/sad804.jpg\" alt=\"\" width=\"510\" height=\"62\" srcset=\"https:\/\/info.sadowne.pl\/wp-content\/uploads\/2023\/05\/sad804.jpg 510w, https:\/\/info.sadowne.pl\/wp-content\/uploads\/2023\/05\/sad804-300x36.jpg 300w\" sizes=\"auto, (max-width: 510px) 100vw, 510px\" \/><\/a><\/strong><\/p>\n<p>Muzyka ludowa zaw\u0142adn\u0119\u0142a w sobot\u0119 Brokowsk\u0105 pla\u017c\u0119 miejsk\u0105, Podczas nadbu\u017ca\u0144skiego festiwalu blisko 300 artyst\u00f3w zachwyci\u0142o licznie przyby\u0142ych mieszka\u0144c\u00f3w gminy Brok oraz go\u015bci z ca\u0142ego regionu swoim \u015bpiewem, \u017cywio\u0142owo\u015bci\u0105, kolorowymi strojami ludowymi i nastrojem pi\u0119knej folklorystycznej muzyki.<\/p>\n<p><strong>SADOWIANKI<\/strong> by\u0142y jednym z 18 zespo\u0142\u00f3w ludowych i \u015bpiewaczych bior\u0105cych udzia\u0142 w festiwalu.<\/p>\n<p><a href=\"http:\/\/info.sadowne.pl\/wp-content\/uploads\/2023\/05\/sad805.jpg\"><img loading=\"lazy\" decoding=\"async\" class=\"aligncenter size-full wp-image-27553\" src=\"http:\/\/info.sadowne.pl\/wp-content\/uploads\/2023\/05\/sad805.jpg\" alt=\"\" width=\"555\" height=\"668\" srcset=\"https:\/\/info.sadowne.pl\/wp-content\/uploads\/2023\/05\/sad805.jpg 555w, https:\/\/info.sadowne.pl\/wp-content\/uploads\/2023\/05\/sad805-249x300.jpg 249w\" sizes=\"auto, (max-width: 555px) 100vw, 555px\" \/><\/a><\/p>\n<p style=\"text-align: center;\">Losowanie kolejno\u015bci wyst\u0119powania zespo\u0142\u00f3w \u2013 <strong>Krysia Wetoszka.<\/strong><\/p>\n<p>Wyst\u0119pom towarzyszy\u0142y tak\u017ce rozstawione wok\u00f3\u0142 stoiska wystawc\u00f3w, kt\u00f3rzy zaprezentowali swoje wyroby regionalne z r\u0119kodzie\u0142em ludowym, tradycyjnym jedzeniem i napitkiem.<\/p>\n<p><a href=\"http:\/\/info.sadowne.pl\/wp-content\/uploads\/2023\/05\/sad806.jpg\"><img loading=\"lazy\" decoding=\"async\" class=\"aligncenter size-full wp-image-27554\" src=\"http:\/\/info.sadowne.pl\/wp-content\/uploads\/2023\/05\/sad806.jpg\" alt=\"\" width=\"607\" height=\"323\" srcset=\"https:\/\/info.sadowne.pl\/wp-content\/uploads\/2023\/05\/sad806.jpg 607w, https:\/\/info.sadowne.pl\/wp-content\/uploads\/2023\/05\/sad806-300x160.jpg 300w\" sizes=\"auto, (max-width: 607px) 100vw, 607px\" \/><\/a><\/p>\n<p style=\"text-align: center;\"><strong>SADOWIANKI<\/strong><\/p>\n<p><strong> <a href=\"http:\/\/info.sadowne.pl\/wp-content\/uploads\/2023\/05\/sad807.jpg\"><img loading=\"lazy\" decoding=\"async\" class=\"aligncenter size-full wp-image-27555\" src=\"http:\/\/info.sadowne.pl\/wp-content\/uploads\/2023\/05\/sad807.jpg\" alt=\"\" width=\"605\" height=\"224\" srcset=\"https:\/\/info.sadowne.pl\/wp-content\/uploads\/2023\/05\/sad807.jpg 605w, https:\/\/info.sadowne.pl\/wp-content\/uploads\/2023\/05\/sad807-300x111.jpg 300w\" sizes=\"auto, (max-width: 605px) 100vw, 605px\" \/><\/a><\/strong><\/p>\n<p>Wyst\u0119py zespo\u0142\u00f3w ocenia\u0142o jury w sk\u0142adzie:<\/p>\n<p>&#8211; <strong>Jacek W\u00f3jcik<\/strong> &#8211;\u00a0 przewodnicz\u0105cy (kier. artyst. zespo\u0142u Pie\u015bni i Ta\u0144ca ,,Kurpie\u201d<\/p>\n<p>&#8211; <strong>Ma\u0142gorzata Marczyk<\/strong> \u2013 cz\u0142onek jury (nauczyciel muzyki, folklorysta)<\/p>\n<p>&#8211; <strong>Roman Gruz<\/strong> \u2013 producent muzyczny, muzyk, kompozytor i aran\u017cer<\/p>\n<p><a href=\"http:\/\/info.sadowne.pl\/wp-content\/uploads\/2023\/05\/sad808.jpg\"><img loading=\"lazy\" decoding=\"async\" class=\"aligncenter size-full wp-image-27556\" src=\"http:\/\/info.sadowne.pl\/wp-content\/uploads\/2023\/05\/sad808.jpg\" alt=\"\" width=\"607\" height=\"323\" srcset=\"https:\/\/info.sadowne.pl\/wp-content\/uploads\/2023\/05\/sad808.jpg 607w, https:\/\/info.sadowne.pl\/wp-content\/uploads\/2023\/05\/sad808-300x160.jpg 300w\" sizes=\"auto, (max-width: 607px) 100vw, 607px\" \/><\/a><\/p>\n<p style=\"text-align: center;\"><strong>SADOWIANKI<\/strong><\/p>\n<p><strong> <a href=\"http:\/\/info.sadowne.pl\/wp-content\/uploads\/2023\/05\/sad809.jpg\"><img loading=\"lazy\" decoding=\"async\" class=\"aligncenter size-full wp-image-27557\" src=\"http:\/\/info.sadowne.pl\/wp-content\/uploads\/2023\/05\/sad809.jpg\" alt=\"\" width=\"601\" height=\"549\" srcset=\"https:\/\/info.sadowne.pl\/wp-content\/uploads\/2023\/05\/sad809.jpg 601w, https:\/\/info.sadowne.pl\/wp-content\/uploads\/2023\/05\/sad809-300x274.jpg 300w\" sizes=\"auto, (max-width: 601px) 100vw, 601px\" \/><\/a><\/strong><\/p>\n<p style=\"text-align: center;\">Wszystkie zespo\u0142y otrzyma\u0142y pami\u0105tkowe grawertony z r\u0105k burmistrza<\/p>\n<p style=\"text-align: center;\"><strong>pana Marka M\u0142y\u0144skiego.<\/strong><\/p>\n<p><strong> <a href=\"http:\/\/info.sadowne.pl\/wp-content\/uploads\/2023\/05\/sad810.jpg\"><img loading=\"lazy\" decoding=\"async\" class=\"aligncenter size-full wp-image-27558\" src=\"http:\/\/info.sadowne.pl\/wp-content\/uploads\/2023\/05\/sad810.jpg\" alt=\"\" width=\"603\" height=\"842\" srcset=\"https:\/\/info.sadowne.pl\/wp-content\/uploads\/2023\/05\/sad810.jpg 603w, https:\/\/info.sadowne.pl\/wp-content\/uploads\/2023\/05\/sad810-215x300.jpg 215w\" sizes=\"auto, (max-width: 603px) 100vw, 603px\" \/><\/a><\/strong><\/p>\n<p>Festiwal zosta\u0142 obj\u0119ty honorowym patronatem Marsza\u0142ka Wojew\u00f3dztwa Mazowieckiego <strong>p. Adama Struzika <\/strong>i Starosty ostrowskiego <strong>p. Zbigniewa Chrupka.<\/strong><strong>\u00a0<\/strong><\/p>\n<p><strong>\u0179r\u00f3d\u0142o:<\/strong> SADOWIANKI, Barbara Wr\u00f3bel, Sadowne 2023<\/p>\n","protected":false},"excerpt":{"rendered":"<p>BROK &#8211; 7 lipca 2019 roku.<\/p>\n","protected":false},"author":1,"featured_media":0,"comment_status":"closed","ping_status":"closed","sticky":false,"template":"","format":"standard","meta":{"footnotes":""},"categories":[5,31,1202],"tags":[3943,1218,101,960],"class_list":["post-27536","post","type-post","status-publish","format-standard","hentry","category-newsy","category-historia-gminy","category-zespol-spiewaczy-sadowianki","tag-50-lat-zespolu-spiewaczego-sadowianki","tag-barbara-wrobel","tag-historia-gminy-sadowne","tag-zespol-spiewaczy-sadowianki"],"views":1866,"_links":{"self":[{"href":"https:\/\/info.sadowne.pl\/index.php?rest_route=\/wp\/v2\/posts\/27536","targetHints":{"allow":["GET"]}}],"collection":[{"href":"https:\/\/info.sadowne.pl\/index.php?rest_route=\/wp\/v2\/posts"}],"about":[{"href":"https:\/\/info.sadowne.pl\/index.php?rest_route=\/wp\/v2\/types\/post"}],"author":[{"embeddable":true,"href":"https:\/\/info.sadowne.pl\/index.php?rest_route=\/wp\/v2\/users\/1"}],"replies":[{"embeddable":true,"href":"https:\/\/info.sadowne.pl\/index.php?rest_route=%2Fwp%2Fv2%2Fcomments&post=27536"}],"version-history":[{"count":1,"href":"https:\/\/info.sadowne.pl\/index.php?rest_route=\/wp\/v2\/posts\/27536\/revisions"}],"predecessor-version":[{"id":27559,"href":"https:\/\/info.sadowne.pl\/index.php?rest_route=\/wp\/v2\/posts\/27536\/revisions\/27559"}],"wp:attachment":[{"href":"https:\/\/info.sadowne.pl\/index.php?rest_route=%2Fwp%2Fv2%2Fmedia&parent=27536"}],"wp:term":[{"taxonomy":"category","embeddable":true,"href":"https:\/\/info.sadowne.pl\/index.php?rest_route=%2Fwp%2Fv2%2Fcategories&post=27536"},{"taxonomy":"post_tag","embeddable":true,"href":"https:\/\/info.sadowne.pl\/index.php?rest_route=%2Fwp%2Fv2%2Ftags&post=27536"}],"curies":[{"name":"wp","href":"https:\/\/api.w.org\/{rel}","templated":true}]}}