{"id":27564,"date":"2023-05-15T13:46:19","date_gmt":"2023-05-15T11:46:19","guid":{"rendered":"http:\/\/info.sadowne.pl\/?p=27564"},"modified":"2023-05-15T13:46:34","modified_gmt":"2023-05-15T11:46:34","slug":"kronika-strazacka-07-14-05-2023","status":"publish","type":"post","link":"https:\/\/info.sadowne.pl\/?p=27564","title":{"rendered":"Kronika stra\u017cacka 07 &#8211; 14.05.2023"},"content":{"rendered":"<p><strong><a href=\"http:\/\/info.sadowne.pl\/wp-content\/uploads\/2013\/07\/straz3.jpg\"><img loading=\"lazy\" decoding=\"async\" class=\"alignleft size-thumbnail wp-image-2625\" src=\"http:\/\/info.sadowne.pl\/wp-content\/uploads\/2013\/07\/straz3-180x130.jpg\" alt=\"\" width=\"180\" height=\"130\" \/><\/a>W<\/strong><strong> okresie<\/strong><strong> 07 &#8211; 14.05.2023 \u00a0na<\/strong><strong> terenie<\/strong><strong> powiatu<\/strong><strong> w\u0119growskiego<\/strong><strong> zanotowano: <\/strong><strong>15 zdarze\u0144,<\/strong><strong> przy<\/strong><strong> kt\u00f3rych<\/strong><strong> interweniowa\u0142y<\/strong><strong> jednostki<\/strong><strong> ochrony<\/strong><strong> przeciwpo\u017carowej, w tym:<\/strong><strong> 11 po\u017car\u00f3w, 3 miejscowe zagro\u017cenia i 1 alarm fa\u0142szywy.<\/strong><!--more--><\/p>\n<p><strong>11.05.2023 \u2013 Bednarze, gm. Korytnica \u2013 \u00a0po\u017car traw na nieu\u017cytkach.<\/strong><\/p>\n<p>Dzia\u0142ania pierwszego zast\u0119pu polega\u0142y na zabezpieczeniu miejsca zdarzenia oraz podaniu jednego pr\u0105du wody w natarciu po obwodzie po\u017caru. Kolejne przyby\u0142e zast\u0119py wspar\u0142y prowadzone dzia\u0142ania podaj\u0105c kolejne dwa pr\u0105dy wody w natarciu oraz ratownicy przyst\u0105pili do gaszenia po\u017caru przy u\u017cyciu t\u0142umic, co doprowadzi\u0142o do lokalizacji po\u017caru. Zorganizowano stanowisko wodne z rzeki Liwiec w celu zapewnienia zaopatrzenia wodnego.<\/p>\n<p>Uleg\u0142o zniszczeniu lub spaleniu: 1,5 ha trawy na nieu\u017cytkach.<\/p>\n<p>W DZIA\u0141ANIACH RATOWNICZYCH UDZIA\u0141 BRA\u0141O: 5 zast\u0119p\u00f3w stra\u017cy i 22 ratownik\u00f3w.<\/p>\n<p><strong>12.05.2023 \u2013 \u015anice, gm. Liw \u2013 po\u017car komory silnika w samochodzie dostawczym.<\/strong><strong>\u00a0<\/strong><\/p>\n<p>Na DW 696 dosz\u0142o do niewielkiego po\u017caru w komorze silnika samochodu dostawczego marki Iveco. W poje\u017adzie tym podr\u00f3\u017cowa\u0142y 3 osoby &#8211; w wyniku zdarzenia nikt nie odni\u00f3s\u0142 obra\u017ce\u0144. Dzia\u0142ania zast\u0119pu polega\u0142y na zabezpieczeniu miejsca zdarzenia oraz podaniu jednego pr\u0105du wody w natarciu na po\u017car, co doprowadzi\u0142o do jego lokalizacji<\/p>\n<p>Uleg\u0142o zniszczeniu lub spaleniu: cz\u0119\u015bciowo komora silnika.<\/p>\n<p>W DZIA\u0141ANIACH RATOWNICZYCH UDZIA\u0141 BRA\u0141O: 3 zast\u0119py stra\u017cy i 16 ratownik\u00f3w.<\/p>\n<p><strong>12.05.2023 \u2013 \u017bele\u017aniki, \u00a0gm. Miedzna \u2013 wypadek motocyklisty (\u015bmiertelny).<\/strong><\/p>\n<p>Przyby\u0142y na miejsce zast\u0119p PSP w wyniku rozpoznania stwierdzi\u0142, \u017ce w wyniku zjechania do rowu motocyklista straci\u0142 panowanie nad jedno\u015bladem, uderzy\u0142 w drzewo, a nast\u0119pnie przewr\u00f3ci\u0142 si\u0119. Poszkodowany bez funkcji \u017cyciowych.<\/p>\n<p>Dzia\u0142ania zast\u0119pu polega\u0142y na zabezpieczeniu miejsca zdarzenia oraz udzieleniu KPP (stabilizacja kr\u0119gos\u0142upa szyjnego i g\u0142owy, udro\u017cnienie dr\u00f3g oddechowych, tlenoterapia czynna, RKO, Defibrylacja AED). Po przybyciu na miejsce Zespo\u0142u Ratownictwa Medycznego poszkodowanego przekazano do\u00a0 ZRM.<\/p>\n<p>W DZIA\u0141ANIACH RATOWNICZYCH UDZIA\u0141 BRA\u0141O: 2 zast\u0119py stra\u017cy i 9 ratownik\u00f3w.<\/p>\n<p><strong>13.05.2023 \u2013 Zgrzebichy, gm. Stoczek \u2013 wypadek dw\u00f3ch samochod\u00f3w osobowych.<\/strong><\/p>\n<p>Dosz\u0142o zderzenia drogowego z udzia\u0142em dw\u00f3ch samochod\u00f3w osobowych BMW i Volkswagena, podr\u00f3\u017cuj\u0105cy pojazdami przytomni, opu\u015bcili pojazdy o w\u0142asnych si\u0142ach. \u00a0Dzia\u0142ania zast\u0119pu polega\u0142y na zabezpieczeniu miejsca zdarzenia, udzieleniu kwalifikowanej pierwszej pomocy osobie poszkodowane. R\u00f3wnolegle od\u0142\u0105czono akumulatory oraz zabezpieczono wycieki p\u0142yn\u00f3w eksploatacyjnych w pojazdach (p\u0142yn ch\u0142odniczy). Po przybyciu ZRM, przekazano osob\u0119 poszkodowan\u0105.<\/p>\n<p>Uleg\u0142o zniszczeniu lub spaleniu: przody samochod\u00f3w BMW i Volkswagen.<\/p>\n<p>W DZIA\u0141ANIACH RATOWNICZYCH UDZIA\u0141 BRA\u0141O: 3 zast\u0119py stra\u017cy i 14 ratownik\u00f3w.<\/p>\n<p><strong>14.05.2023 \u2013 \u0141och\u00f3w, ul. M. Konopnickiej \u2013 po\u017car budynku zespo\u0142u hotelowego ARCHE.<\/strong><\/p>\n<p>W Zespole Pa\u0142acowym Folwark w \u0141ochowie pali\u0142 si\u0119 sk\u0142ad opakowa\u0144 kartonowych przy zapleczu kuchennym oraz po\u017car rozprzestrzeni\u0142 si\u0119 na elewacj\u0119 budynku (po\u017carem obj\u0119te ok. 80 m2 elewacji) oraz zadaszenie. W mi\u0119dzyczasie pracownicy ewakuowali go\u015bci hotelowych oraz personel na zewn\u0105trz budynku (28 os\u00f3b) oraz od\u0142\u0105czyli pr\u0105d. Dzia\u0142ania\u00a0 zast\u0119p\u00f3w polega\u0142y na zabezpieczeniu miejsca zdarzenia oraz podaniu dw\u00f3ch pr\u0105d\u00f3w wody w natarciu na po\u017car. Powy\u017csze dzia\u0142ania doprowadzi\u0142y do lokalizacji po\u017caru,\u00a0 przewietrzono budynek &#8211; wentylacja mechaniczna oraz przeprowadzono drobne prace rozbi\u00f3rkowe zadaszenia w miejscu po\u017caru celem dogaszenia zarzewi ognia. Po zlikwidowaniu po\u017caru sprawdzono kamer\u0105 termowizyjn\u0105 pogorzelisko nie stwierdzaj\u0105c zagro\u017cenia, sprawdzono r\u00f3wnie\u017c ca\u0142y budynek na obecno\u015b\u0107 tlenku w\u0119gla miernikiem &#8211; nie stwierdzono.<\/p>\n<p>Uleg\u0142o zniszczeniu lub spaleniu : elewacja na powierzchni ok 80 m2.<\/p>\n<p>W DZIA\u0141ANIACH RATOWNICZYCH UDZIA\u0141 BRA\u0141O: 6 zast\u0119p\u00f3w stra\u017cy i 25 ratownik\u00f3w.<\/p>\n<p><strong>KP PSP W\u0119gr\u00f3w<\/strong><\/p>\n","protected":false},"excerpt":{"rendered":"<p>W okresie 07 &#8211; 14.05.2023 \u00a0na terenie powiatu w\u0119growskiego zanotowano: 15 zdarze\u0144, przy kt\u00f3rych interweniowa\u0142y jednostki ochrony przeciwpo\u017carowej, w tym: 11 po\u017car\u00f3w, 3 miejscowe zagro\u017cenia i 1 alarm fa\u0142szywy.<\/p>\n","protected":false},"author":1,"featured_media":0,"comment_status":"closed","ping_status":"closed","sticky":false,"template":"","format":"standard","meta":{"footnotes":""},"categories":[5,4,267],"tags":[491,643],"class_list":["post-27564","post","type-post","status-publish","format-standard","hentry","category-newsy","category-policja-straz-pozarna-pogotowie-ratunkowe","category-straz-pozarna-policja-straz-pozarna-pogotowie-ratunkowe","tag-komenda-powiatowa-panstwowej-strazy-pozarnej-w-wegrowie","tag-kronika-strazacka"],"views":1601,"_links":{"self":[{"href":"https:\/\/info.sadowne.pl\/index.php?rest_route=\/wp\/v2\/posts\/27564","targetHints":{"allow":["GET"]}}],"collection":[{"href":"https:\/\/info.sadowne.pl\/index.php?rest_route=\/wp\/v2\/posts"}],"about":[{"href":"https:\/\/info.sadowne.pl\/index.php?rest_route=\/wp\/v2\/types\/post"}],"author":[{"embeddable":true,"href":"https:\/\/info.sadowne.pl\/index.php?rest_route=\/wp\/v2\/users\/1"}],"replies":[{"embeddable":true,"href":"https:\/\/info.sadowne.pl\/index.php?rest_route=%2Fwp%2Fv2%2Fcomments&post=27564"}],"version-history":[{"count":2,"href":"https:\/\/info.sadowne.pl\/index.php?rest_route=\/wp\/v2\/posts\/27564\/revisions"}],"predecessor-version":[{"id":27566,"href":"https:\/\/info.sadowne.pl\/index.php?rest_route=\/wp\/v2\/posts\/27564\/revisions\/27566"}],"wp:attachment":[{"href":"https:\/\/info.sadowne.pl\/index.php?rest_route=%2Fwp%2Fv2%2Fmedia&parent=27564"}],"wp:term":[{"taxonomy":"category","embeddable":true,"href":"https:\/\/info.sadowne.pl\/index.php?rest_route=%2Fwp%2Fv2%2Fcategories&post=27564"},{"taxonomy":"post_tag","embeddable":true,"href":"https:\/\/info.sadowne.pl\/index.php?rest_route=%2Fwp%2Fv2%2Ftags&post=27564"}],"curies":[{"name":"wp","href":"https:\/\/api.w.org\/{rel}","templated":true}]}}