{"id":27609,"date":"2023-05-25T13:23:29","date_gmt":"2023-05-25T11:23:29","guid":{"rendered":"http:\/\/info.sadowne.pl\/?p=27609"},"modified":"2023-05-25T13:23:29","modified_gmt":"2023-05-25T11:23:29","slug":"w-czyzewie-strazy-ogniowej-nie-bedzie","status":"publish","type":"post","link":"https:\/\/info.sadowne.pl\/?p=27609","title":{"rendered":"W Czy\u017cewie stra\u017cy ogniowej nie b\u0119dzie,"},"content":{"rendered":"<p><strong><a href=\"http:\/\/info.sadowne.pl\/wp-content\/uploads\/2023\/05\/Brok126.jpg\" target=\"_blank\" rel=\"noopener\"><img loading=\"lazy\" decoding=\"async\" class=\"alignleft wp-image-27610 size-thumbnail\" src=\"http:\/\/info.sadowne.pl\/wp-content\/uploads\/2023\/05\/Brok126-180x130.jpg\" alt=\"\" width=\"180\" height=\"130\" \/><\/a>\u2026niegrzesz\u0105cy pracowito\u015bci\u0105 Kurpie, p\u00f3\u0142nagich skandalistek ci\u0105g dalszy, wendetta w Bra\u0144szczyku i uj\u0119cie rabusi\u00f3w winnych zuchwa\u0142ego napadu pod G\u0105siorowem.<\/strong><!--more--><\/p>\n<p>Niedawno donosili\u015bmy, i\u017c starozakonna mniejszo\u015b\u0107, stanowi\u0105ca w Czy\u017cewie przyt\u0142aczaj\u0105c\u0105 wi\u0119kszo\u015b\u0107, jest do imentu podzielona na dwa wrogie, zwalczaj\u0105ce si\u0119 wszelkimi dost\u0119pnymi \u015brodkami obozy. Pisali\u015bmy m.in. o krwawych potyczkach toczonych na ulicach miasteczka, na tle podzia\u0142u wp\u0142yw\u00f3w na rynku da\u0144 koszernych. By\u0142a tam tak\u017ce mowa o kl\u0105twie rzuconej przez rabina na czy\u017cewsk\u0105 studni\u0119, o kt\u00f3rej autor cytowanego poni\u017cej listu r\u00f3wnie\u017c raczy\u0142 napomkn\u0105\u0107. Zrozumia\u0142e zatem, \u017ce w Czy\u017cewie nale\u017ca\u0142oby stworzy\u0107, co najmniej dwie ochotnicze stra\u017ce ogniowe, a nie jest wykluczone, \u017ce ewentualna akcja ga\u015bnicza zamieni\u0142aby si\u0119 w bitw\u0119 toczon\u0105 przez zwa\u015bnionych stra\u017cak\u00f3w z pomoc\u0105 topork\u00f3w i wszelkiego innego sprz\u0119tu ga\u015bniczego.<\/p>\n<p>Nie ma ko\u0144ca zn\u0119caniu si\u0119 pana Dominika Staszewskiego nad biednymi Kurpiami. Tym razem oskar\u017ca ich o lenistwo i to bodaj najwi\u0119ksze w skali ca\u0142ego kraju. Za najlepszy spos\u00f3b wyrobienia nawyku sta\u0142ej, systematycznej pracy w Kurpiach, uwa\u017ca pan Dominik, nak\u0142onienie najmniejszej kurpiowskiej latoro\u015bli do zbierania ca\u0142ymi dniami kamieni po polach i drogach. By\u0142aby to nie tyle praca, ile relaks i rozrywka, bo przecie\u017c kamienie r\u00f3\u017cni\u0105 si\u0119 wielko\u015bci\u0105 i wag\u0105, pryzmy za\u015b maj\u0105 rozmaite rozmiary i kszta\u0142ty, co jest wielce zabawne i pouczaj\u0105ce \u2013 rzec mo\u017cna, \u017ce to pierwowz\u00f3r klock\u00f3w pewnej du\u0144skiej firmy.<\/p>\n<p>W po\u0142owie lutego b.r. zamie\u015bcili\u015bmy na naszych \u0142amach list od pana W\u0142adka spod Kosowa, kt\u00f3remu brak\u0142o s\u0142\u00f3w, aby wyrazi\u0107 oburzenie na panny wszeteczne paraduj\u0105ce p\u00f3\u0142nago po wiosce. Redakcja dotar\u0142a do materia\u0142u, wskazuj\u0105cego, \u017ce owe frywolne podfruwajki mog\u0142y by\u0107 elementem spisku, kt\u00f3rego celem jest zniszczenie naszej ojczyzny, poprzez demoralizacj\u0119 m\u0142odzie\u017cy.<\/p>\n<p><strong>Wi\u0119cej na stronie <span style=\"color: #0000ff;\"><a style=\"color: #0000ff;\" href=\"http:\/\/madzelan.cba.pl\/w-czyzewie-strazy-ogniowej-nie-bedzie-niegrzeszacy-pracowitoscia-kurpie-polnagich-skandalistek-ciag-dalszy-wendetta-w-branszczyku-i-ujecie-rabusiow-winnych-zuchwalego-napadu-pod-gasiorowem\/\" target=\"_blank\" rel=\"noopener\">http:\/\/madzelan.cba.pl\/w-czyzewie-strazy-ogniowej-nie-bedzie-niegrzeszacy-pracowitoscia-kurpie-polnagich-skandalistek-ciag-dalszy-wendetta-w-branszczyku-i-ujecie-rabusiow-winnych-zuchwalego-napadu-pod-gasiorowem\/<\/a><\/span><\/strong><\/p>\n<p><strong>\u00a0<\/strong><\/p>\n","protected":false},"excerpt":{"rendered":"<p>\u2026niegrzesz\u0105cy pracowito\u015bci\u0105 Kurpie, p\u00f3\u0142nagich skandalistek ci\u0105g dalszy, wendetta w Bra\u0144szczyku i uj\u0119cie rabusi\u00f3w winnych zuchwa\u0142ego napadu pod G\u0105siorowem.<\/p>\n","protected":false},"author":1,"featured_media":0,"comment_status":"closed","ping_status":"closed","sticky":false,"template":"","format":"standard","meta":{"footnotes":""},"categories":[5,3436,31],"tags":[745,3004,2956],"class_list":["post-27609","post","type-post","status-publish","format-standard","hentry","category-newsy","category-opowiesci-historie-legendy-brokowskie-i-nie-tylko","category-historia-gminy","tag-brok","tag-jerzy-madzelan","tag-opowiesci-historie-legendy-brokowskie-i-nie-tylko"],"views":1649,"_links":{"self":[{"href":"https:\/\/info.sadowne.pl\/index.php?rest_route=\/wp\/v2\/posts\/27609","targetHints":{"allow":["GET"]}}],"collection":[{"href":"https:\/\/info.sadowne.pl\/index.php?rest_route=\/wp\/v2\/posts"}],"about":[{"href":"https:\/\/info.sadowne.pl\/index.php?rest_route=\/wp\/v2\/types\/post"}],"author":[{"embeddable":true,"href":"https:\/\/info.sadowne.pl\/index.php?rest_route=\/wp\/v2\/users\/1"}],"replies":[{"embeddable":true,"href":"https:\/\/info.sadowne.pl\/index.php?rest_route=%2Fwp%2Fv2%2Fcomments&post=27609"}],"version-history":[{"count":1,"href":"https:\/\/info.sadowne.pl\/index.php?rest_route=\/wp\/v2\/posts\/27609\/revisions"}],"predecessor-version":[{"id":27611,"href":"https:\/\/info.sadowne.pl\/index.php?rest_route=\/wp\/v2\/posts\/27609\/revisions\/27611"}],"wp:attachment":[{"href":"https:\/\/info.sadowne.pl\/index.php?rest_route=%2Fwp%2Fv2%2Fmedia&parent=27609"}],"wp:term":[{"taxonomy":"category","embeddable":true,"href":"https:\/\/info.sadowne.pl\/index.php?rest_route=%2Fwp%2Fv2%2Fcategories&post=27609"},{"taxonomy":"post_tag","embeddable":true,"href":"https:\/\/info.sadowne.pl\/index.php?rest_route=%2Fwp%2Fv2%2Ftags&post=27609"}],"curies":[{"name":"wp","href":"https:\/\/api.w.org\/{rel}","templated":true}]}}