{"id":27612,"date":"2023-05-26T18:20:54","date_gmt":"2023-05-26T16:20:54","guid":{"rendered":"http:\/\/info.sadowne.pl\/?p=27612"},"modified":"2023-05-26T18:20:54","modified_gmt":"2023-05-26T16:20:54","slug":"sadowianki-dozynki-2019","status":"publish","type":"post","link":"https:\/\/info.sadowne.pl\/?p=27612","title":{"rendered":"Sadowianki &#8211; Do\u017cynki 2019"},"content":{"rendered":"<p><strong><a href=\"http:\/\/info.sadowne.pl\/wp-content\/uploads\/2023\/05\/sad814.jpg\"><img loading=\"lazy\" decoding=\"async\" class=\"alignleft size-thumbnail wp-image-27617\" src=\"http:\/\/info.sadowne.pl\/wp-content\/uploads\/2023\/05\/sad814-180x130.jpg\" alt=\"\" width=\"180\" height=\"130\" \/><\/a>SADOWNE &#8211; <\/strong><strong>15 sierpnia 2019 roku.<\/strong><!--more--><\/p>\n<h3 style=\"text-align: center;\"><span style=\"color: #339966;\"><strong>Do\u017cynki<\/strong><\/span><\/h3>\n<h3 style=\"text-align: center;\"><span style=\"color: #ff0000;\"><em><strong>Jubileusz Zespo<\/strong><strong>\u0142<\/strong><strong>u <\/strong><strong>\u015a<\/strong><strong>piewaczego SADOWIANKI<\/strong><\/em><\/span><\/h3>\n<p><a href=\"http:\/\/info.sadowne.pl\/wp-content\/uploads\/2023\/05\/sad811.jpg\"><img loading=\"lazy\" decoding=\"async\" class=\"aligncenter size-full wp-image-27614\" src=\"http:\/\/info.sadowne.pl\/wp-content\/uploads\/2023\/05\/sad811.jpg\" alt=\"\" width=\"603\" height=\"365\" srcset=\"https:\/\/info.sadowne.pl\/wp-content\/uploads\/2023\/05\/sad811.jpg 603w, https:\/\/info.sadowne.pl\/wp-content\/uploads\/2023\/05\/sad811-300x182.jpg 300w\" sizes=\"auto, (max-width: 603px) 100vw, 603px\" \/><\/a><\/p>\n<p style=\"text-align: center;\">Wej\u015bcie do ko\u015bcio\u0142a.<\/p>\n<p><a href=\"http:\/\/info.sadowne.pl\/wp-content\/uploads\/2023\/05\/sad812.jpg\"><img loading=\"lazy\" decoding=\"async\" class=\"aligncenter size-full wp-image-27615\" src=\"http:\/\/info.sadowne.pl\/wp-content\/uploads\/2023\/05\/sad812.jpg\" alt=\"\" width=\"605\" height=\"403\" srcset=\"https:\/\/info.sadowne.pl\/wp-content\/uploads\/2023\/05\/sad812.jpg 605w, https:\/\/info.sadowne.pl\/wp-content\/uploads\/2023\/05\/sad812-300x200.jpg 300w\" sizes=\"auto, (max-width: 605px) 100vw, 605px\" \/><\/a><\/p>\n<p style=\"text-align: center;\">Zesp\u00f3\u0142 \u015bpiewa pie\u015b\u0144 : ,,B\u0142ogos\u0142awiona dobro\u0107 cz\u0142owieka\u201d.<\/p>\n<p>Tegoroczne \u015bwi\u0119to polskiej wsi w gminie Sadowne rozpocz\u0119\u0142a msza \u015bw. celebrowana przez ks. Antoniego Kunickiego, po zako\u0144czeniu kt\u00f3rej korow\u00f3d uczestnik\u00f3w z przygotowanymi wie\u0144cami przemaszerowa\u0142 na plac targowy.<\/p>\n<p><a href=\"http:\/\/info.sadowne.pl\/wp-content\/uploads\/2023\/05\/sad813.jpg\"><img loading=\"lazy\" decoding=\"async\" class=\"aligncenter size-full wp-image-27616\" src=\"http:\/\/info.sadowne.pl\/wp-content\/uploads\/2023\/05\/sad813.jpg\" alt=\"\" width=\"601\" height=\"379\" srcset=\"https:\/\/info.sadowne.pl\/wp-content\/uploads\/2023\/05\/sad813.jpg 601w, https:\/\/info.sadowne.pl\/wp-content\/uploads\/2023\/05\/sad813-300x189.jpg 300w\" sizes=\"auto, (max-width: 601px) 100vw, 601px\" \/><\/a><\/p>\n<p style=\"text-align: center;\">Korow\u00f3d zmierza na Plac Targowy.<\/p>\n<p><a href=\"http:\/\/info.sadowne.pl\/wp-content\/uploads\/2023\/05\/sad814.jpg\"><img loading=\"lazy\" decoding=\"async\" class=\"aligncenter size-full wp-image-27617\" src=\"http:\/\/info.sadowne.pl\/wp-content\/uploads\/2023\/05\/sad814.jpg\" alt=\"\" width=\"603\" height=\"332\" srcset=\"https:\/\/info.sadowne.pl\/wp-content\/uploads\/2023\/05\/sad814.jpg 603w, https:\/\/info.sadowne.pl\/wp-content\/uploads\/2023\/05\/sad814-300x165.jpg 300w\" sizes=\"auto, (max-width: 603px) 100vw, 603px\" \/><\/a><\/p>\n<p style=\"text-align: center;\">Rozpocz\u0119cie Obrz\u0119du Do\u017cynkowego.<\/p>\n<p><a href=\"http:\/\/info.sadowne.pl\/wp-content\/uploads\/2023\/05\/sad815.jpg\"><img loading=\"lazy\" decoding=\"async\" class=\"aligncenter size-full wp-image-27618\" src=\"http:\/\/info.sadowne.pl\/wp-content\/uploads\/2023\/05\/sad815.jpg\" alt=\"\" width=\"606\" height=\"401\" srcset=\"https:\/\/info.sadowne.pl\/wp-content\/uploads\/2023\/05\/sad815.jpg 606w, https:\/\/info.sadowne.pl\/wp-content\/uploads\/2023\/05\/sad815-300x199.jpg 300w\" sizes=\"auto, (max-width: 606px) 100vw, 606px\" \/><\/a><\/p>\n<p>Po oficjalnym powitaniu go\u015bci W\u00f3jt Gminy Sadowne<strong> p.Waldemar Cyran <\/strong>wraz ze Starostami Do\u017cynek dzielili w\u015br\u00f3d publiczno\u015bci chleb upieczony ze \u015bwie\u017cych zbior\u00f3w.<\/p>\n<p><a href=\"http:\/\/info.sadowne.pl\/wp-content\/uploads\/2023\/05\/sad816.jpg\"><img loading=\"lazy\" decoding=\"async\" class=\"aligncenter size-full wp-image-27619\" src=\"http:\/\/info.sadowne.pl\/wp-content\/uploads\/2023\/05\/sad816.jpg\" alt=\"\" width=\"606\" height=\"404\" srcset=\"https:\/\/info.sadowne.pl\/wp-content\/uploads\/2023\/05\/sad816.jpg 606w, https:\/\/info.sadowne.pl\/wp-content\/uploads\/2023\/05\/sad816-300x200.jpg 300w\" sizes=\"auto, (max-width: 606px) 100vw, 606px\" \/><\/a><\/p>\n<p>Marsza\u0142ek Wojew\u00f3dztwa Mazowieckiego <strong>Adam Struzik<\/strong> i Cz\u0142onek Zarz\u0105du Wojew\u00f3dztwa Mazowieckiego\u00a0<strong>El\u017cbieta Lanc<\/strong> sk\u0142adaj\u0105 na r\u0119ce kierownik zespo\u0142u <strong>Krysi Wetoszka<\/strong> podzi\u0119kowania za 45 lat dzia\u0142alno\u015bci Zespo\u0142u <strong>SADOWIANKI.<\/strong><\/p>\n<p><a href=\"http:\/\/info.sadowne.pl\/wp-content\/uploads\/2023\/05\/sad817.jpg\"><img loading=\"lazy\" decoding=\"async\" class=\"aligncenter size-full wp-image-27620\" src=\"http:\/\/info.sadowne.pl\/wp-content\/uploads\/2023\/05\/sad817.jpg\" alt=\"\" width=\"601\" height=\"400\" srcset=\"https:\/\/info.sadowne.pl\/wp-content\/uploads\/2023\/05\/sad817.jpg 601w, https:\/\/info.sadowne.pl\/wp-content\/uploads\/2023\/05\/sad817-300x200.jpg 300w\" sizes=\"auto, (max-width: 601px) 100vw, 601px\" \/><\/a><\/p>\n<p style=\"text-align: center;\"><strong>Na wydarzenie przybyli m.in.: <\/strong><\/p>\n<p style=\"text-align: center;\">Marsza\u0142ek Wojew\u00f3dztwa Mazowieckiego <strong>Adam Struzik<\/strong><\/p>\n<p style=\"text-align: center;\">Cz\u0142onek Zarz\u0105du Wojew\u00f3dztwa Mazowieckiego\u00a0<strong>El\u017cbieta Lanc<\/strong>, Pose\u0142 <strong>Daniel Milewski<\/strong>, Pose\u0142 <strong>Marek Sawicki<\/strong>,<\/p>\n<p style=\"text-align: center;\">zast\u0119pca dyrektora ARiMR <strong>Maciej G\u00f3rski<\/strong>,<\/p>\n<p style=\"text-align: center;\">Wicestarosta W\u0119growski <strong>Marek Renik<\/strong>,<\/p>\n<p style=\"text-align: center;\">Kierownik delegatury Mazowieckiego Urz\u0119du Wojew\u00f3dzkiego w Siedlcach <strong>Anna Kaszuba<\/strong>,<\/p>\n<p style=\"text-align: center;\">Radni Rady\u00a0Powiatu W\u0119growskiego:<\/p>\n<p style=\"text-align: center;\"><strong>Ma\u0142gorzata Zy\u015bk<\/strong>, <strong>Krzysztof Fedorczyk<\/strong> i\u00a0<strong>Adam Str\u0105k<\/strong>,<\/p>\n<p style=\"text-align: center;\">W\u00f3jt Gminy Sadowne <strong>Waldemar Cyran<\/strong> i Z-ca w\u00f3jta\u00a0 <strong>Marcin Gr\u0119da<\/strong>,<\/p>\n<p style=\"text-align: center;\">Z-ca w\u00f3jta gminy Izabelin <strong>Micha\u0142 Postek<\/strong>,<\/p>\n<p style=\"text-align: center;\">Kierownik Plac\u00f3wki Terenowej KRUS w W\u0119growie<\/p>\n<p style=\"text-align: center;\"><strong>Adam Kowalczyk<\/strong>,<\/p>\n<p style=\"text-align: center;\">dyrektor\u00a0GOK w Sadownem <strong>Ewa Pi\u00f3rkowska<\/strong>.<\/p>\n<p><a href=\"http:\/\/info.sadowne.pl\/wp-content\/uploads\/2023\/05\/sad818.jpg\"><img loading=\"lazy\" decoding=\"async\" class=\"aligncenter size-full wp-image-27621\" src=\"http:\/\/info.sadowne.pl\/wp-content\/uploads\/2023\/05\/sad818.jpg\" alt=\"\" width=\"608\" height=\"405\" srcset=\"https:\/\/info.sadowne.pl\/wp-content\/uploads\/2023\/05\/sad818.jpg 608w, https:\/\/info.sadowne.pl\/wp-content\/uploads\/2023\/05\/sad818-300x200.jpg 300w\" sizes=\"auto, (max-width: 608px) 100vw, 608px\" \/><\/a><\/p>\n<p style=\"text-align: center;\">\n<p style=\"text-align: center;\">p. Waldemar Cyran, p. El\u017cbieta Lanc, p. Adam Struzik<\/p>\n<p>&nbsp;<\/p>\n<p style=\"text-align: center;\">Cz\u0142onkowie zespo\u0142u dawni i obecni otrzymali pami\u0105tkowe statuetki.<\/p>\n<p><a href=\"http:\/\/info.sadowne.pl\/wp-content\/uploads\/2023\/05\/sad819.jpg\"><img loading=\"lazy\" decoding=\"async\" class=\"aligncenter size-full wp-image-27622\" src=\"http:\/\/info.sadowne.pl\/wp-content\/uploads\/2023\/05\/sad819.jpg\" alt=\"\" width=\"607\" height=\"465\" srcset=\"https:\/\/info.sadowne.pl\/wp-content\/uploads\/2023\/05\/sad819.jpg 607w, https:\/\/info.sadowne.pl\/wp-content\/uploads\/2023\/05\/sad819-300x230.jpg 300w\" sizes=\"auto, (max-width: 607px) 100vw, 607px\" \/><\/a><\/p>\n<p>&nbsp;<\/p>\n<p style=\"text-align: center;\">Podzi\u0119kowanie od w\u00f3jta gminy Sadowne p. Waldemara Cyrana.<\/p>\n<p><a href=\"http:\/\/info.sadowne.pl\/wp-content\/uploads\/2023\/05\/sad820-1.jpg\"><img loading=\"lazy\" decoding=\"async\" class=\"aligncenter size-full wp-image-27624\" src=\"http:\/\/info.sadowne.pl\/wp-content\/uploads\/2023\/05\/sad820-1.jpg\" alt=\"\" width=\"607\" height=\"405\" srcset=\"https:\/\/info.sadowne.pl\/wp-content\/uploads\/2023\/05\/sad820-1.jpg 607w, https:\/\/info.sadowne.pl\/wp-content\/uploads\/2023\/05\/sad820-1-300x200.jpg 300w\" sizes=\"auto, (max-width: 607px) 100vw, 607px\" \/><\/a><\/p>\n<p style=\"text-align: center;\">Z-ca W\u00f3jta\u00a0 Marcin Gr\u0119da, Basia Wr\u00f3bel i Krysia Wetoszka, W\u00f3jt Gminy Sadowne Waldemar Cyran i Dyrektor GOK w Sadownem\u00a0Ewa Pi\u00f3rkowska.<\/p>\n<p style=\"text-align: center;\"><strong>Po wys\u0142uchaniu koncertu<\/strong><\/p>\n<p style=\"text-align: center;\"><span style=\"color: #339966;\"><strong>Zespo\u0142u SADOWIANKI<\/strong><\/span><\/p>\n<p style=\"text-align: center;\"><strong>wszyscy mogli skosztowa\u0107 jubileuszowego tortu.<\/strong><\/p>\n<p><a href=\"http:\/\/info.sadowne.pl\/wp-content\/uploads\/2023\/05\/sad821.jpg\"><img loading=\"lazy\" decoding=\"async\" class=\"aligncenter size-full wp-image-27625\" src=\"http:\/\/info.sadowne.pl\/wp-content\/uploads\/2023\/05\/sad821.jpg\" alt=\"\" width=\"499\" height=\"544\" srcset=\"https:\/\/info.sadowne.pl\/wp-content\/uploads\/2023\/05\/sad821.jpg 499w, https:\/\/info.sadowne.pl\/wp-content\/uploads\/2023\/05\/sad821-275x300.jpg 275w\" sizes=\"auto, (max-width: 499px) 100vw, 499px\" \/><\/a><\/p>\n<p>&nbsp;<\/p>\n<p><a href=\"http:\/\/info.sadowne.pl\/wp-content\/uploads\/2023\/05\/sad822.jpg\"><img loading=\"lazy\" decoding=\"async\" class=\"aligncenter size-full wp-image-27626\" src=\"http:\/\/info.sadowne.pl\/wp-content\/uploads\/2023\/05\/sad822.jpg\" alt=\"\" width=\"602\" height=\"317\" srcset=\"https:\/\/info.sadowne.pl\/wp-content\/uploads\/2023\/05\/sad822.jpg 602w, https:\/\/info.sadowne.pl\/wp-content\/uploads\/2023\/05\/sad822-300x158.jpg 300w\" sizes=\"auto, (max-width: 602px) 100vw, 602px\" \/><\/a><\/p>\n<p style=\"text-align: center;\">Pami\u0105tkowe zdj\u0119cie z zaprzyja\u017anionym zespo\u0142em z Ma\u0142kini \u2013 ,,MA\u0141KINIANKA&#8221;.<\/p>\n<p><a href=\"http:\/\/info.sadowne.pl\/wp-content\/uploads\/2023\/05\/sad823.jpg\"><img loading=\"lazy\" decoding=\"async\" class=\"alignleft size-full wp-image-27627\" src=\"http:\/\/info.sadowne.pl\/wp-content\/uploads\/2023\/05\/sad823.jpg\" alt=\"\" width=\"260\" height=\"275\" \/><\/a><\/p>\n<p><a href=\"http:\/\/info.sadowne.pl\/wp-content\/uploads\/2023\/05\/sad824.jpg\"><img loading=\"lazy\" decoding=\"async\" class=\"alignright  wp-image-27628\" src=\"http:\/\/info.sadowne.pl\/wp-content\/uploads\/2023\/05\/sad824.jpg\" alt=\"\" width=\"261\" height=\"227\" \/><\/a><\/p>\n<p>&nbsp;<\/p>\n<p>&nbsp;<\/p>\n<p>&nbsp;<\/p>\n<p>&nbsp;<\/p>\n<p>&nbsp;<\/p>\n<p>&nbsp;<\/p>\n<p>&nbsp;<\/p>\n<p>&nbsp;<\/p>\n<p style=\"text-align: center;\">Reprezentuj\u0105cy Samorz\u0105d Powiatu W\u0119growskiego Wicestarosta <strong>Marek Renik <\/strong>pogratulowa\u0142 cz\u0142onkom zespo\u0142u dotychczasowych osi\u0105gni\u0119\u0107 i sukces\u00f3w, przekazuj\u0105c okoliczno\u015bciowy list gratulacyjny i kosz upominkowy.<\/p>\n<h3 style=\"text-align: center;\"><strong>Z\u0141OTKI<\/strong><\/h3>\n<h3 style=\"text-align: center;\"><em><span style=\"color: #ff0000;\">18 sierpnia 2019<\/span><\/em><\/h3>\n<p><a href=\"http:\/\/info.sadowne.pl\/wp-content\/uploads\/2023\/05\/sad825.jpg\"><img loading=\"lazy\" decoding=\"async\" class=\"aligncenter size-full wp-image-27629\" src=\"http:\/\/info.sadowne.pl\/wp-content\/uploads\/2023\/05\/sad825.jpg\" alt=\"\" width=\"545\" height=\"41\" srcset=\"https:\/\/info.sadowne.pl\/wp-content\/uploads\/2023\/05\/sad825.jpg 545w, https:\/\/info.sadowne.pl\/wp-content\/uploads\/2023\/05\/sad825-300x23.jpg 300w\" sizes=\"auto, (max-width: 545px) 100vw, 545px\" \/><\/a><\/p>\n<p style=\"text-align: center;\">Kolejny raz <span style=\"color: #0000ff;\"><strong>Zesp\u00f3\u0142 SADOWIANKI<\/strong><\/span><\/p>\n<p style=\"text-align: center;\">zosta\u0142 zaproszony na piknik rodzinny do Z\u0142otek, aby tam u\u015bwietni\u0107 organizowan\u0105 przez so\u0142ectwo imprez\u0119, kt\u00f3ra rozpocz\u0119\u0142a si\u0119 o godz. 18.00.<\/p>\n<p style=\"text-align: center;\"><span style=\"color: #3366ff;\"><strong>Repertuar zespo\u0142u:<\/strong><\/span><\/p>\n<p style=\"text-align: center;\"><strong>1. Hej ode wsi do miasta <span style=\"color: #ff0000;\">C<\/span><\/strong><\/p>\n<p style=\"text-align: center;\"><strong>2. Podlaska wie\u015b <span style=\"color: #ff0000;\">a-moll<\/span><\/strong><\/p>\n<p style=\"text-align: center;\"><strong>3. Na zielonym polu <span style=\"color: #ff0000;\">B<\/span><\/strong><\/p>\n<p style=\"text-align: center;\"><strong>4. U jeziora zimna woda <span style=\"color: #ff0000;\">D<\/span><\/strong><\/p>\n<p style=\"text-align: center;\"><strong>5. Moja mi\u0142a kochaneczko <span style=\"color: #ff0000;\">C<\/span><\/strong><\/p>\n<p style=\"text-align: center;\"><strong>6. Hej, z g\u00f3ry, z g\u00f3ry <span style=\"color: #ff0000;\">C<\/span><\/strong><\/p>\n<p style=\"text-align: center;\"><strong>7. Oj, zagraj mi muzyko <span style=\"color: #ff0000;\">D<\/span><\/strong><\/p>\n<p style=\"text-align: center;\"><strong>8. Ta\u0144cowa\u0142 Kuba w sieni <span style=\"color: #ff0000;\">F<\/span><\/strong><\/p>\n<p style=\"text-align: center;\"><strong>9. Ach, jak dobrze <span style=\"color: #ff0000;\">G<\/span><\/strong><\/p>\n<p style=\"text-align: center;\"><strong>10. \u015awieci ksi\u0119\u017cyc na b\u0142\u0119kicie\u00a0 <span style=\"color: #ff0000;\">F<\/span><\/strong><\/p>\n<p style=\"text-align: center;\"><strong>11. Zagrajcie mi skrzypce\u00a0 <span style=\"color: #ff0000;\">g-moll, d-moll<\/span><\/strong><\/p>\n<p style=\"text-align: center;\"><strong>12. Gdybym by\u0142a tak m\u0142oda\u00a0 <span style=\"color: #ff0000;\">C<\/span><\/strong><\/p>\n<p style=\"text-align: center;\"><strong>13. Trzymajmy si\u0119 za r\u0119ce <span style=\"color: #ff0000;\">C<\/span><\/strong><\/p>\n<p><strong><span style=\"color: #3366ff;\">Jak si\u0119 okaza\u0142o, piosenek nie wystarczy\u0142o, poniewa\u017c wszyscy pi\u0119knie bawili si\u0119, ale przecie\u017c my zawsze mamy co\u015b w tak zwanym zanadrzu. Nasz repertuar jest bogaty, wi\u0119c za\u015bpiewali\u015bmy jeszcze:<\/span><\/strong><\/p>\n<p style=\"text-align: center;\"><strong>14. Klucz do serca\u00a0 <span style=\"color: #ff0000;\">D<\/span><\/strong><\/p>\n<p style=\"text-align: center;\"><strong>15. Kukuryku\u00a0 <span style=\"color: #ff0000;\">A<\/span><\/strong><\/p>\n<p style=\"text-align: center;\"><strong>16. Bezsenno\u015b\u0107 \u2013 <span style=\"color: #ff0000;\">monolog<\/span><\/strong><\/p>\n<p style=\"text-align: center;\"><strong>17. Nie chcia\u0142a mu da\u0107\u00a0 <span style=\"color: #ff0000;\">d-moll<\/span><\/strong><\/p>\n<p style=\"text-align: center;\"><strong>18. Za las ch\u0142opcy za las\u00a0 <span style=\"color: #ff0000;\">F<\/span><\/strong><\/p>\n<h3 style=\"text-align: center;\"><span style=\"color: #000000;\"><strong>SZUMOWO<\/strong><\/span><\/h3>\n<h3 style=\"text-align: center;\"><span style=\"color: #ff0000;\"><em><strong>31 sierpnia 2019 roku<\/strong><\/em><\/span><\/h3>\n<p><strong> <a href=\"http:\/\/info.sadowne.pl\/wp-content\/uploads\/2023\/05\/sad826.jpg\"><img loading=\"lazy\" decoding=\"async\" class=\"aligncenter size-full wp-image-27630\" src=\"http:\/\/info.sadowne.pl\/wp-content\/uploads\/2023\/05\/sad826.jpg\" alt=\"\" width=\"479\" height=\"72\" srcset=\"https:\/\/info.sadowne.pl\/wp-content\/uploads\/2023\/05\/sad826.jpg 479w, https:\/\/info.sadowne.pl\/wp-content\/uploads\/2023\/05\/sad826-300x45.jpg 300w\" sizes=\"auto, (max-width: 479px) 100vw, 479px\" \/><\/a><\/strong><\/p>\n<p><strong>\u00a0<\/strong><\/p>\n<p><strong>\u00a0<\/strong><\/p>\n<p style=\"text-align: center;\"><strong>Zesp\u00f3\u0142 Sadowianki <\/strong><\/p>\n<p style=\"text-align: center;\"><strong>zosta\u0142 wyszukany w Internecie przez organizatora i zarazem wodzireja do\u017cynek, a nast\u0119pnie zaproszony do Szumowa, aby poprowadzi\u0107 wiejski obrz\u0119d do\u017cynkowy.<\/strong><\/p>\n<p style=\"text-align: center;\">Po obrz\u0119dzie i cz\u0119\u015bci oficjalnej<\/p>\n<p style=\"text-align: center;\"><strong>SADOWIANKI <\/strong><\/p>\n<p style=\"text-align: center;\">da\u0142y popisowy koncert swojego repertuaru, kt\u00f3ry nagrodzony zosta\u0142 gromkimi brawami.<\/p>\n<p><strong> <a href=\"http:\/\/info.sadowne.pl\/wp-content\/uploads\/2023\/05\/sad827.jpg\"><img loading=\"lazy\" decoding=\"async\" class=\"aligncenter size-full wp-image-27631\" src=\"http:\/\/info.sadowne.pl\/wp-content\/uploads\/2023\/05\/sad827.jpg\" alt=\"\" width=\"603\" height=\"457\" srcset=\"https:\/\/info.sadowne.pl\/wp-content\/uploads\/2023\/05\/sad827.jpg 603w, https:\/\/info.sadowne.pl\/wp-content\/uploads\/2023\/05\/sad827-300x227.jpg 300w\" sizes=\"auto, (max-width: 603px) 100vw, 603px\" \/><\/a><\/strong><\/p>\n<p style=\"text-align: center;\">SADOWIANKI w SZUMOWIE.<strong>\u00a0<\/strong><\/p>\n<h3 style=\"text-align: center;\"><strong>PROSTY\u0143<\/strong><\/h3>\n<h3 style=\"text-align: center;\"><em><span style=\"color: #99cc00;\"><strong>Do\u017cynki Gminno \u2013 Parafialne<\/strong><strong>\u00a0 <\/strong><\/span><\/em><\/h3>\n<h3 style=\"text-align: center;\"><em><span style=\"color: #99cc00;\"><strong>08.09.2019 roku<\/strong><\/span><\/em><\/h3>\n<p><strong> <a href=\"http:\/\/info.sadowne.pl\/wp-content\/uploads\/2023\/05\/sad828.jpg\"><img loading=\"lazy\" decoding=\"async\" class=\"aligncenter size-full wp-image-27632\" src=\"http:\/\/info.sadowne.pl\/wp-content\/uploads\/2023\/05\/sad828.jpg\" alt=\"\" width=\"603\" height=\"834\" srcset=\"https:\/\/info.sadowne.pl\/wp-content\/uploads\/2023\/05\/sad828.jpg 603w, https:\/\/info.sadowne.pl\/wp-content\/uploads\/2023\/05\/sad828-217x300.jpg 217w\" sizes=\"auto, (max-width: 603px) 100vw, 603px\" \/><\/a><\/strong><\/p>\n<p><strong>\u00a0<\/strong><\/p>\n<h3 style=\"text-align: center;\"><strong>\u00a0<\/strong><strong>RUCHNA<\/strong><\/h3>\n<h3 style=\"text-align: center;\"><em><span style=\"color: #ff0000;\"><strong>4 pa\u017adziernika 2019 roku<\/strong><\/span><\/em><\/h3>\n<p><strong> <a href=\"http:\/\/info.sadowne.pl\/wp-content\/uploads\/2023\/05\/sad829.jpg\"><img loading=\"lazy\" decoding=\"async\" class=\"aligncenter size-full wp-image-27633\" src=\"http:\/\/info.sadowne.pl\/wp-content\/uploads\/2023\/05\/sad829.jpg\" alt=\"\" width=\"392\" height=\"79\" srcset=\"https:\/\/info.sadowne.pl\/wp-content\/uploads\/2023\/05\/sad829.jpg 392w, https:\/\/info.sadowne.pl\/wp-content\/uploads\/2023\/05\/sad829-300x60.jpg 300w\" sizes=\"auto, (max-width: 392px) 100vw, 392px\" \/><\/a><\/strong><\/p>\n<p style=\"text-align: center;\"><strong>By\u0142a premier,<\/strong><\/p>\n<p style=\"text-align: center;\"><strong>a obecnie pos\u0142anka do Parlamentu Europejskiego, <\/strong><\/p>\n<p style=\"text-align: center;\"><strong>pani Beata Szyd\u0142o <\/strong><\/p>\n<p style=\"text-align: center;\"><strong>przyjecha\u0142a 4 pa\u017adziernika do Ruchny w gminie Liw. <\/strong><\/p>\n<p style=\"text-align: center;\"><strong>\u00a0<\/strong><\/p>\n<p style=\"text-align: center;\"><strong>Tu zwiedzi\u0142a pracowni\u0119 tkack\u0105 ludowej artystki Ma\u0142gorzaty Pep\u0142owskiej.<\/strong><\/p>\n<p><strong> <a href=\"http:\/\/info.sadowne.pl\/wp-content\/uploads\/2023\/05\/sad830.jpg\"><img loading=\"lazy\" decoding=\"async\" class=\"aligncenter size-full wp-image-27634\" src=\"http:\/\/info.sadowne.pl\/wp-content\/uploads\/2023\/05\/sad830.jpg\" alt=\"\" width=\"606\" height=\"454\" srcset=\"https:\/\/info.sadowne.pl\/wp-content\/uploads\/2023\/05\/sad830.jpg 606w, https:\/\/info.sadowne.pl\/wp-content\/uploads\/2023\/05\/sad830-300x225.jpg 300w\" sizes=\"auto, (max-width: 606px) 100vw, 606px\" \/><\/a><\/strong><\/p>\n<p style=\"text-align: center;\">p. Beata Szyd\u0142o, p. Maria Koc, p. El\u017cbieta Rafalska<\/p>\n<p>&nbsp;<\/p>\n<p><strong>P. <\/strong><strong>Beata Szyd\u0142o <\/strong>przyjecha\u0142a do Ruchny \u201ePiS-busem\u201d. Towarzyszyli jej m.in.: europos\u0142anka PiS <strong>El\u017cbieta Rafalska <\/strong>oraz pose\u0142\u00a0PiS <strong>Daniel Milewski<\/strong>.<\/p>\n<p>Tu\u017c przed pani\u0105 premier przyjecha\u0142 wicewojewoda mazowiecki <strong>Sylwester D\u0105browski<\/strong>.<\/p>\n<p>Go\u015bci witali:<\/p>\n<p>Wicemarsza\u0142ek Senatu\u00a0<strong>Maria Koc<\/strong>, starosta w\u0119growska\u00a0<strong>Ewa Besztak<\/strong>, wicestarosta\u00a0<strong>Marek Renik<\/strong>, w\u00f3jt gminy Liw\u00a0<strong>Bogus\u0142aw Szyma\u0144ski<\/strong>, burmistrz \u0141ochowa\u00a0<strong>Robert Go\u0142aszewski<\/strong>, w\u00f3jt Wierzbna\u00a0<strong>Emil W\u0105sowski<\/strong>, szefowa siedleckiej delegatury Mazowieckiego Urz\u0119du Wojew\u00f3dzkiego\u00a0<strong>Anna Kaszuba<\/strong>\u00a0oraz radny Sejmiku Mazowieckiego\u00a0<strong>Maciej G\u00f3rski<\/strong>.<\/p>\n<p><a href=\"http:\/\/info.sadowne.pl\/wp-content\/uploads\/2023\/05\/sad831.jpg\"><img loading=\"lazy\" decoding=\"async\" class=\"aligncenter size-full wp-image-27635\" src=\"http:\/\/info.sadowne.pl\/wp-content\/uploads\/2023\/05\/sad831.jpg\" alt=\"\" width=\"606\" height=\"350\" srcset=\"https:\/\/info.sadowne.pl\/wp-content\/uploads\/2023\/05\/sad831.jpg 606w, https:\/\/info.sadowne.pl\/wp-content\/uploads\/2023\/05\/sad831-300x173.jpg 300w\" sizes=\"auto, (max-width: 606px) 100vw, 606px\" \/><\/a><\/p>\n<p style=\"text-align: center;\">Na powitanie skoczn\u0105 piosenk\u0119 za\u015bpiewa\u0142y panie z zespo\u0142u \u201eSadowianki\u201d.<\/p>\n<p><a href=\"http:\/\/info.sadowne.pl\/wp-content\/uploads\/2023\/05\/sad832.jpg\"><img loading=\"lazy\" decoding=\"async\" class=\"aligncenter size-full wp-image-27636\" src=\"http:\/\/info.sadowne.pl\/wp-content\/uploads\/2023\/05\/sad832.jpg\" alt=\"\" width=\"447\" height=\"380\" srcset=\"https:\/\/info.sadowne.pl\/wp-content\/uploads\/2023\/05\/sad832.jpg 447w, https:\/\/info.sadowne.pl\/wp-content\/uploads\/2023\/05\/sad832-300x255.jpg 300w\" sizes=\"auto, (max-width: 447px) 100vw, 447px\" \/><\/a><\/p>\n<p style=\"text-align: center;\">Wicestarosta\u00a0p. <strong>Marek Renik.<\/strong><\/p>\n<p>Po pracowni tkackiej pani\u0105 premier i towarzysz\u0105ce jej osoby oprowadza\u0142a p. <strong>Ma\u0142gorzata Pep\u0142owska<\/strong>.<\/p>\n<p><a href=\"http:\/\/info.sadowne.pl\/wp-content\/uploads\/2023\/05\/sad833.jpg\"><img loading=\"lazy\" decoding=\"async\" class=\"aligncenter size-full wp-image-27637\" src=\"http:\/\/info.sadowne.pl\/wp-content\/uploads\/2023\/05\/sad833.jpg\" alt=\"\" width=\"606\" height=\"411\" srcset=\"https:\/\/info.sadowne.pl\/wp-content\/uploads\/2023\/05\/sad833.jpg 606w, https:\/\/info.sadowne.pl\/wp-content\/uploads\/2023\/05\/sad833-300x203.jpg 300w\" sizes=\"auto, (max-width: 606px) 100vw, 606px\" \/><\/a><\/p>\n<p>Artystka opowiada\u0142a, jak powstaj\u0105 jej prace, zw\u0142aszcza tkaniny dwuosnowowe, kt\u00f3re s\u0105 prawdziwymi arcydzie\u0142ami. Zaprezentowa\u0142a te\u017c, jak tka si\u0119 tkanin\u0119 na kro\u015bnie. P. <strong>Beata Szyd\u0142o<\/strong> przygl\u0105da\u0142a si\u0119 pracy tkaczki i s\u0142ucha\u0142a jej w skupieniu. Na koniec wizyty pani premier wpisa\u0142a si\u0119 do ksi\u0119gi pami\u0105tkowej. W podzi\u0119kowaniu za odwiedziny artystka podarowa\u0142a p. <strong>Beacie Szyd\u0142o<\/strong> wycinank\u0119 z op\u0142atka, maki z krepiny i koszyczek papierowych stokrotek.<\/p>\n<p>Na dworze pani premier zatrzyma\u0142a si\u0119 przy <strong>SADOWIANKACH, <\/strong>s\u0142uchaj\u0105c przekazu skierowanego do niej za pomoc\u0105 tekstu piosenki.<\/p>\n<p><a href=\"http:\/\/info.sadowne.pl\/wp-content\/uploads\/2023\/05\/sad834.jpg\"><img loading=\"lazy\" decoding=\"async\" class=\"aligncenter size-full wp-image-27638\" src=\"http:\/\/info.sadowne.pl\/wp-content\/uploads\/2023\/05\/sad834.jpg\" alt=\"\" width=\"603\" height=\"347\" srcset=\"https:\/\/info.sadowne.pl\/wp-content\/uploads\/2023\/05\/sad834.jpg 603w, https:\/\/info.sadowne.pl\/wp-content\/uploads\/2023\/05\/sad834-300x173.jpg 300w\" sizes=\"auto, (max-width: 603px) 100vw, 603px\" \/><\/a><\/p>\n<p><a href=\"http:\/\/info.sadowne.pl\/wp-content\/uploads\/2023\/05\/sad835.jpg\"><img loading=\"lazy\" decoding=\"async\" class=\"aligncenter size-full wp-image-27639\" src=\"http:\/\/info.sadowne.pl\/wp-content\/uploads\/2023\/05\/sad835.jpg\" alt=\"\" width=\"603\" height=\"452\" srcset=\"https:\/\/info.sadowne.pl\/wp-content\/uploads\/2023\/05\/sad835.jpg 603w, https:\/\/info.sadowne.pl\/wp-content\/uploads\/2023\/05\/sad835-300x225.jpg 300w\" sizes=\"auto, (max-width: 603px) 100vw, 603px\" \/><\/a><\/p>\n<p style=\"text-align: center;\">P. El\u017cbieta Rafalska, p. Maria Koc, p. Beata Szyd\u0142o, p. Marek Renik i Zesp\u00f3\u0142 \u015apiewaczy SADOWIANKI.<\/p>\n<p><strong> <a href=\"http:\/\/info.sadowne.pl\/wp-content\/uploads\/2023\/05\/sad836.jpg\"><img loading=\"lazy\" decoding=\"async\" class=\"aligncenter size-full wp-image-27640\" src=\"http:\/\/info.sadowne.pl\/wp-content\/uploads\/2023\/05\/sad836.jpg\" alt=\"\" width=\"601\" height=\"332\" srcset=\"https:\/\/info.sadowne.pl\/wp-content\/uploads\/2023\/05\/sad836.jpg 601w, https:\/\/info.sadowne.pl\/wp-content\/uploads\/2023\/05\/sad836-300x166.jpg 300w\" sizes=\"auto, (max-width: 601px) 100vw, 601px\" \/><\/a><\/strong><\/p>\n<p style=\"text-align: center;\">Zdj\u0119cie z p. Ma\u0142gorzat\u0105 Pep\u0142owsk\u0105.<\/p>\n<p><a href=\"http:\/\/info.sadowne.pl\/wp-content\/uploads\/2023\/05\/sad837.jpg\"><img loading=\"lazy\" decoding=\"async\" class=\"aligncenter size-full wp-image-27641\" src=\"http:\/\/info.sadowne.pl\/wp-content\/uploads\/2023\/05\/sad837.jpg\" alt=\"\" width=\"604\" height=\"278\" srcset=\"https:\/\/info.sadowne.pl\/wp-content\/uploads\/2023\/05\/sad837.jpg 604w, https:\/\/info.sadowne.pl\/wp-content\/uploads\/2023\/05\/sad837-300x138.jpg 300w\" sizes=\"auto, (max-width: 604px) 100vw, 604px\" \/><\/a><\/p>\n<p style=\"text-align: center;\">Przy kolejnej piosence &#8211; <strong>,,Trzymajmy si\u0119 za r\u0119ce\u201d<\/strong> pl\u0105sali ju\u017c wszyscy przyjezdni go\u015bcie razem z <strong>Sadowiankami<\/strong> i zebranymi mieszka\u0144cami Ruchny.<\/p>\n<p><strong> <a href=\"http:\/\/info.sadowne.pl\/wp-content\/uploads\/2023\/05\/sad838.jpg\"><img loading=\"lazy\" decoding=\"async\" class=\"aligncenter size-full wp-image-27642\" src=\"http:\/\/info.sadowne.pl\/wp-content\/uploads\/2023\/05\/sad838.jpg\" alt=\"\" width=\"604\" height=\"452\" srcset=\"https:\/\/info.sadowne.pl\/wp-content\/uploads\/2023\/05\/sad838.jpg 604w, https:\/\/info.sadowne.pl\/wp-content\/uploads\/2023\/05\/sad838-300x225.jpg 300w\" sizes=\"auto, (max-width: 604px) 100vw, 604px\" \/><\/a><\/strong><\/p>\n<p style=\"text-align: center;\">P. Ma\u0142gorzata Pep\u0142owska dzi\u0119kuje za odwiedziny pani premier Beacie Szyd\u0142o.<\/p>\n<p style=\"text-align: center;\"><strong>Szanowni Go\u015bcie <\/strong><\/p>\n<p style=\"text-align: center;\"><strong>w podzi\u0119kowaniu za przybycie otrzymali pi\u0119kne bukiety <\/strong><\/p>\n<p style=\"text-align: center;\"><strong>z kolorowych kwiat\u00f3w.<\/strong><\/p>\n<h3 style=\"text-align: center;\"><span style=\"color: #0000ff;\"><strong>W\u0118GR\u00d3W<\/strong><\/span><\/h3>\n<h3 style=\"text-align: center;\"><em><span style=\"color: #ff0000;\"><strong>BARWY \u00a0\u00a0JESIENI<\/strong><\/span><\/em><\/h3>\n<h3 style=\"text-align: center;\"><em><span style=\"color: #ff0000;\"><strong>19 Pa\u017adziernika 2019 roku<\/strong><\/span><\/em><\/h3>\n<p>Przegl\u0105d \u201eW\u0119growskie Barwy Jesieni\u201d sta\u0142 si\u0119 w\u0119growsk\u0105 tradycj\u0105, skupiaj\u0105c\u0105 wok\u00f3\u0142 siebie grono otwartych, tw\u00f3rczych ludzi. Za ich obecno\u015b\u0107, rado\u015b\u0107 i niezwyk\u0142\u0105 energi\u0119 podzi\u0119kowa\u0142 Leszek Redosz Zast\u0119pca Burmistrza. Podkre\u015bli\u0142, \u017ce ich zaanga\u017cowanie powinno by\u0107 przyk\u0142adem, jak powinno korzysta\u0107 si\u0119 z \u017cycia.<\/p>\n<p><strong> <a href=\"http:\/\/info.sadowne.pl\/wp-content\/uploads\/2023\/05\/sad839.jpg\"><img loading=\"lazy\" decoding=\"async\" class=\"aligncenter size-full wp-image-27643\" src=\"http:\/\/info.sadowne.pl\/wp-content\/uploads\/2023\/05\/sad839.jpg\" alt=\"\" width=\"603\" height=\"278\" srcset=\"https:\/\/info.sadowne.pl\/wp-content\/uploads\/2023\/05\/sad839.jpg 603w, https:\/\/info.sadowne.pl\/wp-content\/uploads\/2023\/05\/sad839-300x138.jpg 300w\" sizes=\"auto, (max-width: 603px) 100vw, 603px\" \/><\/a><\/strong><\/p>\n<p style=\"text-align: center;\">Zesp\u00f3\u0142 \u015apiewaczy SADOWIANKI w W\u0119growie.<\/p>\n<p><strong> <a href=\"http:\/\/info.sadowne.pl\/wp-content\/uploads\/2023\/05\/sad840.jpg\"><img loading=\"lazy\" decoding=\"async\" class=\"aligncenter size-full wp-image-27644\" src=\"http:\/\/info.sadowne.pl\/wp-content\/uploads\/2023\/05\/sad840.jpg\" alt=\"\" width=\"602\" height=\"401\" srcset=\"https:\/\/info.sadowne.pl\/wp-content\/uploads\/2023\/05\/sad840.jpg 602w, https:\/\/info.sadowne.pl\/wp-content\/uploads\/2023\/05\/sad840-300x200.jpg 300w\" sizes=\"auto, (max-width: 602px) 100vw, 602px\" \/><\/a><\/strong><\/p>\n<p><strong>\u00a0<\/strong><strong>\u0179r\u00f3d\u0142o:<\/strong> SADOWIANKI, Barbara Wr\u00f3bel, Sadowne 2023<\/p>\n","protected":false},"excerpt":{"rendered":"<p>SADOWNE &#8211; 15 sierpnia 2019 roku.<\/p>\n","protected":false},"author":1,"featured_media":0,"comment_status":"closed","ping_status":"closed","sticky":false,"template":"","format":"standard","meta":{"footnotes":""},"categories":[5,31,1202],"tags":[3943,1218,101,960],"class_list":["post-27612","post","type-post","status-publish","format-standard","hentry","category-newsy","category-historia-gminy","category-zespol-spiewaczy-sadowianki","tag-50-lat-zespolu-spiewaczego-sadowianki","tag-barbara-wrobel","tag-historia-gminy-sadowne","tag-zespol-spiewaczy-sadowianki"],"views":1847,"_links":{"self":[{"href":"https:\/\/info.sadowne.pl\/index.php?rest_route=\/wp\/v2\/posts\/27612","targetHints":{"allow":["GET"]}}],"collection":[{"href":"https:\/\/info.sadowne.pl\/index.php?rest_route=\/wp\/v2\/posts"}],"about":[{"href":"https:\/\/info.sadowne.pl\/index.php?rest_route=\/wp\/v2\/types\/post"}],"author":[{"embeddable":true,"href":"https:\/\/info.sadowne.pl\/index.php?rest_route=\/wp\/v2\/users\/1"}],"replies":[{"embeddable":true,"href":"https:\/\/info.sadowne.pl\/index.php?rest_route=%2Fwp%2Fv2%2Fcomments&post=27612"}],"version-history":[{"count":1,"href":"https:\/\/info.sadowne.pl\/index.php?rest_route=\/wp\/v2\/posts\/27612\/revisions"}],"predecessor-version":[{"id":27645,"href":"https:\/\/info.sadowne.pl\/index.php?rest_route=\/wp\/v2\/posts\/27612\/revisions\/27645"}],"wp:attachment":[{"href":"https:\/\/info.sadowne.pl\/index.php?rest_route=%2Fwp%2Fv2%2Fmedia&parent=27612"}],"wp:term":[{"taxonomy":"category","embeddable":true,"href":"https:\/\/info.sadowne.pl\/index.php?rest_route=%2Fwp%2Fv2%2Fcategories&post=27612"},{"taxonomy":"post_tag","embeddable":true,"href":"https:\/\/info.sadowne.pl\/index.php?rest_route=%2Fwp%2Fv2%2Ftags&post=27612"}],"curies":[{"name":"wp","href":"https:\/\/api.w.org\/{rel}","templated":true}]}}